{"id":294060,"date":"2025-12-18T07:04:15","date_gmt":"2025-12-18T07:04:15","guid":{"rendered":"https:\/\/www.europesays.com\/es\/294060\/"},"modified":"2025-12-18T07:04:15","modified_gmt":"2025-12-18T07:04:15","slug":"los-secretos-de-la-racha-mas-increible-del-barca-de-xavi-pascual","status":"publish","type":"post","link":"https:\/\/www.europesays.com\/es\/294060\/","title":{"rendered":"Los secretos de la racha m\u00e1s incre\u00edble del Bar\u00e7a de Xavi Pascual"},"content":{"rendered":"<p class=\"ft-text\"><strong>El Bar\u00e7a ha recuperado la alegr\u00eda y las buenas sensaciones de manera pr\u00e1cticamente milagrosa<\/strong> <a class=\"ft-link ft-link--decoration\" href=\"https:\/\/www.sport.es\/es\/noticias\/barca\/baloncesto\/oficial-xavi-pascual-nuevo-entrenador-123670769\" rel=\"nofollow noopener\" target=\"_blank\">coincidiendo con la llegada al banquillo de Xavi Pascual<\/a> en sustituci\u00f3n de Joan Pe\u00f1arroya con la doble sensaci\u00f3n de que el nuevo t\u00e9cnico ha dado con la tecla de inmediato y de que quiz\u00e1 todos bajaron los brazos cuando entendieron que la &#8216;era Pe\u00f1arroya&#8217; estaba amortizada.<\/p>\n<p class=\"ft-text\">Cuesta entender c\u00f3mo <a class=\"ft-link ft-link--decoration\" href=\"https:\/\/www.sport.es\/es\/noticias\/barca\/baloncesto\/barca-descarrila-joventut-queda-lliga-121763396\" rel=\"nofollow noopener\" target=\"_blank\">el Bar\u00e7a que perdi\u00f3 la final de la Lliga Catalana contra la Penya (80-81)<\/a> y que presentaba un balance de dos victorias y cuatro derrotas en la Liga Endesa m\u00e1s un 5-4 favorable en la Euroliga <strong>haya ganado los \u00faltimos siete partidos en una racha casi inmaculada con el nuevo t\u00e9cnico<\/strong>.<\/p>\n<p class=\"ft-text\">El mismo equipo que hac\u00eda aguas en defensa una y otra vez o que mostraba una irregularidad inexplicable dentro de los mismos partidos o incluso en el mismo cuarto brilla ahora por su trabajo sin bal\u00f3n y se permite el lujo de <a class=\"ft-link ft-link--decoration\" href=\"https:\/\/www.sport.es\/es\/noticias\/barca\/baloncesto\/barca-vuelve-dar-festival-arrasar-124863777\" rel=\"nofollow noopener\" target=\"_blank\">dejar en 69 puntos al Paris Basketball, el mejor ataque del torneo<\/a>.<\/p>\n<p><img decoding=\"async\" src=\"https:\/\/www.europesays.com\/es\/wp-content\/uploads\/2025\/12\/1c95e62f-c7c1-4556-8f76-3a8550faec5d_alta-libre-aspect-ratio_default_0.jpg\" width=\"1200\" height=\"675\" alt=\"Xavi Pascual ha relanzado al Bar\u00e7a\" class=\"ft-helper-img-rd\" loading=\"lazy\"\/><\/p>\n<p class=\"ft-helper-fontColor-quaternary ft-helper-fontSize-body-S ft-helper-spacer-t-xxs\">Xavi Pascual ha relanzado al Bar\u00e7a  \/ EFE<\/p>\n<p class=\"ft-text\">Tras perder <a class=\"ft-link ft-link--decoration\" href=\"https:\/\/www.sport.es\/es\/noticias\/barca\/baloncesto\/anadolu-efes-barca-directo-euroliga-online-vivo-123946880\" rel=\"nofollow noopener\" target=\"_blank\">en la pista del Anadolu por 74-73 con una falta inexistente clave sobre la bocina<\/a>, el Bar\u00e7a ha ganado cuatro partidos de Euroliga (88-78 al ASVEL, 79-89 al Estrella Roja, 98-85 a Olympiacos y 69-85 al Paris Basketball) y tres de Liga Endesa (61-72 al &#8216;Granca&#8217;, 102-71 al MoraBanc Andorra y 62-89 al BAXI Manresa). <strong>Pero&#8230; analicemos las causas de este cambio radical<\/strong>.<\/p>\n<p>El trabajo de Oscar Orellana<\/p>\n<p class=\"ft-text\">La dolorosa derrota por 96-78 en la pista del B\u00e0squet Girona el domingo 9 de noviembre deriv\u00f3 unas horas despu\u00e9s en la <strong>destituci\u00f3n de Joan Pe\u00f1arroya como t\u00e9cnico del primer equipo<\/strong>. El relevo de consenso era Xavi Pascual, pero el de Gav\u00e0 insist\u00eda en pedir refuerzos necesarios en las posiciones de base y de p\u00edvot y el acuerdo se dilat\u00f3 casi una semana.<\/p>\n<p class=\"ft-text\">El club tom\u00f3 la decisi\u00f3n de <a class=\"ft-link ft-link--decoration\" href=\"https:\/\/www.sport.es\/es\/noticias\/opinion\/gran-regalo-oscar-orellana-nuevo-123794443\" rel=\"nofollow noopener\" target=\"_blank\">nombrar como primer entrenador interino a \u00d3scar Orellana<\/a>, quien fue el segundo entrenador del Bar\u00e7a B durante los \u00faltimos cuatro a\u00f1os de Xavi Pascual en su primera etapa azulgrana (2012-16) y que llevaba nueve a\u00f1os en el cuerpo t\u00e9cnico del primer equipo.<\/p>\n<p><img decoding=\"async\" src=\"https:\/\/www.europesays.com\/es\/wp-content\/uploads\/2025\/12\/fffa3ae3-654c-4fbe-8db8-37977097d439_alta-libre-aspect-ratio_default_0.jpg\" width=\"1200\" height=\"675\" alt=\"\u00d3scar Orellana hizo un gran trabajo como 'puente'\" class=\"ft-helper-img-rd\" loading=\"lazy\"\/><\/p>\n<p class=\"ft-helper-fontColor-quaternary ft-helper-fontSize-body-S ft-helper-spacer-t-xxs\">\u00d3scar Orellana hizo un gran trabajo como &#8216;puente&#8217;  \/ DANI BARBEITO<\/p>\n<p class=\"ft-text\"><strong>El trabajo de Orellana ha sido fundamental para los frutos que se est\u00e1n recogiendo ahora<\/strong>, hasta el punto de que empez\u00f3 este cambio radical con tres victorias seguidas (74-75 al Bayern, 88-81 a la Virtus y 91-83 al Baskonia). Y lo m\u00e1s importante, que el ambiente en el equipo mejor\u00f3 y eso lo ha heredado un Pascual en cuyo cuerpo t\u00e9cnico contin\u00faa m\u00e1s que merecidamente.<\/p>\n<p>Mentalidad defensiva<\/p>\n<p class=\"ft-text\"><strong>Xavi Pascual es defensa por encima de cualquier otra consideraci\u00f3n<\/strong>. De hecho, <a class=\"ft-link ft-link--decoration\" href=\"https:\/\/www.sport.es\/es\/noticias\/baloncesto\/xavi-pascual-equipo-claro-camino-5828784\" rel=\"nofollow noopener\" target=\"_blank\">cuando sustituy\u00f3 a Dusko Ivanovic en febrero de 2008<\/a> tras las declaraciones del montenegrino sobre el nivel de un equipo que perdi\u00f3 los cuartos de la Copa del Rey contra el Bilbao Basket (70-69), dej\u00f3 a sus rivales de Euroliga en 64 puntos de media en los siguientes seis partidos.<\/p>\n<p class=\"ft-text\">Adem\u00e1s de alg\u00fan cambio en el pase de los bloqueos exteriores y de los sistemas de ataque, lo m\u00e1s importante es la mejor\u00eda en la intensidad que se ve traducida en una gran reducci\u00f3n en los puntos encajados. Los n\u00fameros no enga\u00f1an y el equipo que encaj\u00f3 una media de 87,2 puntos ligueros con Pe\u00f1arroya gan\u00f3 por 91-83 al Baskonia con Orellana y <strong>recibe 65 de media con Xavi Pascual<\/strong>.<\/p>\n<p><img decoding=\"async\" src=\"https:\/\/www.europesays.com\/es\/wp-content\/uploads\/2025\/12\/a524ec25-fe85-4162-b1ed-66d2e363227c_alta-libre-aspect-ratio_default_0.jpg\" width=\"1200\" height=\"675\" alt=\"Shengelia y Vesely defienden a Vezenkov\" class=\"ft-helper-img-rd\" loading=\"lazy\"\/><\/p>\n<p class=\"ft-helper-fontColor-quaternary ft-helper-fontSize-body-S ft-helper-spacer-t-xxs\">Shengelia y Vesely defienden a Vezenkov  \/ DANI BARBEITO<\/p>\n<p class=\"ft-text\">Esas cifras no var\u00edan demasiado en Euroliga, con 88 puntos recibidos con Joan Pe\u00f1arroya en el banquillo, 77,5 en las dos victorias de Orellana y 77,5 con el nuevo t\u00e9cnico. Ahora las ayudas son m\u00e1s efectivas, el balance defensivo es mejor y <strong>los rivales tienen m\u00e1s problemas en el tiro exterior<\/strong>.<\/p>\n<p>Motivaci\u00f3n<\/p>\n<p class=\"ft-text\"><strong>Xavi Pascual es un entrenador muy met\u00f3dico<\/strong>, quiz\u00e1 influido por <a class=\"ft-link ft-link--decoration\" href=\"https:\/\/www.sport.es\/es\/noticias\/baloncesto\/acb\/xavi-pascual-ingeniero-exito-843097\" rel=\"nofollow noopener\" target=\"_blank\">su titulaci\u00f3n como Ingeniero T\u00e9cnico Industrial por la Universitat Polit\u00e8cnica de Catalunya (UPC)<\/a>. De hecho, cuando lleg\u00f3 a la cantera del Bar\u00e7a estaba trabajando en esa especialidad en el Ayuntamiento de Viladecans.<\/p>\n<p><img decoding=\"async\" src=\"https:\/\/www.europesays.com\/es\/wp-content\/uploads\/2025\/12\/4471cd72-fb64-4562-95df-35485b3ae9ff_alta-libre-aspect-ratio_default_0.jpg\" width=\"1200\" height=\"675\" alt=\"Satoransky celebra una acci\u00f3n ante Olympiacos\" class=\"ft-helper-img-rd\" loading=\"lazy\"\/><\/p>\n<p class=\"ft-helper-fontColor-quaternary ft-helper-fontSize-body-S ft-helper-spacer-t-xxs\">Satoransky celebra una acci\u00f3n ante Olympiacos  \/ DANI BARBEITO<\/p>\n<p class=\"ft-text\">Sin embargo, sabe ser cercano con los jugadores cuando es necesario y la mejor prueba de ello fueron las caranto\u00f1as que realiz\u00f3 a Willy Hernang\u00f3mez en la recta final del partido de Par\u00eds en el que el madrile\u00f1o rindi\u00f3 a muy buen nivel. Es un hecho feaciente que <strong>ha sabido levantar el \u00e1nimo de un equipo<\/strong> que ya hab\u00eda rendido en los tres partidos a las \u00f3rdenes de Orellana.<\/p>\n<p class=\"ft-text\">Conseguir que <a class=\"ft-link ft-link--decoration\" href=\"https:\/\/www.sport.es\/es\/noticias\/barca\/baloncesto\/will-clyburn-mvp-insaciable-barca-124739517\" rel=\"nofollow noopener\" target=\"_blank\">un jugador de 35 a\u00f1os que lo ha ganado todo como Will Clyburn<\/a> se &#8216;mate&#8217; para regresar tras una p\u00e9rdida y provocar una falta en ataque no es tarea f\u00e1cil. Ni que el banquillo vibre como hac\u00eda tiempo que no hac\u00eda. O que <strong>casi todos los que entren se metan enseguida en el partido<\/strong>.<\/p>\n<p>Todos cuentan<\/p>\n<p class=\"ft-text\">El t\u00e9cnico catal\u00e1n analiz\u00f3 el equipo antes de dar el &#8216;s\u00ed&#8217; a un Joan Laporta que fue clave en su contrataci\u00f3n. Al igual que muchas voces a las que nos sumamos, <strong>el equipo necesita retoques<\/strong> y m\u00e1s a\u00fan desde la <a class=\"ft-link ft-link--decoration\" href=\"https:\/\/www.sport.es\/es\/noticias\/barca\/baloncesto\/barca-plantea-fichar-grave-lesion-122155155\" rel=\"nofollow noopener\" target=\"_blank\">nueva lesi\u00f3n que mantendr\u00e1 de baja a Juan N\u00fa\u00f1ez hasta la primavera<\/a>.<\/p>\n<p class=\"ft-text\">El problema es que no llegar\u00e1n refuerzos al menos hasta enero y tan solo si el club recibe el ansiado &#8216;uno-uno&#8217; de LaLiga. Xavi Pascual asumi\u00f3 ese problema a\u00f1adido y <strong>desde el primer d\u00eda se centr\u00f3 en ampliar la rotaci\u00f3n<\/strong> lo m\u00e1ximo posible con jugadores infrautilizados hasta el momento o potenciando el rendimiento de otros.<\/p>\n<p><img decoding=\"async\" src=\"https:\/\/www.europesays.com\/es\/wp-content\/uploads\/2025\/12\/6ee8a52e-bb1d-4967-8318-1b54091ee543_alta-libre-aspect-ratio_default_0.jpg\" width=\"1200\" height=\"675\" alt=\"Miles Norris vuelve a sentirse jugador\" class=\"ft-helper-img-rd\" loading=\"lazy\"\/><\/p>\n<p class=\"ft-helper-fontColor-quaternary ft-helper-fontSize-body-S ft-helper-spacer-t-xxs\">Miles Norris vuelve a sentirse jugador  \/ VALENT\u00cd ENRICH<\/p>\n<p class=\"ft-text\"><strong>Miles Norris ha jugado m\u00e1s las \u00faltimas semanas que en todo el curso<\/strong>, Youssoupha Fall est\u00e1 apareciendo con cierta regularidad, Dar\u00edo Brizuela empieza a ser el de la pasada temporada, Joel Parra est\u00e1 en el mejor momento de su carrera azulgrana y <a class=\"ft-link ft-link--decoration\" href=\"https:\/\/www.sport.es\/es\/noticias\/barca\/baloncesto\/willy-hernangomez-empieza-luchar-renovacion-124867464\" rel=\"nofollow noopener\" target=\"_blank\">un Willy Hernang\u00f3mez m\u00e1s estilizado y m\u00e1s r\u00e1pido piensa incluso en renovar<\/a>. El siguiente en dar un paso hacie el frente debe ser &#8216;Juani&#8217; Marcos.<\/p>\n<p>Trabajo f\u00edsico<\/p>\n<p class=\"ft-text\">Aunque tampoco ha tenido tiempo de ponerse de lleno en el apartado f\u00edsico del equipo (ni lo tendr\u00e1 por el calendario), <strong>Xavi Pascual tiene muy claro que en el baloncesto actual la condici\u00f3n f\u00edsica \u00edntimamente ligada a la actitud son casi tan importantes<\/strong> como meterlas desde fuera o tomar buenas decisiones en ataque y en defensa.<\/p>\n<p class=\"ft-text\">\u00bfDe qu\u00e9 sirve tener buenos porcentajes de tiro si no se generan posiciones? \u00bfO <strong>para qu\u00e9 vale anotar si en defensa se llega tarde y se reciben puntos<\/strong> sin soluci\u00f3n de continuidad? Ese objetivo de llegar antes que el rival en los cambios defensivos o en las ayudas y que la bola vaya m\u00e1s r\u00e1pida que la defensa son fundamentales.<\/p>\n<p><img decoding=\"async\" src=\"https:\/\/www.europesays.com\/es\/wp-content\/uploads\/2025\/12\/4b6aa826-d271-4538-b548-388d4bfee8f4_alta-libre-aspect-ratio_default_0.jpg\" width=\"1200\" height=\"675\" alt=\"Willy Hernang\u00f3mez es otro en todos los sentidos\" class=\"ft-helper-img-rd\" loading=\"lazy\"\/><\/p>\n<p class=\"ft-helper-fontColor-quaternary ft-helper-fontSize-body-S ft-helper-spacer-t-xxs\">Willy Hernang\u00f3mez es otro en todos los sentidos  \/ DANI BARBEITO<\/p>\n<p class=\"ft-text\"><strong>El equipo ha entendido desde el principio que ten\u00eda que dar uno o dos pasos adelante<\/strong> en este apartado para tratar de dar la vuelta a la situaci\u00f3n. El compromiso f\u00edsico del equipo es tal que <a class=\"ft-link ft-link--decoration\" href=\"https:\/\/www.sport.es\/es\/noticias\/barca\/baloncesto\/paris-basketball-barca-directo-online-vivo-124857271\" rel=\"nofollow noopener\" target=\"_blank\">el Paris Basketball tan solo anot\u00f3 69 puntos<\/a> pese a las bajas de N\u00fa\u00f1ez, Laprovittola, Vesely y Shengelia.<\/p>\n<p>Respeto mutuo y confianza<\/p>\n<p class=\"ft-text\">Uno de los aspectos que define a los equipos capaces de pelear por los t\u00edtulos y de conquistarlos es la relaci\u00f3n entre los jugadores y el entrenador. Ah\u00ed Xavi Pascual es un maestro. Tanto, que <strong>se gan\u00f3 el respeto del vestuario casi antes de dirigir <\/strong><a class=\"ft-link ft-link--decoration\" href=\"https:\/\/www.sport.es\/es\/videos\/barca\/baloncesto\/20251118\/sido-primer-entreno-xavi-pascual\/123860071.shtml\" rel=\"nofollow noopener\" target=\"_blank\">su primer entrenamiento el pasado 18 de noviembre en el Palau<\/a>.<\/p>\n<p><img decoding=\"async\" src=\"https:\/\/www.europesays.com\/es\/wp-content\/uploads\/2025\/12\/46e1ae4c-dc40-4801-96cb-5964551a2a6c_alta-libre-aspect-ratio_default_0.jpg\" width=\"1200\" height=\"675\" alt=\"La plantilla se cree a Xavi Pascual desde el primer d\u00eda\" class=\"ft-helper-img-rd\" loading=\"lazy\"\/><\/p>\n<p class=\"ft-helper-fontColor-quaternary ft-helper-fontSize-body-S ft-helper-spacer-t-xxs\">La plantilla se cree a Xavi Pascual desde el primer d\u00eda  \/ ACB PHOTO<\/p>\n<p class=\"ft-text\">Su reacci\u00f3n a la <a class=\"ft-link ft-link--decoration\" href=\"https:\/\/www.sport.es\/es\/noticias\/barca\/baloncesto\/barca-pascual-arranca-tropiezo-final-123950602\" rel=\"nofollow noopener\" target=\"_blank\">inmerecida derrota en Estambul ante el Anadolu<\/a> fue muy valorada por sus jugadores. El m\u00edster les traslad\u00f3 su satisfacci\u00f3n por el trabajo realizado y <strong>les dio la m\u00e1xima confianza para que sepan que pueden equivocarse<\/strong> si lo dan todo en la pista. Lo que no perdona el de Gav\u00e0 es el no querer, a imagen y semejanza de Javi Rodr\u00edguez en el f\u00fatbol sala.<\/p>\n<p class=\"ft-text\">Ver c\u00f3mo atienden los jugadores sus explicaciones en los tiempos muertos o c\u00f3mo tratan de plasmar sus instrucciones sobre la pista son dos claras muestras de c\u00f3mo ha ca\u00eddo de pie Xavi Pascual. Eso s\u00ed, <strong>el t\u00e9cnico del Bar\u00e7a no ha olvidado que necesita refuerzos<\/strong> e insistir\u00e1 pr\u00f3ximamente para que lleguen en enero.<\/p>\n","protected":false},"excerpt":{"rendered":"El Bar\u00e7a ha recuperado la alegr\u00eda y las buenas sensaciones de manera pr\u00e1cticamente milagrosa coincidiendo con la llegada&hellip;\n","protected":false},"author":2,"featured_media":294061,"comment_status":"","ping_status":"","sticky":false,"template":"","format":"standard","meta":{"footnotes":""},"categories":[269],"tags":[299,2296,298,168,25,24,833,665,23,167,4658],"class_list":{"0":"post-294060","1":"post","2":"type-post","3":"status-publish","4":"format-standard","5":"has-post-thumbnail","7":"category-baloncesto","8":"tag-baloncesto","9":"tag-barca","10":"tag-basketball","11":"tag-deportes","12":"tag-es","13":"tag-espana","14":"tag-euroliga","15":"tag-liga-endesa","16":"tag-spain","17":"tag-sports","18":"tag-xavi-pascual"},"share_on_mastodon":{"url":"https:\/\/pubeurope.com\/@es\/115739300339273722","error":""},"_links":{"self":[{"href":"https:\/\/www.europesays.com\/es\/wp-json\/wp\/v2\/posts\/294060","targetHints":{"allow":["GET"]}}],"collection":[{"href":"https:\/\/www.europesays.com\/es\/wp-json\/wp\/v2\/posts"}],"about":[{"href":"https:\/\/www.europesays.com\/es\/wp-json\/wp\/v2\/types\/post"}],"author":[{"embeddable":true,"href":"https:\/\/www.europesays.com\/es\/wp-json\/wp\/v2\/users\/2"}],"replies":[{"embeddable":true,"href":"https:\/\/www.europesays.com\/es\/wp-json\/wp\/v2\/comments?post=294060"}],"version-history":[{"count":0,"href":"https:\/\/www.europesays.com\/es\/wp-json\/wp\/v2\/posts\/294060\/revisions"}],"wp:featuredmedia":[{"embeddable":true,"href":"https:\/\/www.europesays.com\/es\/wp-json\/wp\/v2\/media\/294061"}],"wp:attachment":[{"href":"https:\/\/www.europesays.com\/es\/wp-json\/wp\/v2\/media?parent=294060"}],"wp:term":[{"taxonomy":"category","embeddable":true,"href":"https:\/\/www.europesays.com\/es\/wp-json\/wp\/v2\/categories?post=294060"},{"taxonomy":"post_tag","embeddable":true,"href":"https:\/\/www.europesays.com\/es\/wp-json\/wp\/v2\/tags?post=294060"}],"curies":[{"name":"wp","href":"https:\/\/api.w.org\/{rel}","templated":true}]}}