{"id":294062,"date":"2025-12-18T07:05:08","date_gmt":"2025-12-18T07:05:08","guid":{"rendered":"https:\/\/www.europesays.com\/es\/294062\/"},"modified":"2025-12-18T07:05:08","modified_gmt":"2025-12-18T07:05:08","slug":"la-intencion-del-real-madrid-es-que-xabi-alonso-siga-en-el-banquillo-hasta-la-supercopa-de-espana-futbol","status":"publish","type":"post","link":"https:\/\/www.europesays.com\/es\/294062\/","title":{"rendered":"La intenci\u00f3n del Real Madrid es que Xabi Alonso siga en el banquillo hasta la Supercopa de Espa\u00f1a | F\u00fatbol"},"content":{"rendered":"<p>Las sensaciones en el Real Madrid no terminan de ser positivas. Aunque el equipo sigue vivo en todas las competiciones, Xabi Alonso va salvando los encuentros, uno a uno, con m\u00e1s sufrimiento del esperado. As\u00ed lo demuestra la victoria frente al Talavera de Primera RFEF en Copa, d\u00f3nde una mano de Lunin en el 93&#8242; ha salvado a los blancos de un empate que habr\u00eda supuesto la pr\u00f3rroga (2-3). A pesar de todo esto, la intenci\u00f3n del club blanco con el tolosarra es clara: quieren mantenerlo, al menos, hasta la Supercopa de Espa\u00f1a en Arabia. <\/p>\n<p>M\u00e1s informaci\u00f3n<\/p>\n<p>As\u00ed lo ha relatado Manu Carre\u00f1o en el inicio de &#8216;El Larguero&#8217;, instantes despu\u00e9s de la sufrida victoria de los blancos en Copa. \u00abLa intenci\u00f3n del club es que Xabi Alonso siga, en principio, hasta la Supercopa de Espa\u00f1a sin novedad\u00bb, ha asegurado. Desde el club intentan \u00abtransmitir una sensaci\u00f3n de normalidad\u00bb y que \u00ablos resultados vayan haciendo mejorar al equipo\u00bb. Pero, seg\u00fan las palabras de Carre\u00f1o, los partidos siguen pasando y esa reacci\u00f3n no termina de llegar.<\/p>\n<p>\u00abEl equipo no ha jugado bien: la primera parte algo mejor, la segunda no han estado bien\u00bb, explica Carre\u00f1o sobre lo visto sobre el verde ante el Talavera, al tiempo que mantiene que \u00abaunque la reacci\u00f3n esperada no llega, hay un cierto empe\u00f1o en mantener a Xabi Alonso\u00bb. Un empe\u00f1o que, seg\u00fan trasladan desde el club, tendr\u00eda como fecha l\u00edmite la Supercopa de Arabia. Ante el Atl\u00e9tico en semifinales y, especialmente, ante Bar\u00e7a o Athletic en una hipot\u00e9tica final ser\u00e1 d\u00f3nde Alonso se jugar\u00e1 verdaderamente su puesto.<\/p>\n<p>\u00abInsisto, lo que se transmite desde el club ahora mismo es normalidad. Y la intenci\u00f3n es que siga hasta la Supercopa, pase lo que pase\u00bb, asegura el director de &#8216;El Larguero&#8217;. Eso s\u00ed, destaca que \u00absiempre hay que ponerlo con asteriscos\u00bb: una hipot\u00e9tica derrota catastr\u00f3fica, bien sea ante el Sevilla en el Bernab\u00e9u (20\/12) o ante el Betis tras el par\u00f3n (04\/01), podr\u00edan acelerar el proceso de destituci\u00f3n y terminar con su etapa en el banquillo blanco. <\/p>\n","protected":false},"excerpt":{"rendered":"Las sensaciones en el Real Madrid no terminan de ser positivas. Aunque el equipo sigue vivo en todas&hellip;\n","protected":false},"author":2,"featured_media":294063,"comment_status":"","ping_status":"","sticky":false,"template":"","format":"standard","meta":{"footnotes":""},"categories":[268],"tags":[70288,1941,168,25,24,70289,280,1207,282,70290,281,23,70291,167,70292,1222,64835],"class_list":{"0":"post-294062","1":"post","2":"type-post","3":"status-publish","4":"format-standard","5":"has-post-thumbnail","7":"category-futbol","8":"tag-ciudad-real-madrid","9":"tag-copa-del-rey","10":"tag-deportes","11":"tag-es","12":"tag-espana","13":"tag-eve","14":"tag-football","15":"tag-football-match","16":"tag-futbol","17":"tag-round-32","18":"tag-soccer","19":"tag-spain","20":"tag-spanish-cup","21":"tag-sports","22":"tag-talavera-cf","23":"tag-team","24":"tag-training-session"},"share_on_mastodon":{"url":"https:\/\/pubeurope.com\/@es\/115739303958455732","error":""},"_links":{"self":[{"href":"https:\/\/www.europesays.com\/es\/wp-json\/wp\/v2\/posts\/294062","targetHints":{"allow":["GET"]}}],"collection":[{"href":"https:\/\/www.europesays.com\/es\/wp-json\/wp\/v2\/posts"}],"about":[{"href":"https:\/\/www.europesays.com\/es\/wp-json\/wp\/v2\/types\/post"}],"author":[{"embeddable":true,"href":"https:\/\/www.europesays.com\/es\/wp-json\/wp\/v2\/users\/2"}],"replies":[{"embeddable":true,"href":"https:\/\/www.europesays.com\/es\/wp-json\/wp\/v2\/comments?post=294062"}],"version-history":[{"count":0,"href":"https:\/\/www.europesays.com\/es\/wp-json\/wp\/v2\/posts\/294062\/revisions"}],"wp:featuredmedia":[{"embeddable":true,"href":"https:\/\/www.europesays.com\/es\/wp-json\/wp\/v2\/media\/294063"}],"wp:attachment":[{"href":"https:\/\/www.europesays.com\/es\/wp-json\/wp\/v2\/media?parent=294062"}],"wp:term":[{"taxonomy":"category","embeddable":true,"href":"https:\/\/www.europesays.com\/es\/wp-json\/wp\/v2\/categories?post=294062"},{"taxonomy":"post_tag","embeddable":true,"href":"https:\/\/www.europesays.com\/es\/wp-json\/wp\/v2\/tags?post=294062"}],"curies":[{"name":"wp","href":"https:\/\/api.w.org\/{rel}","templated":true}]}}