{"id":294090,"date":"2025-12-18T07:30:13","date_gmt":"2025-12-18T07:30:13","guid":{"rendered":"https:\/\/www.europesays.com\/es\/294090\/"},"modified":"2025-12-18T07:30:13","modified_gmt":"2025-12-18T07:30:13","slug":"georgina-rodriguez-se-sincera-antes-de-su-boda-de-su-primer-encuentro-con-cristiano-ronaldo-a-su-papel-como-madre-de-familia-numerosa","status":"publish","type":"post","link":"https:\/\/www.europesays.com\/es\/294090\/","title":{"rendered":"Georgina Rodr\u00edguez se sincera antes de su boda: de su primer encuentro con Cristiano Ronaldo a su papel como madre de familia numerosa"},"content":{"rendered":"<p><img alt=\"Georgina Rodr\u00edguez, en una fotograf\u00eda\" class=\"global-image\" decoding=\"async\" fetchpriority=\"high\" height=\"1229\" loading=\"eager\" src=\"https:\/\/www.europesays.com\/es\/wp-content\/uploads\/2025\/12\/NNYQS3CPEBBR7L26FEDSVACCRE.JPG\" width=\"2186\"\/>Georgina Rodr\u00edguez, en una fotograf\u00eda de archivo. (REUTERS\/Angelina Katsanis)<\/p>\n<p class=\"paragraph\"><b>Georgina Rodr\u00edguez <\/b>recibir\u00e1 el 2026 con la ilusi\u00f3n de iniciar la cuenta atr\u00e1s para uno de los momentos m\u00e1s especiales de su vida: <a rel=\"noopener noreferrer nofollow\" href=\"https:\/\/www.infobae.com\/espana\/2025\/11\/25\/donde-y-cuando-es-la-boda-de-cristiano-ronaldo-y-georgina-rodriguez-un-simbolico-lugar-y-una-significativa-fecha\/\" target=\"_self\" title=\"https:\/\/www.infobae.com\/espana\/2025\/11\/25\/donde-y-cuando-es-la-boda-de-cristiano-ronaldo-y-georgina-rodriguez-un-simbolico-lugar-y-una-significativa-fecha\/\">su boda con Cristiano Ronaldo<\/a>. Tras anunciar su compromiso con el futbolista, la modelo ha concedido una entrevista en la que reivindica su<b> identidad propia<\/b> y se sincera sobre su relaci\u00f3n con el portugu\u00e9s.<\/p>\n<p class=\"paragraph\">La argentina es la protagonista del n\u00famero de enero de la revista ELLE, donde relata la <b>transformaci\u00f3n personal <\/b>y profesional que atraviesa. A sus 31 a\u00f1os, Rodr\u00edguez ha destacado su independencia y madurez, su papel como madre de una familia numerosa y su consolidaci\u00f3n como figura p\u00fablica m\u00e1s all\u00e1 de su <a rel=\"noopener noreferrer nofollow\" href=\"https:\/\/www.infobae.com\/espana\/2025\/11\/06\/cristiano-ronaldo-revela-todos-los-detalles-de-la-pedida-de-mano-de-georgina-rodriguez-ella-queria-que-le-regalara-un-anillo\/\" target=\"_self\" title=\"https:\/\/www.infobae.com\/espana\/2025\/11\/06\/cristiano-ronaldo-revela-todos-los-detalles-de-la-pedida-de-mano-de-georgina-rodriguez-ella-queria-que-le-regalara-un-anillo\/\">relaci\u00f3n con Cristiano Ronaldo<\/a>. <\/p>\n<p class=\"paragraph\">La conversaci\u00f3n coincide con la inminente boda de la pareja y la apertura de su <b>nueva inmobiliaria de lujo<\/b>. Georgina ha reflexionado sobre la fama, la maternidad y los valores que transmite a sus hijos, mostrando una visi\u00f3n renovada de s\u00ed misma y de su entorno.<\/p>\n<p class=\"paragraph\">La empresaria asegura en la citada entrevista que vive una etapa de profunda transformaci\u00f3n, en la que se siente m\u00e1s genuina y fiel a su esencia. \u201c<b>No tengo doble fondo<\/b> y me caracteriza la transparencia. Soy lo que ves\u201d, asevera, reivindicando la autenticidad que la ha hecho reconocible en el panorama medi\u00e1tico. <\/p>\n<p><img alt=\"Portada de 'ELLE' con Georgina\" class=\"global-image\" decoding=\"async\" fetchpriority=\"low\" height=\"1276\" loading=\"lazy\" src=\"https:\/\/www.europesays.com\/es\/wp-content\/uploads\/2025\/12\/PSBSW637ENEXVEGYEVZV22TNSU.jpg\" width=\"980\"\/>Portada de &#8216;ELLE&#8217; con Georgina Rodr\u00edguez.<\/p>\n<p class=\"paragraph\">Sobre su evoluci\u00f3n a lo largo de estos a\u00f1os de exposici\u00f3n medi\u00e1tica, se\u00f1ala: \u201c<b>Mi esencia es la misma, <\/b>pero tengo otras posibilidades y experiencias que me vienen dadas no solo por mi estilo de vida, tambi\u00e9n me las trae la edad. No me considero la misma que cuando ten\u00eda 20 a\u00f1os. \u00a1Raro ser\u00eda!\u201d.<\/p>\n<p class=\"paragraph\">La empresaria ha subrayado que esta madurez le ha permitido vivir de forma m\u00e1s consciente y agradecida, celebrando los cambios que han marcado su trayectoria en los \u00faltimos a\u00f1os. \u201c<b>Soy una persona muy intuitiva, <\/b>que ama intensamente, se entrega de verdad y se deja llevar por las energ\u00edas. Con los dem\u00e1s, me gusta ser generosa, justa y leal, busco cuidarlos y protegerlos, y conmigo misma soy muy exigente. Trabajo duro, pero tambi\u00e9n sue\u00f1o fuerte. Creo mucho en aquello que nace del coraz\u00f3n\u201d, confiesa.<\/p>\n<p class=\"paragraph\">Lejos de conformarse con el papel de \u201cpareja de\u201d, Rodr\u00edguez ha insistido en su determinaci\u00f3n por brillar con luz propia. La tercera temporada de <b>Soy Georgina<\/b> en Netflix y el lanzamiento de <b>Bellhatria<\/b>, su inmobiliaria de lujo, son ejemplos de su consolidaci\u00f3n como empresaria e influencer de proyecci\u00f3n internacional. \u201cSoy un torbellino que nunca para. Que cuente con ayuda no implica que no tenga nada de lo que ocuparme. Entre mi familia numerosa, mis proyectos profesionales o mi nueva empresa, jam\u00e1s estoy quieta. Pero tanta actividad me encanta, me siento una persona muy afortunada\u201d, ha asegurado en la revista.<\/p>\n<p class=\"paragraph\">En el \u00e1mbito personal, Georgina se define como una madre \u201c<b>consentidora y paciente<\/b>\u201d, pero tambi\u00e9n firme en la transmisi\u00f3n de valores a sus hijos. \u201cEn casa transmitimos a los ni\u00f1os la importancia del esfuerzo y de ser buenas personas\u201d, ha explicado. La empresaria ha remarcado la relevancia de la humildad y la bondad en la educaci\u00f3n familiar, as\u00ed como la necesidad de conciliar la vida personal y profesional.<\/p>\n<p class=\"paragraph\">La futura esposa de Ronaldo ha compartido que, a pesar de contar con ayuda, su implicaci\u00f3n en la crianza y el bienestar de sus hijos es total. \u201cS\u00e9 que hay cosas que est\u00e1n en manos de Dios, pero todo lo que est\u00e9 en las m\u00edas para<b> vivir de forma saludable <\/b>es prioritario en mi hogar\u201d, ha a\u00f1adido, subrayando la importancia de mantener h\u00e1bitos saludables y un entorno equilibrado para su familia.<\/p>\n<p class=\"paragraph\">Sobre su historia con Cristiano Ronaldo, Rodr\u00edguez relata la intensidad de la conexi\u00f3n que sinti\u00f3 desde el primer momento. \u201cSent\u00ed una conexi\u00f3n que iba mucho m\u00e1s all\u00e1 de lo f\u00edsico. Fue como si nuestras almas hablaran entre s\u00ed antes que las miradas. <b>Algo dentro de m\u00ed reconoci\u00f3 algo dentro de \u00e9l, <\/b>y desde ese mismo instante supe que esa afinidad era completamente diferente y \u00fanica\u201d, ha recordado.<\/p>\n<p>La famosa pareja se casa despu\u00e9s de 7 a\u00f1os de relaci\u00f3n<\/p>\n<p class=\"paragraph\">La empresaria ha explicado que este sentimiento se ha fortalecido con el tiempo, los hijos y el compromiso que ambos han asumido. El anillo de compromiso, seg\u00fan ha contado, <b>la dej\u00f3 sin palabras durante horas<\/b>. En cuanto a la boda, la joven ha adelantado que la celebraci\u00f3n ser\u00e1 \u00edntima, una decisi\u00f3n tomada de com\u00fan acuerdo con Ronaldo.<\/p>\n<p class=\"paragraph\">En la entrevista, la influencer tambi\u00e9n reflexiona sobre la<b> <\/b>fama,<b> <\/b>que le lleg\u00f3 de manera repentina y que, lejos de rechazar, ha aprendido a gestionar. \u201cTengo mucho sentido del humor y soy la primera en re\u00edrme de m\u00ed, pero <b>detesto las bromas sobre el f\u00edsico o el intelecto<\/b> que buscan ridiculizar a las personas\u00bb, ha afirmado.<\/p>\n<p class=\"paragraph\">Con una actitud agradecida, Rodr\u00edguez ha manifestado que su prioridad es <a rel=\"noopener noreferrer nofollow\" href=\"https:\/\/www.infobae.com\/espana\/2025\/08\/01\/el-millonario-patrimonio-de-georgina-rodriguez-coches-bolsos-de-coleccionista-y-mansiones-en-cascais-madrid-y-marbella\/\" target=\"_self\" title=\"https:\/\/www.infobae.com\/espana\/2025\/08\/01\/el-millonario-patrimonio-de-georgina-rodriguez-coches-bolsos-de-coleccionista-y-mansiones-en-cascais-madrid-y-marbella\/\">aprovechar su posici\u00f3n<\/a> para influir positivamente y mantener la autenticidad que la caracteriza.<\/p>\n","protected":false},"excerpt":{"rendered":"Georgina Rodr\u00edguez, en una fotograf\u00eda de archivo. (REUTERS\/Angelina Katsanis) Georgina Rodr\u00edguez recibir\u00e1 el 2026 con la ilusi\u00f3n de&hellip;\n","protected":false},"author":2,"featured_media":294091,"comment_status":"","ping_status":"","sticky":false,"template":"","format":"standard","meta":{"footnotes":""},"categories":[174],"tags":[3118,255,146,147,25,24,256,9375,3120,3119,23],"class_list":{"0":"post-294090","1":"post","2":"type-post","3":"status-publish","4":"format-standard","5":"has-post-thumbnail","7":"category-famosos","8":"tag-arts-culture-entertainment","9":"tag-celebrities","10":"tag-entertainment","11":"tag-entretenimiento","12":"tag-es","13":"tag-espana","14":"tag-famosos","15":"tag-fashion","16":"tag-new-york","17":"tag-north-america","18":"tag-spain"},"share_on_mastodon":{"url":"","error":""},"_links":{"self":[{"href":"https:\/\/www.europesays.com\/es\/wp-json\/wp\/v2\/posts\/294090","targetHints":{"allow":["GET"]}}],"collection":[{"href":"https:\/\/www.europesays.com\/es\/wp-json\/wp\/v2\/posts"}],"about":[{"href":"https:\/\/www.europesays.com\/es\/wp-json\/wp\/v2\/types\/post"}],"author":[{"embeddable":true,"href":"https:\/\/www.europesays.com\/es\/wp-json\/wp\/v2\/users\/2"}],"replies":[{"embeddable":true,"href":"https:\/\/www.europesays.com\/es\/wp-json\/wp\/v2\/comments?post=294090"}],"version-history":[{"count":0,"href":"https:\/\/www.europesays.com\/es\/wp-json\/wp\/v2\/posts\/294090\/revisions"}],"wp:featuredmedia":[{"embeddable":true,"href":"https:\/\/www.europesays.com\/es\/wp-json\/wp\/v2\/media\/294091"}],"wp:attachment":[{"href":"https:\/\/www.europesays.com\/es\/wp-json\/wp\/v2\/media?parent=294090"}],"wp:term":[{"taxonomy":"category","embeddable":true,"href":"https:\/\/www.europesays.com\/es\/wp-json\/wp\/v2\/categories?post=294090"},{"taxonomy":"post_tag","embeddable":true,"href":"https:\/\/www.europesays.com\/es\/wp-json\/wp\/v2\/tags?post=294090"}],"curies":[{"name":"wp","href":"https:\/\/api.w.org\/{rel}","templated":true}]}}