{"id":294110,"date":"2025-12-18T08:01:22","date_gmt":"2025-12-18T08:01:22","guid":{"rendered":"https:\/\/www.europesays.com\/es\/294110\/"},"modified":"2025-12-18T08:01:22","modified_gmt":"2025-12-18T08:01:22","slug":"xeraco-sera-final-de-etapa-de-la-vuelta-ciclista-a-espana-2026","status":"publish","type":"post","link":"https:\/\/www.europesays.com\/es\/294110\/","title":{"rendered":"Xeraco ser\u00e1 final de etapa de la Vuelta Ciclista a Espa\u00f1a 2026"},"content":{"rendered":"<p class=\"ft-text ft-helper-closenews\"><strong>Xeraco acoger\u00e1 el final de la octava etapa de la Vuelta Ciclista a Espa\u00f1a 2026, que se disputar\u00e1 el s\u00e1bado, 29 de agosto. <\/strong>La jornada arrancar\u00e1 en Pu\u00e7ol y constar\u00e1 de 176 kil\u00f3metros. Esta etapa, \u00fanica en la provincia de Valencia, est\u00e1 subvencionada por la Diputaci\u00f3.<\/p>\n<p class=\"ft-text\"><strong>As\u00ed se ha desvelado en la presentaci\u00f3n oficial de la ronda espa\u00f1ola, que ha tenido lugar en M\u00f3naco<\/strong> este mi\u00e9rcoles en este pa\u00eds, que ser\u00e1 el punto de partida de la competici\u00f3n. Este a\u00f1o se corre desde el 22 de agosto al 13 de septiembre.<\/p>\n<p class=\"ft-text\"><strong>Hasta el Principado se han desplazado, invitados por la organizaci\u00f3n, el alcalde de Xeraco, Avelino Mascarell, y el concejal de Deportes, Evarist Sal<\/strong>om, acompa\u00f1ados del diputado provincial de Deportes, Pedro Antonio Cuesta.<\/p>\n<p class=\"ft-text\"><strong>El propio alcalde ha confesado a este peri\u00f3dico que \u00abhemos mantenido el secreto de ser final de etapa porque as\u00ed nos lo ha pedido la organizaci\u00f3n\u00bb,<\/strong> <strong>a\u00f1adiendo que \u00abnuestra intenci\u00f3n es que la etapa finalice en la playa<\/strong>, pero esta posibilidad todav\u00eda est\u00e1 por concretar con el director t\u00e9cnico de la Vuelta, Fernabndo Escart\u00edn\u00bb.<\/p>\n<p class=\"ft-text\"><strong>La octava etapa ser\u00e1 pr\u00e1cticamente llana y se prev\u00e9 que pueda dilucidarse al esprint, aunque los ciclistas tendr\u00e1n que superar el escollo del Puerto de Barx,<\/strong> de segunda categor\u00eda, antes de afrontar los \u00faltimos kil\u00f3metros en direcci\u00f3n a Xeraco. La Vuelta llegar\u00e1 a la Safor procedente de la comarca de la Ribera.<\/p>\n<p class=\"ft-text\"><strong>Este final in\u00e9dito de la Vuelta que supone el municipio de Xeraco se une al que ya acogi\u00f3 Oliva en la edici\u00f3n de 2023 o Gandia en 2016, si bien la capital de la Safor tambi\u00e9n fue inicio de una etapa en 2021.<\/strong><\/p>\n<p class=\"ft-text\"><strong>La Comunitat Valenciana ser\u00e1 el escenario de 4 etapas de la Vuelta 2026<\/strong>: la sexta entre Alcossebre y Castell\u00f3n, la s\u00e9ptima desde Vall d\u2019Alba con meta en la estaci\u00f3n de esqu\u00ed Aram\u00f3n Valdelinares, la citada octava que es la Pu\u00e7ol-Xeraco y la novena con la Vila Joiosa como protagonista y el Alto de Aitana, con 6 dificultades y gran desnivel.<\/p>\n<p data-close=\"closedContent\" class=\"subscribeHideForDisplay\">Suscr\u00edbete para seguir leyendo<\/p>\n","protected":false},"excerpt":{"rendered":"Xeraco acoger\u00e1 el final de la octava etapa de la Vuelta Ciclista a Espa\u00f1a 2026, que se disputar\u00e1&hellip;\n","protected":false},"author":2,"featured_media":294111,"comment_status":"","ping_status":"","sticky":false,"template":"","format":"standard","meta":{"footnotes":""},"categories":[273],"tags":[70308,313,312,168,25,24,314,1058,2418,7789,523,23,167,1357,5411,15648],"class_list":{"0":"post-294110","1":"post","2":"type-post","3":"status-publish","4":"format-standard","5":"has-post-thumbnail","7":"category-ciclismo","8":"tag-ayuntamiento-de-xeraco","9":"tag-ciclismo","10":"tag-cycling","11":"tag-deportes","12":"tag-es","13":"tag-espana","14":"tag-etapa","15":"tag-final","16":"tag-la-safor","17":"tag-la-vuelta","18":"tag-sera","19":"tag-spain","20":"tag-sports","21":"tag-vuelta","22":"tag-vuelta-a-espana","23":"tag-xeraco"},"share_on_mastodon":{"url":"https:\/\/pubeurope.com\/@es\/115739524027904631","error":""},"_links":{"self":[{"href":"https:\/\/www.europesays.com\/es\/wp-json\/wp\/v2\/posts\/294110","targetHints":{"allow":["GET"]}}],"collection":[{"href":"https:\/\/www.europesays.com\/es\/wp-json\/wp\/v2\/posts"}],"about":[{"href":"https:\/\/www.europesays.com\/es\/wp-json\/wp\/v2\/types\/post"}],"author":[{"embeddable":true,"href":"https:\/\/www.europesays.com\/es\/wp-json\/wp\/v2\/users\/2"}],"replies":[{"embeddable":true,"href":"https:\/\/www.europesays.com\/es\/wp-json\/wp\/v2\/comments?post=294110"}],"version-history":[{"count":0,"href":"https:\/\/www.europesays.com\/es\/wp-json\/wp\/v2\/posts\/294110\/revisions"}],"wp:featuredmedia":[{"embeddable":true,"href":"https:\/\/www.europesays.com\/es\/wp-json\/wp\/v2\/media\/294111"}],"wp:attachment":[{"href":"https:\/\/www.europesays.com\/es\/wp-json\/wp\/v2\/media?parent=294110"}],"wp:term":[{"taxonomy":"category","embeddable":true,"href":"https:\/\/www.europesays.com\/es\/wp-json\/wp\/v2\/categories?post=294110"},{"taxonomy":"post_tag","embeddable":true,"href":"https:\/\/www.europesays.com\/es\/wp-json\/wp\/v2\/tags?post=294110"}],"curies":[{"name":"wp","href":"https:\/\/api.w.org\/{rel}","templated":true}]}}