{"id":294138,"date":"2025-12-18T08:33:12","date_gmt":"2025-12-18T08:33:12","guid":{"rendered":"https:\/\/www.europesays.com\/es\/294138\/"},"modified":"2025-12-18T08:33:12","modified_gmt":"2025-12-18T08:33:12","slug":"desafiando-el-cambio-climatico-la-vuelta-a-espana-2026-se-sumerge-en-verano-en-andalucia-ciclismo-deportes","status":"publish","type":"post","link":"https:\/\/www.europesays.com\/es\/294138\/","title":{"rendered":"Desafiando el cambio clim\u00e1tico, la Vuelta a Espa\u00f1a 2026 se sumerge en verano en Andaluc\u00eda | Ciclismo | Deportes"},"content":{"rendered":"<p class=\"\">Ante su seren\u00edsima alteza Alberto, pr\u00edncipe de M\u00f3naco, la Vuelta muestra sus poderes taumaturgos. El principal: c\u00f3mo manipular la realidad en forma de v\u00eddeo para que en las im\u00e1genes que resumen la edici\u00f3n de 2025 etapa por etapa no aparezca ni una sola bandera palestina. \u00bfGaza? \u00bfQu\u00e9 es Gaza? \u00bfExiste Gaza? Cuentan la victoria de Jonas Vingegaard en una Vuelta que nunca existi\u00f3. Y todos en M\u00f3naco aplauden el borrado, como aplauden el mapa que ha dibujado Unipublic para la pr\u00f3xima edici\u00f3n, en la que intentar\u00e1n otro milagro: que ning\u00fan corredor sucumba en los meses de verano al horno andaluz en el que sumergir\u00e1n al pelot\u00f3n.<\/p>\n<p class=\"\">Dentro de no mucho el mapa de la <a href=\"https:\/\/elpais.com\/deportes\/ciclismo\/2025-11-19\/la-vuelta-de-2026-terminara-en-granada-tras-descartar-madrid.html\" target=\"_self\" rel=\"nofollow noopener\" title=\"https:\/\/elpais.com\/deportes\/ciclismo\/2025-11-19\/la-vuelta-de-2026-terminara-en-granada-tras-descartar-madrid.html\">Vuelta a Espa\u00f1a <\/a>de 2026 no solo ser\u00e1 una ense\u00f1a apreciada en la Trbovlje eslovena (<a href=\"https:\/\/elpais.com\/deportes\/ciclismo\/2024-09-08\/roglic-gana-su-cuarta-vuelta-a-espana-e-iguala-a-heras-como-el-ciclista-con-mas-titulos-de-la-historia-en-la-carrera.html\" target=\"_self\" rel=\"nofollow noopener\" title=\"https:\/\/elpais.com\/deportes\/ciclismo\/2024-09-08\/roglic-gana-su-cuarta-vuelta-a-espana-e-iguala-a-heras-como-el-ciclista-con-mas-titulos-de-la-historia-en-la-carrera.html\">Primoz Roglic, el h\u00e9roe del lugar y dios de la d\u00e9cada en la pen\u00ednsula ib\u00e9rica, <\/a>tiene previsto despedirse del ciclismo consiguiendo a los 36 a\u00f1os su quinta victoria, m\u00e1s que ninguno en la historia, y a su perfil de corredor, monta\u00f1ero y contrarrelojista, se adapta como un guante el recorrido) sino que, seguramente, se habr\u00e1 convertido en objeto de estudio en las facultades de Geograf\u00eda, quiz\u00e1s por su atrocidad contra natura, quiz\u00e1s como modelo de bellezas desaparecidas v\u00edctimas del cambio clim\u00e1tico y la codicia capitalista neoliberal. En los d\u00edas de m\u00e1s calor del a\u00f1o, la Vuelta concentrar\u00e1 13 de sus etapas en el sur del paralelo 39, que corta Espa\u00f1a a la altura de Baleares y Albacete. La carrera, despu\u00e9s de partir de M\u00f3naco el 22 de agosto con una contrarreloj de nueve kil\u00f3metros por las calles, curvas, t\u00faneles y cuestas del circuito de F1, se lanzar\u00e1 en picado, un alfil por la diagonal del loco de la orilla mediterr\u00e1nea, hacia Andaluc\u00eda, regi\u00f3n en la que se desarrollar\u00e1n 10 de las 21 etapas, incluida la \u00faltima, con ins\u00f3lito final en Granada el 13 de septiembre, rendida al pie de la Alhambra.<\/p>\n<p class=\"\"><a href=\"https:\/\/elpais.com\/deportes\/ciclismo\/2025-08-05\/enric-mas-se-pierde-la-vuelta-a-espana-por-un-trombo-en-una-pierna.html\" target=\"_self\" rel=\"nofollow noopener\" title=\"https:\/\/elpais.com\/deportes\/ciclismo\/2025-08-05\/enric-mas-se-pierde-la-vuelta-a-espana-por-un-trombo-en-una-pierna.html\">Enric Mas, el espa\u00f1ol que en los \u00faltimos tiempos mejor se ha portado en la Vuelta<\/a> (tres veces segundo y una tercero en sus \u00faltimas siete participaciones), mira el mapa y se r\u00ede, loco de contento. Aunque le provocan rechazo las contrarrelojes (y habr\u00e1, aparte de la monegasca, una de 32 kil\u00f3metros entre el Puerto y Jerez el 18\u00ba d\u00eda, el ciclista del Movistar ama el calor, ama hasta el calor exagerado de las noches de Sevilla sin aire, y se alimenta de las subidas, un elemento que la geograf\u00eda f\u00edsica de la Vuelta tambi\u00e9n siempre tiene en cuenta y administra sin medida hasta el borde de la saturaci\u00f3n. Otros ciclistas, m\u00e1s sensatos, Tadej Pogacar entre ellos, que seguramente no participar\u00e1, temen tanto los calores que acelerar\u00e1 el cambio clim\u00e1tico que abogan ya por un intercambio de fechas con el Giro. La carrera italiana de mayo no puede arriesgarse a incluir puertos de m\u00e1s de 2.000m, los que hicieron su grandeza \u00e9pica, su leyenda, en el siglo pasado, por miedo a que las nevadas habituales en primavera obliguen a aplicar el moderno protocolo de tiempo extremo y a suspender las grandes etapas, explican. Y la Vuelta en verano, el lugar que ocupa en el calendario desde hace 30 a\u00f1os, se convierte a\u00f1o a a\u00f1o en un asunto m\u00e1s y m\u00e1s caluroso. \u00bfNo ser\u00eda l\u00f3gico, plantean, que el Giro de la dulce Italia y los hermosos Dolomitas, se dispute en agosto-septiembre, y la Vuelta tan bien acogida en el sur vuelva a la primavera de mayo? Deber\u00edan darse prisa en hacer algo, no sea que el Tour, que siempre manda, comience ya a plantearse huir de las can\u00edculas de julio.<\/p>\n<p class=\"\">Aunque cualquier aficionado cl\u00e1sico echar\u00e1 de menos las monta\u00f1as de toda la vida, las de Picos como Lagos de Covadonga, las de la vertiente espa\u00f1ola de Pirineos o las de la Sierra de Guadarrama, la cosecha del 26 contar\u00e1 con siete finales en alto, comenzando en lo m\u00e1s al norte, la f\u00e1cil Font Romeu el tercer d\u00eda. <\/p>\n<p class=\"\">Ya en Espa\u00f1a, en la s\u00e9ptima etapa, Valdelinares (Teruel), al d\u00eda siguiente de la escondida emboscada de las antenas y las cruces del Bartolo, la dinamitada en el 36 y la reconstruida, atravesando el Desierto de Las Palmas desde Benic\u00e0ssim (Castell\u00f3n) por una pista que incluye tres kil\u00f3metros de sterrato a m\u00e1s del 11%. En la novena, siempre en el litoral des\u00e9rtico de la Comunitat Valenciana, la antigua base militar rigurosa de Aitana, la del nombre hermoso, ya abandonada. La 12\u00aa, Calar Alto y sus telescopios en los Filabres, la \u00fanica ascensi\u00f3n a m\u00e1s de 2.000 metros; la 14\u00aa, los olivos geom\u00e9tricos de la Pandera, en Ja\u00e9n; la 19\u00aa, la excursi\u00f3n de Piedras Blancas en Estepona (M\u00e1laga), que servir\u00e1 de pr\u00f3logo a la etapa reina, la 20\u00aa, 187 kil\u00f3metros por las escarpadas laderas de Sierra Nevada dando vueltas alrededor de G\u00fc\u00e9jar Sierra y Pinos Genil, con dos subidas a Hazallanas, una al Purche y la ascensi\u00f3n final al Collado del Alguacil, in\u00e9dita subida de ocho kil\u00f3metros al 10%, y pasos por el 20%, donde quien salga de rojo ya se sabr\u00e1 ganador de la 81\u00aa Vuelta.<\/p>\n<p class=\"\">No solo los ge\u00f3grafos f\u00edsicos estudiar\u00e1n la locura que fue la Vuelta del 26, tambi\u00e9n los eruditos de la geograf\u00eda humana y la organizaci\u00f3n del territorio destacar\u00e1n una curiosidad del recorrido, fruto seguramente de las necesidades de patrocinio econ\u00f3mico. M\u00e1s que de ayuntamientos ricos, la Vuelta busca aportaciones de las diputaciones, y seguramente por ello 17 de las 18 etapas que se corran en la pen\u00ednsula ib\u00e9rica (incluida la andorrana) se desarrollar\u00e1n en recorridos monoprovinciales, con salida y llega sin cruzar las fronteras de cada provincia. Habr\u00e1 as\u00ed la etapa Tarragona, la Castell\u00f3n, la Valencia, la Alicante, la Albacete (con la sierra de Alcaraz, donde mataron al Pernales y al Ni\u00f1o del Arahal, bandidos), la Almer\u00eda, las tres de Granada, la Ja\u00e9n, la C\u00f3rdoba, la Huelva, la Sevilla, la C\u00e1diz y la M\u00e1laga. Un empacho de lombricillas desparramadas exhaustivamente por el mapa parece el dibujo m\u00e1s que el trazado de un viaje con sentido. Un atentado m\u00e1s al orden geogr\u00e1fico, al sentido com\u00fan; muchos m\u00e1s argumentos, por lo tanto, para la \u00e9pica de la exageraci\u00f3n.<\/p>\n","protected":false},"excerpt":{"rendered":"Ante su seren\u00edsima alteza Alberto, pr\u00edncipe de M\u00f3naco, la Vuelta muestra sus poderes taumaturgos. El principal: c\u00f3mo manipular&hellip;\n","protected":false},"author":2,"featured_media":294139,"comment_status":"","ping_status":"","sticky":false,"template":"","format":"standard","meta":{"footnotes":""},"categories":[273],"tags":[259,11465,1295,2839,313,2838,1540,312,168,3594,25,24,12058,23,167,1793,7603],"class_list":{"0":"post-294138","1":"post","2":"type-post","3":"status-publish","4":"format-standard","5":"has-post-thumbnail","7":"category-ciclismo","8":"tag-andalucia","9":"tag-calentamiento-global","10":"tag-cambio-climatico","11":"tag-carreras-ciclistas","12":"tag-ciclismo","13":"tag-ciclistas","14":"tag-competiciones","15":"tag-cycling","16":"tag-deportes","17":"tag-enric-mas","18":"tag-es","19":"tag-espana","20":"tag-primoz-roglic","21":"tag-spain","22":"tag-sports","23":"tag-verano","24":"tag-vuelta-espana"},"share_on_mastodon":{"url":"https:\/\/pubeurope.com\/@es\/115739649807774813","error":""},"_links":{"self":[{"href":"https:\/\/www.europesays.com\/es\/wp-json\/wp\/v2\/posts\/294138","targetHints":{"allow":["GET"]}}],"collection":[{"href":"https:\/\/www.europesays.com\/es\/wp-json\/wp\/v2\/posts"}],"about":[{"href":"https:\/\/www.europesays.com\/es\/wp-json\/wp\/v2\/types\/post"}],"author":[{"embeddable":true,"href":"https:\/\/www.europesays.com\/es\/wp-json\/wp\/v2\/users\/2"}],"replies":[{"embeddable":true,"href":"https:\/\/www.europesays.com\/es\/wp-json\/wp\/v2\/comments?post=294138"}],"version-history":[{"count":0,"href":"https:\/\/www.europesays.com\/es\/wp-json\/wp\/v2\/posts\/294138\/revisions"}],"wp:featuredmedia":[{"embeddable":true,"href":"https:\/\/www.europesays.com\/es\/wp-json\/wp\/v2\/media\/294139"}],"wp:attachment":[{"href":"https:\/\/www.europesays.com\/es\/wp-json\/wp\/v2\/media?parent=294138"}],"wp:term":[{"taxonomy":"category","embeddable":true,"href":"https:\/\/www.europesays.com\/es\/wp-json\/wp\/v2\/categories?post=294138"},{"taxonomy":"post_tag","embeddable":true,"href":"https:\/\/www.europesays.com\/es\/wp-json\/wp\/v2\/tags?post=294138"}],"curies":[{"name":"wp","href":"https:\/\/api.w.org\/{rel}","templated":true}]}}