{"id":294210,"date":"2025-12-18T09:34:11","date_gmt":"2025-12-18T09:34:11","guid":{"rendered":"https:\/\/www.europesays.com\/es\/294210\/"},"modified":"2025-12-18T09:34:11","modified_gmt":"2025-12-18T09:34:11","slug":"jason-momoa-y-dave-bautista-unen-fuerzas-en-las-primeras-imagenes-de-la-comedia-de-accion-the-wrecking-crew","status":"publish","type":"post","link":"https:\/\/www.europesays.com\/es\/294210\/","title":{"rendered":"Jason Momoa y Dave Bautista unen fuerzas en las primeras im\u00e1genes de la comedia de acci\u00f3n The Wrecking Crew"},"content":{"rendered":"<p class=\"c-paragraph\">Que dos estrellas de acci\u00f3n como <a href=\"https:\/\/www.hobbyconsolas.com\/listas\/mejores-papeles-jason-momoa-dothraki-convirtio-rey-mares-1462249\" rel=\"nofollow noopener\" target=\"_blank\">Jason Momoa<\/a> y <b>Dave Bautista<\/b> hayan coincidido tan poco en pantalla, se antoja extra\u00f1o en los tiempos que vivimos. Han trabajado juntos en <a href=\"https:\/\/www.hobbyconsolas.com\/reviews\/critica-dune-epopeya-desertica-denis-villeneuve-arrasa-durante-dos-horas-media-927677\" rel=\"nofollow noopener\" target=\"_blank\">Dune<\/a>, de <b>Denis Villeneuve<\/b>, y en la serie <b>SEE <\/b>de <b>Apple TV<\/b>, pero sus carreras han discurrido por caminos separados casi todo el tiempo.<\/p>\n<p class=\"c-paragraph\">Por ejemplo, mientras Dave Bautista brillaba como <b>Drax el Destructor<\/b> en el <a href=\"https:\/\/www.hobbyconsolas.com\/reportajes\/universo-cinematografico-marvel-origen-fases-futuro-orden-ver-series-peliculas-ucm-2025-1208290\" rel=\"nofollow noopener\" target=\"_blank\">Universo Cinematogr\u00e1fico de Marvel<\/a>, Jason Momoa hac\u00eda lo propio como <a href=\"https:\/\/www.hobbyconsolas.com\/reviews\/critica-aquaman-pelicula-superheroes-jason-momoa-347935\" rel=\"nofollow noopener\" target=\"_blank\">Aquaman <\/a>en el <b>Universo Extendido de DC<\/b>, y regresar\u00e1 pr\u00f3ximamente como <b>Lobo <\/b>en la resurgida franquicia.<\/p>\n<p>Movistar Plus+ por 9,99\u20ac con f\u00fatbol, series y cine<\/p>\n<p><img decoding=\"async\" loading=\"lazy\" alt=\"Movistar Plus+\" width=\"640\" height=\"533\" src=\"https:\/\/www.europesays.com\/es\/wp-content\/uploads\/2025\/11\/690349e592402.jpeg\"\/><\/p>\n<p class=\"c-passport__description\">Seas de la operadora que seas, puedes ver series, pel\u00edculas y f\u00fatbol en Movistar Plus+ por 9,99\u20ac al mes y sin permanencia.<\/p>\n<p class=\"c-paragraph\">Pero vamos a centrarnos en lo que nos toca, que es\u00a0<b>The Wrecking Crew<\/b>, la nueva comedia de acci\u00f3n de <b>Amazon MGM Studios<\/b> que, al fin, tachar\u00e1 de la lista la deuda pendiente de tener a Momoa y Bautista como coprotagonistas.<\/p>\n<p class=\"c-paragraph\">Dirigida por\u00a0<b>Angel Manuel Soto<\/b> (<a href=\"https:\/\/www.hobbyconsolas.com\/reviews\/critica-blue-beetle-experimento-lanza-uedc-1291292\" rel=\"nofollow noopener\" target=\"_blank\">Blue Beetle<\/a>), la pel\u00edcula est\u00e1 coprotagonizada por <b>Morena Baccarin, Maia Kealoha, Stephen Root, Temuera Morrison, Jacob Batalon, Claes Bang, Frankie Adams, Branscome Richmond, Mike Edward, David Hekili Kenui Bell y Takamasa Ishihara<\/b>, entre otros.<\/p>\n<p>Jason Momoa y Dave Bautista son medio hermanos entregados a la acci\u00f3n<\/p>\n<p class=\"c-paragraph\">A poco m\u00e1s de un mes del estreno de la pel\u00edcula en <b>Prime Video<\/b>, Amazon ha lanzado las primeras im\u00e1genes de The Wrecking Crew, centradas en los personajes de\u00a0<b>Jonny <\/b>(Momoa), un polic\u00eda con tendencia a saltarse las normas, y <b>James <\/b>(Bautista), un Navy SEAL.<\/p>\n<p class=\"c-paragraph\">La trama transcurre en Haw\u00e1i tras la muerte del padre de los personajes, lo que fuerza una reuni\u00f3n que pronto se convertir\u00e1 en un derroche de acci\u00f3n. Perol mejor que eches personalmente un vistazo a las im\u00e1genes que te dejamos a continuaci\u00f3n, junto con la sinopsis de The Wrecking Crew:<\/p>\n<p class=\"c-paragraph\">\u00abLa misteriosa muerte de su padre impulsa a Jonny y James a poner a prueba la din\u00e1mica familiar en la b\u00fasqueda de la verdad sobre lo que realmente sucedi\u00f3.<\/p>\n<p class=\"c-paragraph\">Por el camino, resurgen secretos enterrados y su lealtad se pone a prueba al desentra\u00f1ar una conspiraci\u00f3n que podr\u00eda destrozar a toda su familia. Sin embargo, juntos, est\u00e1n hechos para ser el equipo de demolici\u00f3n perfecto, uno al que nada en Haw\u00e1i podr\u00eda resistir\u00bb.<\/p>\n<p class=\"c-paragraph\"><b>The Wrecking Crew llegar\u00e1 a Prime Video el pr\u00f3ximo 28 de enero de 2026<\/b>, siendo una de las primeras incorporaciones importantes al cat\u00e1logo de la plataforma en el a\u00f1o que estamos a punto de inaugurar.<\/p>\n","protected":false},"excerpt":{"rendered":"Que dos estrellas de acci\u00f3n como Jason Momoa y Dave Bautista hayan coincidido tan poco en pantalla, se&hellip;\n","protected":false},"author":2,"featured_media":294211,"comment_status":"","ping_status":"","sticky":false,"template":"","format":"standard","meta":{"footnotes":""},"categories":[169],"tags":[21729,177,70323,146,147,25,24,176,7739,7740,175,23,12047],"class_list":{"0":"post-294210","1":"post","2":"type-post","3":"status-publish","4":"format-standard","5":"has-post-thumbnail","7":"category-cine","8":"tag-bautista","9":"tag-cine","10":"tag-dave","11":"tag-entertainment","12":"tag-entretenimiento","13":"tag-es","14":"tag-espana","15":"tag-film","16":"tag-jason","17":"tag-momoa","18":"tag-movies","19":"tag-spain","20":"tag-unen"},"share_on_mastodon":{"url":"https:\/\/pubeurope.com\/@es\/115739894018258936","error":""},"_links":{"self":[{"href":"https:\/\/www.europesays.com\/es\/wp-json\/wp\/v2\/posts\/294210","targetHints":{"allow":["GET"]}}],"collection":[{"href":"https:\/\/www.europesays.com\/es\/wp-json\/wp\/v2\/posts"}],"about":[{"href":"https:\/\/www.europesays.com\/es\/wp-json\/wp\/v2\/types\/post"}],"author":[{"embeddable":true,"href":"https:\/\/www.europesays.com\/es\/wp-json\/wp\/v2\/users\/2"}],"replies":[{"embeddable":true,"href":"https:\/\/www.europesays.com\/es\/wp-json\/wp\/v2\/comments?post=294210"}],"version-history":[{"count":0,"href":"https:\/\/www.europesays.com\/es\/wp-json\/wp\/v2\/posts\/294210\/revisions"}],"wp:featuredmedia":[{"embeddable":true,"href":"https:\/\/www.europesays.com\/es\/wp-json\/wp\/v2\/media\/294211"}],"wp:attachment":[{"href":"https:\/\/www.europesays.com\/es\/wp-json\/wp\/v2\/media?parent=294210"}],"wp:term":[{"taxonomy":"category","embeddable":true,"href":"https:\/\/www.europesays.com\/es\/wp-json\/wp\/v2\/categories?post=294210"},{"taxonomy":"post_tag","embeddable":true,"href":"https:\/\/www.europesays.com\/es\/wp-json\/wp\/v2\/tags?post=294210"}],"curies":[{"name":"wp","href":"https:\/\/api.w.org\/{rel}","templated":true}]}}