{"id":294214,"date":"2025-12-18T09:36:10","date_gmt":"2025-12-18T09:36:10","guid":{"rendered":"https:\/\/www.europesays.com\/es\/294214\/"},"modified":"2025-12-18T09:36:10","modified_gmt":"2025-12-18T09:36:10","slug":"el-pico-podria-llegar-esta-semana","status":"publish","type":"post","link":"https:\/\/www.europesays.com\/es\/294214\/","title":{"rendered":"El pico podr\u00eda llegar esta semana"},"content":{"rendered":"<p>              <strong>TP<\/strong><\/p>\n<p>La gripe en Espa\u00f1a cumple su quinta semana epid\u00e9mica y se espera que esta semana o la que viene ya se llegue al pico epid\u00e9mico. La doctora Susana Monge, responsable en el CNE-ISCIII del \u00e1rea de virus respiratorios explica en &#8216;Las Ma\u00f1anas de RNE&#8217; que ya empiezan a notar una ralentizaci\u00f3n en los contagios, pero a la vez se muestra prudente porque estos datos pueden estar influenciados por el festivo de &#8216;La Pur\u00edsima&#8217; y la huelga de m\u00e9dicos: \u00abEsperamos llegar al pico, pero prudencia, la gripe es un virus imprevisible\u00bb.<\/p>\n<p>Monge explica que esta temporada est\u00e1 siendo diferente a otras por la heterogeneidad entre las Comunidades Aut\u00f3nomas, en las que algunas est\u00e1n teniendo muchos m\u00e1s contagios que otras. Lo que s\u00ed destaca es que a nivel de hospitalizaciones no est\u00e1 siendo tan grave como otros a\u00f1os. Lo que se ha retrasado este a\u00f1o son los contagios del virus respiratorio sincitial que afecta sobre todo a los ni\u00f1os. <\/p>\n","protected":false},"excerpt":{"rendered":"TP La gripe en Espa\u00f1a cumple su quinta semana epid\u00e9mica y se espera que esta semana o la&hellip;\n","protected":false},"author":2,"featured_media":294215,"comment_status":"","ping_status":"","sticky":false,"template":"","format":"standard","meta":{"footnotes":""},"categories":[92],"tags":[70324,25,24,165,33005,133,1448,1986,1987,166,23],"class_list":{"0":"post-294214","1":"post","2":"type-post","3":"status-publish","4":"format-standard","5":"has-post-thumbnail","7":"category-salud","8":"tag-epidemia-de-la-gripe-en-espana-el-pico-podria-llegar-esta-semana","9":"tag-es","10":"tag-espana","11":"tag-health","12":"tag-las-mananas-de-rne","13":"tag-online","14":"tag-radio","15":"tag-rne","16":"tag-rtve-play","17":"tag-salud","18":"tag-spain"},"share_on_mastodon":{"url":"https:\/\/pubeurope.com\/@es\/115739897674112579","error":""},"_links":{"self":[{"href":"https:\/\/www.europesays.com\/es\/wp-json\/wp\/v2\/posts\/294214","targetHints":{"allow":["GET"]}}],"collection":[{"href":"https:\/\/www.europesays.com\/es\/wp-json\/wp\/v2\/posts"}],"about":[{"href":"https:\/\/www.europesays.com\/es\/wp-json\/wp\/v2\/types\/post"}],"author":[{"embeddable":true,"href":"https:\/\/www.europesays.com\/es\/wp-json\/wp\/v2\/users\/2"}],"replies":[{"embeddable":true,"href":"https:\/\/www.europesays.com\/es\/wp-json\/wp\/v2\/comments?post=294214"}],"version-history":[{"count":0,"href":"https:\/\/www.europesays.com\/es\/wp-json\/wp\/v2\/posts\/294214\/revisions"}],"wp:featuredmedia":[{"embeddable":true,"href":"https:\/\/www.europesays.com\/es\/wp-json\/wp\/v2\/media\/294215"}],"wp:attachment":[{"href":"https:\/\/www.europesays.com\/es\/wp-json\/wp\/v2\/media?parent=294214"}],"wp:term":[{"taxonomy":"category","embeddable":true,"href":"https:\/\/www.europesays.com\/es\/wp-json\/wp\/v2\/categories?post=294214"},{"taxonomy":"post_tag","embeddable":true,"href":"https:\/\/www.europesays.com\/es\/wp-json\/wp\/v2\/tags?post=294214"}],"curies":[{"name":"wp","href":"https:\/\/api.w.org\/{rel}","templated":true}]}}