{"id":294225,"date":"2025-12-18T09:42:10","date_gmt":"2025-12-18T09:42:10","guid":{"rendered":"https:\/\/www.europesays.com\/es\/294225\/"},"modified":"2025-12-18T09:42:10","modified_gmt":"2025-12-18T09:42:10","slug":"revelan-la-causa-oficial-y-el-dia-exacto-de-la-muerte-de-rob-reiner-y-su-mujer-asesinados-por-su-hijo","status":"publish","type":"post","link":"https:\/\/www.europesays.com\/es\/294225\/","title":{"rendered":"Revelan la causa oficial y el d\u00eda exacto de la muerte de Rob Reiner y su mujer, asesinados por su hijo"},"content":{"rendered":"<p class=\"c-paragraph\">D\u00edas despu\u00e9s del<b> <a href=\"https:\/\/www.20minutos.es\/gente\/hallan-muertos-director-cine-rob-reiner-su-esposa-un-aparente-homicidio-los-angeles_6910424_0.html\" title=\"Asesinados el director de cine Rob Reiner y su esposa en su casa de Los \u00c1ngeles\" rel=\"nofollow noopener\" target=\"_blank\">hallazgo de los cuerpos sin vida del cineasta Rob Reiner y su mujer, Michele<\/a><\/b>, en su propia vivienda, el m\u00e9dico forense del condado de Los \u00c1ngeles ha revelado <b>la causa oficial de sus muertes<\/b>.<\/p>\n<p class=\"c-paragraph\">Seg\u00fan ha informado el Departamento Forense del Condado de Los \u00c1ngeles, el famoso director de cine y su esposa fallecieron producto de <b>\u00abm\u00faltiples lesiones por objeto punzante\u00bb<\/b>.\u00a0<\/p>\n<p class=\"c-paragraph\">Asimismo, revelaron que<b> los decesos ocurrieron el mismo domingo<\/b>, despu\u00e9s de que algunas informaciones especularan que la pareja podr\u00eda haber sido apu\u00f1alada la noche del s\u00e1bado, tras asistir a una fiesta navide\u00f1a en casa de Conan O\u2019Brien con su hijo Nick, de 32 a\u00f1os, quien ha sido <a href=\"https:\/\/www.20minutos.es\/gente\/detenido-nick-reiner-hijo-rob-reiner-sospechoso-muerte-sus-padres_6910779_0.html\" title=\"Detenido Nick Reiner, hijo de Rob Reiner, sospechoso del asesinato de sus padres\" rel=\"nofollow noopener\" target=\"_blank\">acusado de los asesinatos<\/a>, y con el que <a href=\"https:\/\/www.20minutos.es\/gente\/nick-reiner-habria-discutido-con-su-padre-una-fiesta-navidena-conan-brien_6910920_0.html\" title=\"Nick Reiner habr\u00eda discutido con su padre en una fiesta navide\u00f1a de Conan O&#039;Brien\" rel=\"nofollow noopener\" target=\"_blank\">discutieron en p\u00fablico<\/a>.\u00a0<\/p>\n<p class=\"c-paragraph\">El martes, ya el fiscal de distrito de Los \u00c1ngeles, Nathan Hochman, hab\u00eda se\u00f1alado que <b>el arma homicida era un cuchillo<\/b>.<\/p>\n<p class=\"c-paragraph\">Nick Reiner, detenido por el asesinato de sus padres, los cineastas Rob y Michele Reiner,\u00a0<b><b><a href=\"https:\/\/www.20minutos.es\/gente\/nick-hijo-rob-reiner-comparece-por-primera-vez-un-tribunal-tras-asesinato-sus-padres_6911954_0.html\" title=\"Nick, el hijo de Rob Reiner, comparece por primera vez en un tribunal tras el asesinato de sus padres\" rel=\"nofollow noopener\" target=\"_blank\">compareci\u00f3 este mi\u00e9rcoles ante un tribunal de Los \u00c1ngeles<\/a><\/b><\/b>, en su primera aparici\u00f3n desde los cr\u00edmenes.<\/p>\n<p class=\"c-paragraph\">Nick Reiner, de 32 a\u00f1os, deber\u00e1 volver a comparecer el 7 de enero para la lectura de cargos relacionados con el asesinato el pasado domingo de sus padres\u00a0<b><b>en el domicilio familiar del acaudalado barrio de Brentwood<\/b><\/b>, en Los \u00c1ngeles.<\/p>\n","protected":false},"excerpt":{"rendered":"D\u00edas despu\u00e9s del hallazgo de los cuerpos sin vida del cineasta Rob Reiner y su mujer, Michele, en&hellip;\n","protected":false},"author":2,"featured_media":294226,"comment_status":"","ping_status":"","sticky":false,"template":"","format":"standard","meta":{"footnotes":""},"categories":[5],"tags":[17,18,11072,978,25,24,13,14,11,19,20,9,10,15,16,289,2074,846,23,12,21,22],"class_list":{"0":"post-294225","1":"post","2":"type-post","3":"status-publish","4":"format-standard","5":"has-post-thumbnail","7":"category-titulares","8":"tag-breaking-news","9":"tag-breakingnews","10":"tag-causa","11":"tag-dia","12":"tag-es","13":"tag-espana","14":"tag-featured-news","15":"tag-featurednews","16":"tag-headlines","17":"tag-latest-news","18":"tag-latestnews","19":"tag-news","20":"tag-noticias","21":"tag-noticias-destacadas","22":"tag-noticiasdestacadas","23":"tag-oficial","24":"tag-que","25":"tag-revelan","26":"tag-spain","27":"tag-titulares","28":"tag-ultimas-noticias","29":"tag-ultimasnoticias"},"share_on_mastodon":{"url":"https:\/\/pubeurope.com\/@es\/115739921181139325","error":""},"_links":{"self":[{"href":"https:\/\/www.europesays.com\/es\/wp-json\/wp\/v2\/posts\/294225","targetHints":{"allow":["GET"]}}],"collection":[{"href":"https:\/\/www.europesays.com\/es\/wp-json\/wp\/v2\/posts"}],"about":[{"href":"https:\/\/www.europesays.com\/es\/wp-json\/wp\/v2\/types\/post"}],"author":[{"embeddable":true,"href":"https:\/\/www.europesays.com\/es\/wp-json\/wp\/v2\/users\/2"}],"replies":[{"embeddable":true,"href":"https:\/\/www.europesays.com\/es\/wp-json\/wp\/v2\/comments?post=294225"}],"version-history":[{"count":0,"href":"https:\/\/www.europesays.com\/es\/wp-json\/wp\/v2\/posts\/294225\/revisions"}],"wp:featuredmedia":[{"embeddable":true,"href":"https:\/\/www.europesays.com\/es\/wp-json\/wp\/v2\/media\/294226"}],"wp:attachment":[{"href":"https:\/\/www.europesays.com\/es\/wp-json\/wp\/v2\/media?parent=294225"}],"wp:term":[{"taxonomy":"category","embeddable":true,"href":"https:\/\/www.europesays.com\/es\/wp-json\/wp\/v2\/categories?post=294225"},{"taxonomy":"post_tag","embeddable":true,"href":"https:\/\/www.europesays.com\/es\/wp-json\/wp\/v2\/tags?post=294225"}],"curies":[{"name":"wp","href":"https:\/\/api.w.org\/{rel}","templated":true}]}}