{"id":294260,"date":"2025-12-18T10:15:09","date_gmt":"2025-12-18T10:15:09","guid":{"rendered":"https:\/\/www.europesays.com\/es\/294260\/"},"modified":"2025-12-18T10:15:09","modified_gmt":"2025-12-18T10:15:09","slug":"el-hombre-mas-elegante-del-mundo-segun-isabel-preysler","status":"publish","type":"post","link":"https:\/\/www.europesays.com\/es\/294260\/","title":{"rendered":"El hombre m\u00e1s elegante del mundo, seg\u00fan Isabel Preysler"},"content":{"rendered":"<p class=\"paragraph\">A punto de cerrar el a\u00f1o, <b>Isabel Preysler<\/b> se detiene a hacer balance. Lo hace en un momento especialmente ilusionante, marcado por la familia, los proyectos personales y la alegr\u00eda de saber que en 2026 volver\u00e1 a ser abuela de dos beb\u00e9s m\u00e1s. En ese repaso, hay una figura que aparece con especial claridad cuando se le pregunta por la elegancia en su m\u00e1xima expresi\u00f3n:<b> Carlos III de Inglaterra,<\/b> a quien conoci\u00f3 cuando a\u00fan era <b>Pr\u00edncipe de Gales.<\/b><\/p>\n<p class=\"c-detail__media__subtitle composite_image\">\n<p>        Isabel Preysler  en la presentaci\u00f3n de  \u00abMi verdadera historia\u00bb en  MadridGTRES<\/p>\n<p class=\"paragraph\">Isabel recuerda aquel primer encuentro con naturalidad. Fue hace muchos a\u00f1os, a finales de la d\u00e9cada de los ochenta, cuando el entonces heredero al trono brit\u00e1nico visit\u00f3 Espa\u00f1a acompa\u00f1ado de <b>Diana de Gales.<\/b> Desde entonces, la impresi\u00f3n que le caus\u00f3 no ha cambiado. Para ella, la elegancia del actual rey del Reino Unido va mucho m\u00e1s all\u00e1 de la vestimenta. \u00abPara m\u00ed, es el hombre m\u00e1s elegante\u00bb, explica a \u00a1Hola!, y detalla que esa percepci\u00f3n nace de su manera de ser, de vestir, de moverse, de su actitud y de la forma en que trataba a las personas.<\/p>\n<p class=\"paragraph\">Esa opini\u00f3n se fue consolidando con el tiempo, a trav\u00e9s de distintos encuentros celebrados en algunas de las residencias m\u00e1s emblem\u00e1ticas de la Casa Real brit\u00e1nica. Isabel y parte de su familia asistieron a varias recepciones organizadas por Porcelanosa en lugares como <b>Buckingham, el castillo de Windsor, Clarence House o Highgrove House.<\/b> De todas ellas guarda un recuerdo especialmente grato y describe al monarca como un anfitri\u00f3n cercano, atento y con un fino sentido del humor, siempre interesado por las personas que ten\u00eda delante. Con el paso del tiempo no volvieron a coincidir. Lleg\u00f3 a plantearse escribirle para felicitarle tras su coronaci\u00f3n, pero finalmente prefiri\u00f3 no hacerlo, convencida de que atravesaba un momento de m\u00e1xima responsabilidad institucional.<\/p>\n<p class=\"paragraph\">Esa idea de elegancia sobria y sin excesos se refleja tambi\u00e9n en su forma de vestir. La madre de <b>Tamara Falc\u00f3 <\/b>sigue fiel a un armario construido sobre prendas atemporales. El blazer ocupa un lugar fundamental, una pieza que considera imprescindible por su versatilidad y por c\u00f3mo se adapta a distintas ocasiones seg\u00fan la combinaci\u00f3n. En casa, sin embargo, prioriza la comodidad: ropa suelta, tejidos ligeros como el algod\u00f3n y siempre alguna prenda de cashmere para no pasar fr\u00edo.<\/p>\n<p class=\"paragraph\">La constancia tambi\u00e9n marca su rutina de cuidado personal. Isabel mantiene h\u00e1bitos muy definidos: dedica tiempo al desmaquillado, sigue una rutina facial diaria y es meticulosa con el uso de s\u00e9rum, hidratante y contorno de ojos. A eso suma beber agua, dormir bien y cuidar la alimentaci\u00f3n, aunque reconoce que hay peque\u00f1os placeres a los que no renuncia. El chocolate, un helado o un bizcocho casero forman parte de esos caprichos que se permite sin culpa.<\/p>\n<p>La Navidad<\/p>\n<p class=\"paragraph\">La Navidad la pasar\u00e1 en Madrid, rodeada de los suyos. Estar\u00e1 con sus hijas<b> Tamara y Ana<\/b>, mientras que otros miembros de la familia celebrar\u00e1n las fiestas fuera. En casa, como es tradici\u00f3n, tambi\u00e9n recibir\u00e1n a los padres de <b>Fernando Verdasco. <\/b>El men\u00fa se organiza entre varias manos, aunque Isabel tiene la \u00faltima palabra, y no falta el pavo que cada a\u00f1o prepara el padre de Fernando.<\/p>\n<p class=\"paragraph\">Uno de los momentos m\u00e1s especiales de esas fechas llega por la ma\u00f1ana. Miguel, su nieto mayor, hijo de <b>Ana Boyer y Fernando Verdasco, <\/b>entra temprano en su habitaci\u00f3n, abre las persianas y anuncia que ya es de d\u00eda. Un gesto sencillo que, lejos de incomodarla, se ha convertido en su despertar favorito.<\/p>\n<p class=\"paragraph\">As\u00ed, Isabel se prepara para recibir el nuevo a\u00f1o con ilusi\u00f3n. A la publicaci\u00f3n de su libro se suma la llegada de dos nuevos nietos: la ni\u00f1a que espera <b>Ana Boyer y el beb\u00e9 que esperan Enrique Iglesias y su mujer,<\/b> la extenista profesional rusa <b>Anna Kournikova.<\/b><\/p>\n","protected":false},"excerpt":{"rendered":"A punto de cerrar el a\u00f1o, Isabel Preysler se detiene a hacer balance. Lo hace en un momento&hellip;\n","protected":false},"author":2,"featured_media":294261,"comment_status":"","ping_status":"","sticky":false,"template":"","format":"standard","meta":{"footnotes":""},"categories":[174],"tags":[255,146,147,25,24,256,23],"class_list":{"0":"post-294260","1":"post","2":"type-post","3":"status-publish","4":"format-standard","5":"has-post-thumbnail","7":"category-famosos","8":"tag-celebrities","9":"tag-entertainment","10":"tag-entretenimiento","11":"tag-es","12":"tag-espana","13":"tag-famosos","14":"tag-spain"},"share_on_mastodon":{"url":"https:\/\/pubeurope.com\/@es\/115740051001738626","error":""},"_links":{"self":[{"href":"https:\/\/www.europesays.com\/es\/wp-json\/wp\/v2\/posts\/294260","targetHints":{"allow":["GET"]}}],"collection":[{"href":"https:\/\/www.europesays.com\/es\/wp-json\/wp\/v2\/posts"}],"about":[{"href":"https:\/\/www.europesays.com\/es\/wp-json\/wp\/v2\/types\/post"}],"author":[{"embeddable":true,"href":"https:\/\/www.europesays.com\/es\/wp-json\/wp\/v2\/users\/2"}],"replies":[{"embeddable":true,"href":"https:\/\/www.europesays.com\/es\/wp-json\/wp\/v2\/comments?post=294260"}],"version-history":[{"count":0,"href":"https:\/\/www.europesays.com\/es\/wp-json\/wp\/v2\/posts\/294260\/revisions"}],"wp:featuredmedia":[{"embeddable":true,"href":"https:\/\/www.europesays.com\/es\/wp-json\/wp\/v2\/media\/294261"}],"wp:attachment":[{"href":"https:\/\/www.europesays.com\/es\/wp-json\/wp\/v2\/media?parent=294260"}],"wp:term":[{"taxonomy":"category","embeddable":true,"href":"https:\/\/www.europesays.com\/es\/wp-json\/wp\/v2\/categories?post=294260"},{"taxonomy":"post_tag","embeddable":true,"href":"https:\/\/www.europesays.com\/es\/wp-json\/wp\/v2\/tags?post=294260"}],"curies":[{"name":"wp","href":"https:\/\/api.w.org\/{rel}","templated":true}]}}