{"id":294268,"date":"2025-12-18T10:20:10","date_gmt":"2025-12-18T10:20:10","guid":{"rendered":"https:\/\/www.europesays.com\/es\/294268\/"},"modified":"2025-12-18T10:20:10","modified_gmt":"2025-12-18T10:20:10","slug":"la-amarga-navidad-de-pedro-almodovar-muestra-su-sugerente-primer-trailer","status":"publish","type":"post","link":"https:\/\/www.europesays.com\/es\/294268\/","title":{"rendered":"La \u2018Amarga Navidad\u2019 de Pedro Almod\u00f3var muestra su sugerente primer tr\u00e1iler"},"content":{"rendered":"<p class=\"article-text\">\n        La nueva pel\u00edcula de Pedro Almod\u00f3var, Amarga Navidad, ha estrenado su primer teaser tr\u00e1iler. Un avance con muy pocos di\u00e1logos, sugerente, donde se pueden ya o\u00edr los acordes de la banda sonora de Alberto Iglesias y a un reparto que encabezan B\u00e1rbara Lennie, Victoria Luengo, Leonardo Sbaraglia,\u00a0Patrick Criado, Aitana S\u00e1nchez Gij\u00f3n y Milena Smit\u00a0entre otros.\n    <\/p>\n<p class=\"article-text\">\n        La pel\u00edcula llegar\u00e1 a las salas de cine de la mano de Warner el pr\u00f3ximo 20 de marzo, una fecha muy querida por el cineasta. Es ah\u00ed donde normalmente estrenaba sus filmes antes de acudir a Cannes. Habr\u00e1 que esperar para saber si Amarga Navidad repite esa misma estrategia. Almod\u00f3var rueda de nuevo en espa\u00f1ol tras su primera experiencia en ingl\u00e9s, La habitaci\u00f3n de al lado, con la que gan\u00f3 el Le\u00f3n de Oro en Venecia.\n    <\/p>\n<p class=\"article-text\">\n        La pel\u00edcula cuenta la historia de Elsa, una directora de publicidad cuya madre muere durante un largo puente del mes de diciembre. \u201cEncuentra refugio en el trabajo, aunque es m\u00e1s bien una huida hacia adelante. Trabaja sin parar y, sin darse cuenta, no se concede el tiempo necesario para guardar el duelo por la ausencia materna. Hasta que una crisis de p\u00e1nico la obliga a detenerse e imponerse un descanso. Su pareja, Bonifacio, es su tabla de salvaci\u00f3n en esos momentos de crisis. Elsa decide viajar a la isla de Lanzarote acompa\u00f1ada por su amiga Patricia, que tambi\u00e9n necesita alejarse de Madrid, mientras que Bonifacio se queda en la ciudad\u201d, dice la sinopsis oficial.\n    <\/p>\n<p>    <a href=\"https:\/\/www.eldiario.es\/cultura\/cine\/oliver-laxe-apunta-oscar-sirat-froto-manos-pensando-siguiente-pelicula-veo-peligroso-liar_1_12850246.html\" data-mrf-recirculation=\"saber-mas-abajo\" data-dl-event=\"saber-mas-abajo\" rel=\"nofollow noopener\" target=\"_blank\"><\/p>\n<p class=\"know-more__title\">Oliver Laxe apunta a los Oscar: \u201cMe froto las manos pensando en la pr\u00f3xima pel\u00edcula. Me veo peligroso. La voy a liar\u201d\n<\/p>\n<p>            <img decoding=\"async\" class=\"lazy\" loading=\"lazy\" data-src=\"https:\/\/static.eldiario.es\/clip\/75e77209-ef3c-4e70-9304-ad4eb8c4a458_16-9-aspect-ratio_default_0.jpg\" src=\"data:image\/svg+xml,%3Csvg xmlns=\" http:=\"\" viewbox=\"0 0 880 495\" alt=\"Oliver Laxe apunta a los Oscar: \u201cMe froto las manos pensando en la pr\u00f3xima pel\u00edcula. Me veo peligroso. La voy a liar\u201d\"\/><\/p>\n<p>                        <\/a><\/p>\n<p class=\"article-text\">\n        Adem\u00e1s, la historia de estos personajes se narrar\u00e1 paralelamente a la del guionista y director de cine Ra\u00fal Dur\u00e1n, \u201centremezclando ficci\u00f3n y realidad\u201d. \u201cPorque\u00a0Amarga Navidad\u00a0desarrolla c\u00f3mo la vida y la ficci\u00f3n est\u00e1n unidas de un modo indisoluble, incluso doloroso en ocasiones\u201d, dicen del tema central de esta historia.\n    <\/p>\n","protected":false},"excerpt":{"rendered":"La nueva pel\u00edcula de Pedro Almod\u00f3var, Amarga Navidad, ha estrenado su primer teaser tr\u00e1iler. Un avance con muy&hellip;\n","protected":false},"author":2,"featured_media":294269,"comment_status":"","ping_status":"","sticky":false,"template":"","format":"standard","meta":{"footnotes":""},"categories":[169],"tags":[7666,7668,177,146,147,25,24,176,175,1156,2951,1822,977,23,70332,183],"class_list":{"0":"post-294268","1":"post","2":"type-post","3":"status-publish","4":"format-standard","5":"has-post-thumbnail","7":"category-cine","8":"tag-almodovar","9":"tag-amarga","10":"tag-cine","11":"tag-entertainment","12":"tag-entretenimiento","13":"tag-es","14":"tag-espana","15":"tag-film","16":"tag-movies","17":"tag-muestra","18":"tag-navidad","19":"tag-pedro","20":"tag-primer","21":"tag-spain","22":"tag-sugerente","23":"tag-trailer"},"share_on_mastodon":{"url":"https:\/\/pubeurope.com\/@es\/115740071326808431","error":""},"_links":{"self":[{"href":"https:\/\/www.europesays.com\/es\/wp-json\/wp\/v2\/posts\/294268","targetHints":{"allow":["GET"]}}],"collection":[{"href":"https:\/\/www.europesays.com\/es\/wp-json\/wp\/v2\/posts"}],"about":[{"href":"https:\/\/www.europesays.com\/es\/wp-json\/wp\/v2\/types\/post"}],"author":[{"embeddable":true,"href":"https:\/\/www.europesays.com\/es\/wp-json\/wp\/v2\/users\/2"}],"replies":[{"embeddable":true,"href":"https:\/\/www.europesays.com\/es\/wp-json\/wp\/v2\/comments?post=294268"}],"version-history":[{"count":0,"href":"https:\/\/www.europesays.com\/es\/wp-json\/wp\/v2\/posts\/294268\/revisions"}],"wp:featuredmedia":[{"embeddable":true,"href":"https:\/\/www.europesays.com\/es\/wp-json\/wp\/v2\/media\/294269"}],"wp:attachment":[{"href":"https:\/\/www.europesays.com\/es\/wp-json\/wp\/v2\/media?parent=294268"}],"wp:term":[{"taxonomy":"category","embeddable":true,"href":"https:\/\/www.europesays.com\/es\/wp-json\/wp\/v2\/categories?post=294268"},{"taxonomy":"post_tag","embeddable":true,"href":"https:\/\/www.europesays.com\/es\/wp-json\/wp\/v2\/tags?post=294268"}],"curies":[{"name":"wp","href":"https:\/\/api.w.org\/{rel}","templated":true}]}}