{"id":294317,"date":"2025-12-18T11:11:10","date_gmt":"2025-12-18T11:11:10","guid":{"rendered":"https:\/\/www.europesays.com\/es\/294317\/"},"modified":"2025-12-18T11:11:10","modified_gmt":"2025-12-18T11:11:10","slug":"maria-teresa-turrion-una-espanola-en-la-corte-real-britanica","status":"publish","type":"post","link":"https:\/\/www.europesays.com\/es\/294317\/","title":{"rendered":"Mar\u00eda Teresa Turri\u00f3n, una espa\u00f1ola en la corte real brit\u00e1nica"},"content":{"rendered":"<p class=\"paragraph\">Las ni\u00f1eras de los miembros m\u00e1s j\u00f3venes de la familia real brit\u00e1nica se convertieron en tema de conversaci\u00f3n ayer en varios medios brit\u00e1nicos por su asistencia al almuerzo navide\u00f1o de los Windsor en el palacio Buckingham, celebrado el lunes. Las im\u00e1genes de la nueva ni\u00f1era de los hijos de la princesa Eugenia de York, que luc\u00eda melena bicolor y dos pendientes en la nariz, sorprendi\u00f3 y contrast\u00f3 con la imagen de la espa\u00f1ola Mar\u00eda Teresa Turri\u00f3n Borrallo, ni\u00f1era de los pr\u00edncipes de Gales, que fue aplaudida por el aspecto formal y recatado que la caracteriza.<\/p>\n<p class=\"paragraph\">Turri\u00f3n fue fotografiada en la parte posterior del coche conducido por el pr\u00edncipe Guillermo de Gales, en el que la princesa Carlota viajaba en el lugar del copiloto, mientras se dirig\u00edan a la reuni\u00f3n \u00edntima, y que consideran privada, de la familia real brit\u00e1nica previa a la Navidad. Un asistencia interpretada como el reflejo de la cercan\u00eda con los pr\u00edncipes Guillermo y Catalina de Gales y sus tres hijos.<\/p>\n<p><img decoding=\"async\" class=\"w-full\"   alt=\"Maria Teresa Turrion Borrallo, en una imagen de archivo del 2017.\u00a0\" data-full-src=\"https:\/\/www.lavanguardia.com\/uploads\/2022\/10\/19\/635023c1c80f0.jpeg\" src=\"https:\/\/www.europesays.com\/es\/wp-content\/uploads\/2025\/12\/635023c1c80f0.jpeg\" width=\"449\" height=\"917\" loading=\"lazy\"\/>Maria Teresa Turrion Borrallo, en una imagen de archivo del 2017.\u00a0FD<\/p>\n<p class=\"paragraph\">Turri\u00f3n fue contratada por el pr\u00edncipe y la princesa de Gales en el 2014 para ayudarles a cuidar al pr\u00edncipe Jorge cuando ten\u00eda ocho meses. Ahora tambi\u00e9n cuida de Carlota y del travieso Luis.<\/p>\n<p class=\"paragraph\">Viv\u00eda con la familia en el apartamento 1\u00baA palacio de Kensington, pero cuando se mudaron desde el centro de Londres a Adelaide Cottage, la peque\u00f1a casita aleda\u00f1a al castillo de Windsor que ha sido el hogar de los pr\u00edncipes los \u00faltimos a\u00f1os, Turri\u00f3n dej\u00f3 de ser ni\u00f1era interna. A\u00fan as\u00ed, ha seguido cuidando de los peque\u00f1os mientras reside en otra propiedad cercana.<\/p>\n<p class=\"paragraph\">En el momento de su contrataci\u00f3n, las oficinas del palacio de Kensington emitieron un comunicado confirmando su ocupaci\u00f3n: \u201cMar\u00eda es ni\u00f1era a tiempo completo, empez\u00f3 a trabajar con nosotros recientemente\u201d. \u201cNo daremos m\u00e1s detalles sobre Mar\u00eda ni sobre su empleo, salvo decir que el duque y la duquesa (Guillermo y Catalina) est\u00e1n, por supuesto, encantados de que haya decidido unirse a ellos\u201d.<\/p>\n<p class=\"paragraph\">Mar\u00eda naci\u00f3 en Madrid, pero creci\u00f3 en Palencia. Se dice que sus allegados la apodaron la santa cuando era ni\u00f1a y amigos de la infancia han afirmado anteriormente que se habr\u00eda hecho monja si no hubiera seguido su pasi\u00f3n por el cuidado de los ni\u00f1os.<\/p>\n<p class=\"paragraph\">Es graduada de la prestigiosa escuela de ni\u00f1eras Norland College, en Bath, donde los estudiantes son conocidos por sus distintivos uniformes y reciben una extensa formaci\u00f3n en aspectos del cuidado de j\u00f3venes durante sus tres a\u00f1os de carrera. Las ni\u00f1eras tambi\u00e9n reciben formaci\u00f3n sobre c\u00f3mo lidiar con los paparazzi y artes marciales y son llevadas al Circuito de Carreras de Castle Combe, en Wiltshire, para perfeccionar sus habilidades al volante y aprender a conducir a alta velocidad en cualquier condici\u00f3n clim\u00e1tica.<\/p>\n<p class=\"paragraph\">Uno de los cuatro hermanos Turri\u00f3n Borrallo, Luis, s\u00ed sigui\u00f3 la v\u00eda religiosa, tras ser ordenado di\u00e1cono en el 2011. Es director del secretariado pastoral de la salud en la di\u00f3cesis de Palencia y desde el 2024 se ocupa de la iglesia colegiata de San Miguel en Ampudia. Otro hermano, Ignacio, da clases de viola y viol\u00edn a alumnos particulares. Y el hermano menor, Pablo, es profesor y trabaj\u00f3 en el sur de Francia.<\/p>\n","protected":false},"excerpt":{"rendered":"Las ni\u00f1eras de los miembros m\u00e1s j\u00f3venes de la familia real brit\u00e1nica se convertieron en tema de conversaci\u00f3n&hellip;\n","protected":false},"author":2,"featured_media":294318,"comment_status":"","ping_status":"","sticky":false,"template":"","format":"standard","meta":{"footnotes":""},"categories":[174],"tags":[255,146,147,25,24,256,23],"class_list":{"0":"post-294317","1":"post","2":"type-post","3":"status-publish","4":"format-standard","5":"has-post-thumbnail","7":"category-famosos","8":"tag-celebrities","9":"tag-entertainment","10":"tag-entretenimiento","11":"tag-es","12":"tag-espana","13":"tag-famosos","14":"tag-spain"},"share_on_mastodon":{"url":"https:\/\/pubeurope.com\/@es\/115740271868732931","error":""},"_links":{"self":[{"href":"https:\/\/www.europesays.com\/es\/wp-json\/wp\/v2\/posts\/294317","targetHints":{"allow":["GET"]}}],"collection":[{"href":"https:\/\/www.europesays.com\/es\/wp-json\/wp\/v2\/posts"}],"about":[{"href":"https:\/\/www.europesays.com\/es\/wp-json\/wp\/v2\/types\/post"}],"author":[{"embeddable":true,"href":"https:\/\/www.europesays.com\/es\/wp-json\/wp\/v2\/users\/2"}],"replies":[{"embeddable":true,"href":"https:\/\/www.europesays.com\/es\/wp-json\/wp\/v2\/comments?post=294317"}],"version-history":[{"count":0,"href":"https:\/\/www.europesays.com\/es\/wp-json\/wp\/v2\/posts\/294317\/revisions"}],"wp:featuredmedia":[{"embeddable":true,"href":"https:\/\/www.europesays.com\/es\/wp-json\/wp\/v2\/media\/294318"}],"wp:attachment":[{"href":"https:\/\/www.europesays.com\/es\/wp-json\/wp\/v2\/media?parent=294317"}],"wp:term":[{"taxonomy":"category","embeddable":true,"href":"https:\/\/www.europesays.com\/es\/wp-json\/wp\/v2\/categories?post=294317"},{"taxonomy":"post_tag","embeddable":true,"href":"https:\/\/www.europesays.com\/es\/wp-json\/wp\/v2\/tags?post=294317"}],"curies":[{"name":"wp","href":"https:\/\/api.w.org\/{rel}","templated":true}]}}