{"id":294321,"date":"2025-12-18T11:14:14","date_gmt":"2025-12-18T11:14:14","guid":{"rendered":"https:\/\/www.europesays.com\/es\/294321\/"},"modified":"2025-12-18T11:14:14","modified_gmt":"2025-12-18T11:14:14","slug":"frodo-dkl-el-asturiano-que-vistio-con-luz-a-cristina-pedroche-en-el-hormiguero","status":"publish","type":"post","link":"https:\/\/www.europesays.com\/es\/294321\/","title":{"rendered":"Frodo DKL, el asturiano que visti\u00f3 con luz a Cristina Pedroche en \u00abEl Hormiguero\u00bb"},"content":{"rendered":"<p class=\"ft-text\">Desde hace doce a\u00f1os, el misterio de las Navidades en Espa\u00f1a es el vestido (o la falta de \u00e9l) con el que Cristina Pedroche dar\u00e1 las campanadas de Nochevieja. <strong>En la noche de este mi\u00e9rcoles, en el programa televisivo de m\u00e1xima audiencia \u201cEl Hormiguero\u201d, por primera vez Pedroche se puso un vestido de fin de a\u00f1o antes de las uvas.<\/strong> <strong>Fue un vestido de luz que le hizo sobre la marcha el fot\u00f3grafo ovetense Frodo \u00c1lvarez<\/strong>, un artista de reconocimiento internacional gracias al <strong>\u201clightpainting\u201d, <\/strong>una disciplina que consiste en pintar con peque\u00f1as linternas de colores gracias a largas exposiciones de las c\u00e1maras.<\/p>\n<p><img decoding=\"async\" src=\"https:\/\/www.europesays.com\/es\/wp-content\/uploads\/2025\/12\/74c2be40-1988-4345-ac56-5528a5f83d66_alta-libre-aspect-ratio_default_0.jpg\" width=\"1200\" height=\"761\" alt=\"Frodo \u00c1lvarez, a la derecha, preparando la foto final con la que se cerr\u00f3 la emisi\u00f3n de &quot;El Hormiguero&quot; y en la que pint\u00f3 una felicitaci\u00f3n de navidad.\" class=\"ft-helper-img-rd\" loading=\"lazy\"\/><\/p>\n<p class=\"ft-helper-fontColor-quaternary ft-helper-fontSize-body-S ft-helper-spacer-t-xxs\">Frodo \u00c1lvarez, a la derecha, preparando la foto final con la que se cerr\u00f3 la emisi\u00f3n de \u00abEl Hormiguero\u00bb y en la que pint\u00f3 una felicitaci\u00f3n de navidad.  \/ .<\/p>\n<p class=\"ft-text\"><strong>Frodo DKL (de \u201cdark light\u201d) es el nombre art\u00edstico de Alfredo \u00c1lvarez (Oviedo, 1977), un aut\u00e9ntico pintor de luz que lleva m\u00e1s de una d\u00e9cada triunfando por todo el mundo con unas im\u00e1genes que parecen imposibles. <\/strong>En \u00abEl Hormiguero\u00bb volvi\u00f3 a demostrar su talento con las peque\u00f1as linternas de colores que usa para \u201cpintar\u201d sobre la imagen. Colorea en tiempo real gracias a que la imagen se toma con una larga exposici\u00f3n en el diafragma de la c\u00e1mara fotogr\u00e1fica. No s\u00f3lo envolvi\u00f3 a Cristina Pedroche con un traje que parec\u00eda compuesto de estrellas, sali\u00e9ndole llamaradas de la mano, sino que luego fotografi\u00f3 al presentador, Pablo Motos, a Pedroche y al colaborador Marron con el p\u00fablico de fondo<strong>. A todos les dio peque\u00f1as linternas y todos juntos compusieron una gran felicitaci\u00f3n navide\u00f1a de \u201cEl Hormiguero\u201d.<\/strong><\/p>\n<p class=\"ft-text\">El pintor de luz ovetense fue el gran n\u00famero final del programa de Pablo Motos, uno de los grandes espacios de la televisi\u00f3n nacional. F<strong>ue, sin duda, el momento m\u00e1s sorprendente de un programa espacio televisivo por intentar asombrar cada segundo a la audiencia con los n\u00fameros m\u00e1s imprevisibles.<\/strong> Y en esta ocasi\u00f3n lo lograron con creces.<\/p>\n<p class=\"ft-text\">Frodo lleg\u00f3 a casa de madrugada, agotado y feliz. Hab\u00edan sido diez horas de preparativos para cinco minutos en antena. Pero cinco minutos que le han dado una proyecci\u00f3n nacional total. Apenas hab\u00eda dormido el d\u00eda anterior. \u201cCuando tengo cosas importantes al d\u00eda siguiente me cuesta dormirme\u201d, reconoc\u00eda. Pero estaba feliz. \u201c<strong>Nos trataron incre\u00edblemente bien, es un equipazo el del Hormiguero.Luego nos felicitaron much\u00edsimo. Muchos no se lo esperaban, no sab\u00edan lo que era exactamente\u201d.<\/strong> Una de las sorprendidas fue la propia Cristina Pedroche, la invitada del programa. No sab\u00eda en qu\u00e9 consist\u00eda el n\u00famero final. Aunque Frodo hab\u00eda hecho fotograf\u00edas de prueba con Pablo Motos y Marron, no hab\u00eda habido ensayos previos con ella. <strong>\u201cPara Cristina era sorpresa. De hecho, yo ten\u00eda mucha incertidumbre por saber c\u00f3mo ir\u00eda vestida. Dependiendo de eso podr\u00eda influir en lo que yo hiciera, en que se visualizara de una forma u otra, que unos colores se vieran mejor o peor. Pero sali\u00f3 todo rodado\u201d<\/strong>, explicaba Frodo a LA NUEVA ESPA\u00d1A al filo de las dos de la madrugada.<\/p>\n<p class=\"ft-text\">Cuando termin\u00f3 \u201ccasi me temblaban las manos de la adrenalina del momento. Fue a toda velocidad, yo iba en piloto autom\u00e1tico, no s\u00e9 ni c\u00f3mo sali\u00f3 todo bien\u201d. Ya en casa era todo agradecimientos: a <strong>C\u00e9dric,<\/strong> de la agencia<strong> Creartys <\/strong>con la que colabora desde 2015 y que consiguieron llevarle al espacio de Pablo Motos. Tambi\u00e9n a su equipo: <strong>Sezo,<\/strong> su ayudante, \u201cque fue el encargado de escribir \u2018Feliz Navidad\u2019 en la foto que hicimos con el p\u00fablico, y a <strong>Edna Melantouche<\/strong>, que se encarg\u00f3 de la parte t\u00e9cnica y de generar unos v\u00eddeo con IA que luego no dio tiempo a emitir\u201d.<\/p>\n<p><img decoding=\"async\" src=\"https:\/\/www.europesays.com\/es\/wp-content\/uploads\/2025\/12\/5579a72e-fde7-4f01-9172-209b365b9e7d_alta-libre-aspect-ratio_default_0.jpg\" width=\"1200\" height=\"561\" alt=\"La felicitaci\u00f3n navide\u00f1a que Frodo DKL pint\u00f3 como n\u00famero final de la emisi\u00f3n de \u00b7El Hormiguero&quot; en la noche del mi\u00e9rcoles.\" class=\"ft-helper-img-rd\" loading=\"lazy\"\/><\/p>\n<p class=\"ft-helper-fontColor-quaternary ft-helper-fontSize-body-S ft-helper-spacer-t-xxs\">La felicitaci\u00f3n navide\u00f1a que Frodo DKL pint\u00f3 como n\u00famero final de la emisi\u00f3n de \u00b7El Hormiguero\u00bb en la noche del mi\u00e9rcoles.  \/ .<\/p>\n<p class=\"ft-text\">Frodo era todo agradecimiento, adem\u00e1s de a todos sus amigos y conocidos que estuvieron sigui\u00e9ndolo.<strong> \u201cHa sido muy importante porque la comunidad lightpaintig sigue siendo muy underground, poco mainstream, se desconoce much\u00edsimo y no se valora tanto porque no se conoce.<\/strong> Pero el lightpainting tiene un gran potencial creativo y necesitaba algo que le diera visibilidad y no pudo haber un escaparate mejor en Espa\u00f1a que un late night con millones de espectadores y, adem\u00e1s, uno de los programas con m\u00e1s hype del a\u00f1o, al que acudi\u00f3 como invitada Cristina Pedroche, con la curiosidad que siempre suscita qu\u00e9 se pondr\u00e1 en Nochevieja\u201d.<\/p>\n<p class=\"ft-text\">Ya en casa, pasado el d\u00eda m\u00e1s largo de su vida, Frodo echaba la vista atr\u00e1s. <strong>\u201cMe re\u00eda yo solo de c\u00f3mo se pasa de estar a punto de que te dispare la polic\u00eda en Los \u00c1ngeles por hacer lightpainting a estar en un tramo de prime time de la televisi\u00f3n nacional.<\/strong> Estoy muy contento. Espero que haya gustado\u201d. Y luego salud\u00f3 y agradeci\u00f3 a todos. \u201cVa por todos mis compa\u00f1eros que hacen lightpainting, porque la comunidad crezca. <strong>Mucha luz para todos\u201d.<\/strong><\/p>\n","protected":false},"excerpt":{"rendered":"Desde hace doce a\u00f1os, el misterio de las Navidades en Espa\u00f1a es el vestido (o la falta de&hellip;\n","protected":false},"author":2,"featured_media":294322,"comment_status":"","ping_status":"","sticky":false,"template":"","format":"standard","meta":{"footnotes":""},"categories":[171],"tags":[12232,1770,18875,70345,5813,146,147,25,24,782,70344,1875,5812,23,70346,214,22919],"class_list":{"0":"post-294321","1":"post","2":"type-post","3":"status-publish","4":"format-standard","5":"has-post-thumbnail","7":"category-tv","8":"tag-asturiano","9":"tag-asturias","10":"tag-cristina-pedroche","11":"tag-dkl","12":"tag-el-hormiguero","13":"tag-entertainment","14":"tag-entretenimiento","15":"tag-es","16":"tag-espana","17":"tag-estrellas","18":"tag-frodo","19":"tag-luz","20":"tag-pablo-motos","21":"tag-spain","22":"tag-talento-exterior","23":"tag-tv","24":"tag-vistio"},"share_on_mastodon":{"url":"https:\/\/pubeurope.com\/@es\/115740283451300226","error":""},"_links":{"self":[{"href":"https:\/\/www.europesays.com\/es\/wp-json\/wp\/v2\/posts\/294321","targetHints":{"allow":["GET"]}}],"collection":[{"href":"https:\/\/www.europesays.com\/es\/wp-json\/wp\/v2\/posts"}],"about":[{"href":"https:\/\/www.europesays.com\/es\/wp-json\/wp\/v2\/types\/post"}],"author":[{"embeddable":true,"href":"https:\/\/www.europesays.com\/es\/wp-json\/wp\/v2\/users\/2"}],"replies":[{"embeddable":true,"href":"https:\/\/www.europesays.com\/es\/wp-json\/wp\/v2\/comments?post=294321"}],"version-history":[{"count":0,"href":"https:\/\/www.europesays.com\/es\/wp-json\/wp\/v2\/posts\/294321\/revisions"}],"wp:featuredmedia":[{"embeddable":true,"href":"https:\/\/www.europesays.com\/es\/wp-json\/wp\/v2\/media\/294322"}],"wp:attachment":[{"href":"https:\/\/www.europesays.com\/es\/wp-json\/wp\/v2\/media?parent=294321"}],"wp:term":[{"taxonomy":"category","embeddable":true,"href":"https:\/\/www.europesays.com\/es\/wp-json\/wp\/v2\/categories?post=294321"},{"taxonomy":"post_tag","embeddable":true,"href":"https:\/\/www.europesays.com\/es\/wp-json\/wp\/v2\/tags?post=294321"}],"curies":[{"name":"wp","href":"https:\/\/api.w.org\/{rel}","templated":true}]}}