{"id":294505,"date":"2025-12-18T13:36:35","date_gmt":"2025-12-18T13:36:35","guid":{"rendered":"https:\/\/www.europesays.com\/es\/294505\/"},"modified":"2025-12-18T13:36:35","modified_gmt":"2025-12-18T13:36:35","slug":"rubens-palomino-arte-contemporaneo-y-maria-magdalena-son-las-propuestas-del-bellas-artes-para-2026","status":"publish","type":"post","link":"https:\/\/www.europesays.com\/es\/294505\/","title":{"rendered":"Rubens, Palomino, arte contempor\u00e1neo y Mar\u00eda Magdalena son las propuestas del Bellas Artes para 2026"},"content":{"rendered":"<p class=\"ft-text\">En una temporada que se<strong> iniciar\u00e1 con las vanguardias y acabar\u00e1 en el Barroco<\/strong>, el<a class=\"ft-link ft-link--decoration\" href=\"https:\/\/www.levante-emv.com\/tags\/museo-de-bellas-artes\/\" rel=\"nofollow noopener\" target=\"_blank\"> Museo de Bellas Artes de Val\u00e8ncia<\/a> apuesta por<strong> Rubens como el gran reclamo del a\u00f1o 2026.<\/strong> \u00abSer\u00e1 nuestra exposici\u00f3n m\u00e1s ambiciosa\u00bb, reconoc\u00eda <a class=\"ft-link ft-link--decoration\" href=\"https:\/\/www.levante-emv.com\/fotos\/cultura\/2025\/07\/20\/pablo-gonzalez-tornel-museo-bellas-artes-san-pio-v-119744676.html\" rel=\"nofollow noopener\" target=\"_blank\">Pablo Gonz\u00e1lez Tornel<\/a>, director de la pinacoteca. \u00abFascinante\u00bb, lleg\u00f3 a decir de &#8216;<strong>Rubens<\/strong>, el florecimiento de un genio&#8217;; un proyecto, comisariado por<a class=\"ft-link ft-link--decoration\" href=\"https:\/\/www.levante-emv.com\/sociedad\/2020\/01\/14\/ana-dieguez-rodriguez-arte-contemporaneo-11702468.html\" rel=\"nofollow noopener\" target=\"_blank\"> Ana Di\u00e9guez-Rodr\u00edguez, directora del Instituto Moll, <\/a>en el que se exhibir\u00e1 \u00abel ambiente que rodeaba al pintor para llegar a ser quien fue\u00bb.<\/p>\n<p><img decoding=\"async\" src=\"https:\/\/www.europesays.com\/es\/wp-content\/uploads\/2025\/12\/be449d0e-4b11-49c5-b632-576d448d1b13_alta-libre-aspect-ratio_default_0.jpg\" width=\"1200\" height=\"1774\" alt=\"Virgen con el Ni\u00f1o de Rubens\" class=\"ft-helper-img-rd\" loading=\"lazy\"\/><\/p>\n<p class=\"ft-helper-fontColor-quaternary ft-helper-fontSize-body-S ft-helper-spacer-t-xxs\">Virgen con el Ni\u00f1o de Rubens  \/ Levante-EMV<\/p>\n<p class=\"ft-text\">La <strong>programaci\u00f3n expositiva de 2026<\/strong> situar\u00e1 al<a class=\"ft-link ft-link--decoration\" href=\"https:\/\/www.levante-emv.com\/cultura\/2025\/12\/16\/queremos-museo-espectacular-fuera-124840485.html\" rel=\"nofollow noopener\" target=\"_blank\"> Bellas Artes<\/a>, se vanaglori\u00f3 el director, <strong> \u00aben la primera l\u00ednea internacional sin olvidar sus ra\u00edces en la ciudad de Val\u00e8ncia\u201d<\/strong>. Lo que justific\u00f3 en que, durante 2026, \u201c<a class=\"ft-link ft-link--decoration\" href=\"https:\/\/www.levante-emv.com\/valencia\/2023\/03\/29\/palomino-regresa-santos-juanes-85335536.html\" rel=\"nofollow noopener\" target=\"_blank\">Palomino conectar\u00e1 con Santos Juanes<\/a>, los Desamparados o San Nicol\u00e1s, mientras que Rubens enlazar\u00e1 con el mejor Barroco europeo\u201d. \u201cLa vanguardia contempor\u00e1nea convivir\u00e1 en el <a class=\"ft-link ft-link--decoration\" href=\"https:\/\/www.levante-emv.com\/cultura\/2025\/12\/16\/urbanizacion-entorno-bellas-artes-vuelve-124813858.html\" rel=\"nofollow noopener\" target=\"_blank\">Bellas Artes <\/a>con obras maestras de Artemisia Gentileschi, Pedro de Mena o Jos\u00e9 de Ribera\u201d ejemplific\u00f3 Gonz\u00e1lez Tornel, mientras la secretaria auton\u00f3mica, Marta Alonso, ensalz\u00f3 que el museo \u201csigue avanzando hacia la<strong> excelencia con propuestas de hondo calado nacional e internacional.<\/strong> La fortaleza de esta programaci\u00f3n es combinar la riqueza de las colecciones del Museo con los excelentes pr\u00e9stamos de las principales instituciones europeas\u201d, ha subrayado la secretaria auton\u00f3mica.<\/p>\n<blockquote class=\"ft-mol-quote\" data-aida-quote=\"\"><p> \u201cPalomino conectar\u00e1 con Santos Juanes, los Desamparados o San Nicol\u00e1s, mientras que Rubens enlazar\u00e1 con el mejor Barroco europeo\u201d<\/p><\/blockquote>\n<p>Rubens<\/p>\n<p class=\"ft-text\">&#8216;Rubens, El florecimiento de un genio&#8217; ejemplificar\u00e1 que la<a class=\"ft-link ft-link--decoration\" href=\"https:\/\/www.levante-emv.com\/opinion\/2024\/04\/24\/rubens-clausura-101466950.html\" rel=\"nofollow noopener\" target=\"_blank\"><strong> genialidad de Rubens <\/strong><\/a><strong>no apareci\u00f3 de la nada, sino que se fue fraguando poco a poco. <\/strong>Cierto es que su talento era innato, pero sin un ambiente que lo propiciara y un contexto que lo estimulara poco se pod\u00eda hacer, salvo convertirse en un artista diestro. Rubens lleg\u00f3 a ser Rubens por una serie de circunstancias y de actores que se cruzaron en su camino y eso es lo que esta exposici\u00f3n quiere destacar. La muestra, seg\u00fan desgran\u00f3 Gonz\u00e1lez Tornel,<strong> abarcar\u00e1 desde el ambiente que el maestro flamenco vivi\u00f3 y respir\u00f3 en Amberes en el \u00faltimo cuarto del siglo XVI, hasta 1621<\/strong>, a\u00f1o del fallecimiento del archiduque Alberto de Austria, y el comienzo de una nueva etapa pol\u00edtica en Flandes. En ese marco ser\u00e1 en el que se presentar\u00e1 la <strong>obra de Ruben<\/strong>s y sus coet\u00e1neos en la exposici\u00f3n prevista del 2 de julio al 4 de octubre.<\/p>\n<p><img decoding=\"async\" src=\"https:\/\/www.europesays.com\/es\/wp-content\/uploads\/2025\/12\/5826f7cd-a43b-4bd9-b2da-b8a5a97cfb52_alta-libre-aspect-ratio_default_0.jpg\" width=\"1200\" height=\"822\" alt=\"El alambique de Equipo Cr\u00f3nica\" class=\"ft-helper-img-rd\" loading=\"lazy\"\/><\/p>\n<p class=\"ft-helper-fontColor-quaternary ft-helper-fontSize-body-S ft-helper-spacer-t-xxs\">El alambique de Equipo Cr\u00f3nica  \/ Levante-EMV<\/p>\n<p>Tiempos modernos y Palomino<\/p>\n<p class=\"ft-text\">El a\u00f1o expositivo se iniciar\u00e1 con \u2018Tiempos modernos. La<strong> colecci\u00f3n contempor\u00e1nea del <\/strong><a class=\"ft-link ft-link--decoration\" href=\"https:\/\/www.levante-emv.com\/cultura\/2025\/12\/16\/urbanizacion-entorno-bellas-artes-vuelve-124813858.html\" rel=\"nofollow noopener\" target=\"_blank\">Museo de Bellas Artes de Val\u00e8ncia<\/a>\u2019 (<strong>10 de marzo &#8211; 31 de mayo<\/strong>). Una muestra que propone un viaje a trav\u00e9s de la pintura valenciana o vinculada con Val\u00e8ncia<strong> desde la d\u00e9cada de los a\u00f1os cuarenta a los setenta del siglo XX<\/strong>. Con esta exposici\u00f3n, tambi\u00e9n se trata de reivindicar y poner en valor la propia colecci\u00f3n mucha de ella oculta al p\u00fablico. Ser\u00e1 \u00ab<strong>Antonio Palomino y el oto\u00f1o del Barroco\u00bb<\/strong>, la exposici\u00f3n con la que se recorrer\u00e1 la vida y labor de uno de los hombres \u00abque vio nacer un mundo nuevo, pero sigui\u00f3 viviendo anclado en el que agonizaba\u00bb, dijo Gonz\u00e1lez Tornel. Ser\u00e1 del<strong> 18 de junio al 20 de septiembre<\/strong>. Comisariada por el historiadorJos\u00e9 Riello (<a class=\"ft-link ft-link--decoration\" href=\"https:\/\/www.levante-emv.com\/tags\/universidad-complutense-de-madrid\/\" rel=\"nofollow noopener\" target=\"_blank\">Universidad Complutense de Madrid<\/a>), se analiza la figura del pintor y tratadista cordob\u00e9s, que entre 1699 y 1704 en Valencia particip\u00f3 en la Bas\u00edlica, <a class=\"ft-link ft-link--decoration\" href=\"https:\/\/www.levante-emv.com\/valencia\/2025\/11\/06\/restauracion-san-nicolas-capilla-sixtina-123434160.html\" rel=\"nofollow noopener\" target=\"_blank\">San Nicol\u00e1s<\/a> o los<strong> <\/strong><a class=\"ft-link ft-link--decoration\" href=\"https:\/\/www.levante-emv.com\/valencia\/2025\/11\/27\/exuberancia-barroca-santos-juanes-valencia-124194519.html\" rel=\"nofollow noopener\" target=\"_blank\">Santos Juanes<\/a> y \u00abmarc\u00f3\u00bb la imagen de Val\u00e8ncia.<\/p>\n<p><img decoding=\"async\" src=\"https:\/\/www.europesays.com\/es\/wp-content\/uploads\/2025\/12\/408a8910-4d4f-4110-931e-e8da85a6911c_alta-libre-aspect-ratio_default_0.jpg\" width=\"1200\" height=\"1621\" alt=\"\u00daltima comuni\u00f3n de la Magdalena de Jer\u00f3nimo Jacinto de Espinosa\" class=\"ft-helper-img-rd\" loading=\"lazy\"\/><\/p>\n<p class=\"ft-helper-fontColor-quaternary ft-helper-fontSize-body-S ft-helper-spacer-t-xxs\">\u00daltima comuni\u00f3n de la Magdalena de Jer\u00f3nimo Jacinto de Espinosa  \/ Levante-EMV<\/p>\n<p>Magdalena para cerrar el a\u00f1o<\/p>\n<p class=\"ft-text\">Las propuestas expositivas se cerrar\u00e1n con<strong> \u2018Magdalena. Santa y pecadora\u2019 (29 de octubre &#8211; 14 de febrero 2027)<\/strong>. Una reflexi\u00f3n sobre los<strong> roles asignados a la mujer en la historia de las artes visuales a trav\u00e9s de <\/strong><a class=\"ft-link ft-link--decoration\" href=\"https:\/\/www.levante-emv.com\/cultura\/2021\/08\/12\/pedro-orrente-crece-bellas-artes-56144282.html\" rel=\"nofollow noopener\" target=\"_blank\">Mar\u00eda Magdalena,<\/a> una mujer capaz de condenar a la humanidad por su sexualidad y que, renunciando a su propia esencia f\u00edsica, fue propuesta como modelo cristiano. Con Magdalena, la belleza pudo ser expresi\u00f3n de los instintos m\u00e1s b\u00e1sicos para luego transformarse en una manifestaci\u00f3n de la perfecci\u00f3n m\u00e1s absoluta\u00bb, explic\u00f3 Gonz\u00e1lez Tornel que es, tambi\u00e9n, comisario de la exposici\u00f3n que a trav\u00e9s de setenta piezas de los principales artistas del Barroco mediterr\u00e1neo, permitir\u00e1 conocer estar figura.<\/p>\n","protected":false},"excerpt":{"rendered":"En una temporada que se iniciar\u00e1 con las vanguardias y acabar\u00e1 en el Barroco, el Museo de Bellas&hellip;\n","protected":false},"author":2,"featured_media":294506,"comment_status":"","ping_status":"","sticky":false,"template":"","format":"standard","meta":{"footnotes":""},"categories":[173],"tags":[229,2875,233,231,230,28653,209,232,234,146,147,25,24,24799,707,1932,41080,64891,8485,37063,23],"class_list":{"0":"post-294505","1":"post","2":"type-post","3":"status-publish","4":"format-standard","5":"has-post-thumbnail","7":"category-arte-y-diseno","8":"tag-arte","9":"tag-arte-contemporaneo","10":"tag-arte-y-diseno","11":"tag-arts","12":"tag-arts-and-design","13":"tag-contemporaneo","14":"tag-cultura","15":"tag-design","16":"tag-diseno","17":"tag-entertainment","18":"tag-entretenimiento","19":"tag-es","20":"tag-espana","21":"tag-juanes","22":"tag-levante-emv","23":"tag-maria","24":"tag-museo-de-bellas-artes","25":"tag-palomino","26":"tag-programacion","27":"tag-rubens","28":"tag-spain"},"share_on_mastodon":{"url":"https:\/\/pubeurope.com\/@es\/115740841461953211","error":""},"_links":{"self":[{"href":"https:\/\/www.europesays.com\/es\/wp-json\/wp\/v2\/posts\/294505","targetHints":{"allow":["GET"]}}],"collection":[{"href":"https:\/\/www.europesays.com\/es\/wp-json\/wp\/v2\/posts"}],"about":[{"href":"https:\/\/www.europesays.com\/es\/wp-json\/wp\/v2\/types\/post"}],"author":[{"embeddable":true,"href":"https:\/\/www.europesays.com\/es\/wp-json\/wp\/v2\/users\/2"}],"replies":[{"embeddable":true,"href":"https:\/\/www.europesays.com\/es\/wp-json\/wp\/v2\/comments?post=294505"}],"version-history":[{"count":0,"href":"https:\/\/www.europesays.com\/es\/wp-json\/wp\/v2\/posts\/294505\/revisions"}],"wp:featuredmedia":[{"embeddable":true,"href":"https:\/\/www.europesays.com\/es\/wp-json\/wp\/v2\/media\/294506"}],"wp:attachment":[{"href":"https:\/\/www.europesays.com\/es\/wp-json\/wp\/v2\/media?parent=294505"}],"wp:term":[{"taxonomy":"category","embeddable":true,"href":"https:\/\/www.europesays.com\/es\/wp-json\/wp\/v2\/categories?post=294505"},{"taxonomy":"post_tag","embeddable":true,"href":"https:\/\/www.europesays.com\/es\/wp-json\/wp\/v2\/tags?post=294505"}],"curies":[{"name":"wp","href":"https:\/\/api.w.org\/{rel}","templated":true}]}}