{"id":294519,"date":"2025-12-18T13:45:15","date_gmt":"2025-12-18T13:45:15","guid":{"rendered":"https:\/\/www.europesays.com\/es\/294519\/"},"modified":"2025-12-18T13:45:15","modified_gmt":"2025-12-18T13:45:15","slug":"el-bce-mantiene-los-tipos-en-el-2-en-la-ultima-reunion-del-ano","status":"publish","type":"post","link":"https:\/\/www.europesays.com\/es\/294519\/","title":{"rendered":"El BCE mantiene los tipos en el 2% en la \u00faltima reuni\u00f3n del a\u00f1o"},"content":{"rendered":"<p>El Banco Central Europeo (BCE) sigue apostando por la prudencia y ha optado por <strong>mantener los tipos de inter\u00e9s en el<\/strong> <strong>2%<\/strong> en la \u00faltima reuni\u00f3n del Consejo de Gobierno antes de cerrar el a\u00f1o 2025. Toma as\u00ed la misma decisi\u00f3n que <a href=\"https:\/\/www.rtve.es\/noticias\/20251030\/bce-tipos-interes\/16791850.shtml\" target=\"_blank\" rel=\"nofollow noopener\">el pasado mes de octubre<\/a>, cuando tampoco los movi\u00f3 por un repunte de la inflaci\u00f3n en Europa. Por tanto, ya son <strong>cuatro veces consecutivas<\/strong> las que ha dejado los tipos como est\u00e1n, sin subirlos ni bajarlos, todo ello mientras sigue persiguiendo llevar la inflaci\u00f3n al 2% y monitorizando la econom\u00eda de la eurozona.<\/p>\n<p>De este modo, la entidad <a href=\"https:\/\/www.ecb.europa.eu\/press\/pr\/date\/2025\/html\/ecb.mp251218~58b0e415a6.es.html\" target=\"_blank\" rel=\"nofollow noopener\">ha comunicado<\/a> que la facilidad de dep\u00f3sito se mantendr\u00e1 en el 2,00%; las operaciones principales de financiaci\u00f3n, en el 2,15%; y la facilidad marginal de cr\u00e9dito, en el 2,40%.<\/p>\n<p><strong>La \u00faltima vez que la entidad recort\u00f3 los tipos fue <\/strong><strong><a href=\"https:\/\/www.rtve.es\/noticias\/20250605\/bce-tipos-interes\/16609582.shtml\" target=\"_blank\" rel=\"nofollow noopener\">en junio<\/a><\/strong> \u2014cuando los pas\u00f3 del 2,25% al actual 2%\u2014 y desde entonces no los ha modificado porque considera que est\u00e1 en una \u00abbuena posici\u00f3n\u00bb de pol\u00edtica monetaria para afrontar la incertidumbre actual. Si se sigue haciendo retrospectiva, <strong>tambi\u00e9n los baj\u00f3 25 puntos b\u00e1sicos<\/strong> en sus reuniones de <strong><a href=\"https:\/\/www.rtve.es\/noticias\/20250417\/bce-tipos-interes-guerra-comercial\/16543207\" target=\"_blank\" rel=\"nofollow noopener\">abril<\/a><\/strong><strong>, <\/strong><strong><a href=\"https:\/\/www.rtve.es\/noticias\/20250306\/bce-tipos-interes\/16476807.shtml\" target=\"_blank\" rel=\"nofollow noopener\">marzo<\/a><\/strong><strong> y <\/strong><strong><a href=\"https:\/\/www.rtve.es\/noticias\/20250130\/bce-tipos-interes-2025\/16427205.shtml#:~:text=%C2%BB%20Econom%C3%ADa-,El%20BCE%20comienza%202025%20con%20un%20nuevo%20recorte%20en%20los,b%C3%A1sicos%20hasta%20el%202%2C75%25&amp;text=El%20Banco%20Central%20Europeo%20(BCE,la%20inflaci%C3%B3n%20est%C3%A1%20pr%C3%A1cticamente%20controlada.\" target=\"_blank\" rel=\"nofollow noopener\">enero<\/a><\/strong>. De esta manera, a lo largo de 2025 ha rebajado los tipos en cinco ocasiones \u2014incluida la anunciada este jueves\u2014 y en ninguna de ellas ha sido m\u00e1s de 25 puntos b\u00e1sicos.<\/p>\n<p>Revisa al alza la inflaci\u00f3n de 2026 y el crecimiento de la econom\u00eda este a\u00f1o<\/p>\n<p>La entidad tambi\u00e9n ha actualizado sus proyecciones macroecon\u00f3micas. Ha <strong>revisado al alza la inflaci\u00f3n para 2026 <\/strong>porque sus expertos creen que la subida de los precios de los servicios caer\u00e1 m\u00e1s lentamente. Con todo, el banco europeo sit\u00faa la inflaci\u00f3n en el <strong>2,1% en 2025<\/strong>; en el <strong>1,9% en 2026<\/strong>; en el <strong>1,8% en 2027<\/strong> y el <strong>2,0% ya en 2028<\/strong>. Tambi\u00e9n considera que la inflaci\u00f3n subyacente \u2014que excluye alimentos frescos y energ\u00eda\u2014 sea del 2,4 % en 2025, del 2,2% en 2026, mientras que la coloca en el 1,9% en 2027 y en el 2,0% en 2028.<\/p>\n<p>Por otro lado, la entidad estima que el <strong>crecimiento de la econom\u00eda ser\u00e1 \u00abm\u00e1s vigoroso\u00bb <\/strong>que el previsto en las <a href=\"https:\/\/www.rtve.es\/noticias\/20250911\/bce-decide-tipos-interes-septiembre\/16724762.shtml\" target=\"_blank\" rel=\"nofollow noopener\">proyecciones del pasado mes de septiembre<\/a>, y estar\u00e1 impulsado por la demanda interna. As\u00ed, revisa el crecimiento de la econom\u00eda europea al <strong>alza<\/strong>, hasta el <strong>1,4% en 2025, el 1,2% en 2026 <\/strong>y el <strong>1,4% en 2027<\/strong>. En <strong>2028<\/strong>, espera que se mantenga en el <strong>1,4%<\/strong>.<\/p>\n<p>Con todo, el Consejo de Gobierno del BCE sigue repitiendo el mismo mantra: conseguir llevar la inflaci\u00f3n al 2% a medio plazo e ir tomando decisiones en funci\u00f3n de los datos y bajo la f\u00f3rmula de \u00abreuni\u00f3n a reuni\u00f3n\u00bb mencionada en varias ocasiones por la presidenta de la entidad, Christine Lagarde. Precisamente <a href=\"https:\/\/www.rtve.es\/noticias\/20251217\/inflacion-eurozona-estable-noviembre-eurostat\/16862526.shtml\" target=\"_blank\" rel=\"nofollow noopener\">la inflaci\u00f3n en la eurozona se mantuvo en el 2,1% en noviembre<\/a>, por lo que el escenario deseado por el BCE podr\u00eda no estar tan lejos.<\/p>\n","protected":false},"excerpt":{"rendered":"El Banco Central Europeo (BCE) sigue apostando por la prudencia y ha optado por mantener los tipos de&hellip;\n","protected":false},"author":2,"featured_media":294520,"comment_status":"","ping_status":"","sticky":false,"template":"","format":"standard","meta":{"footnotes":""},"categories":[80],"tags":[82,95,94,25,24,23],"class_list":{"0":"post-294519","1":"post","2":"type-post","3":"status-publish","4":"format-standard","5":"has-post-thumbnail","7":"category-economia","8":"tag-business","9":"tag-economia","10":"tag-economy","11":"tag-es","12":"tag-espana","13":"tag-spain"},"share_on_mastodon":{"url":"https:\/\/pubeurope.com\/@es\/115740876959096195","error":""},"_links":{"self":[{"href":"https:\/\/www.europesays.com\/es\/wp-json\/wp\/v2\/posts\/294519","targetHints":{"allow":["GET"]}}],"collection":[{"href":"https:\/\/www.europesays.com\/es\/wp-json\/wp\/v2\/posts"}],"about":[{"href":"https:\/\/www.europesays.com\/es\/wp-json\/wp\/v2\/types\/post"}],"author":[{"embeddable":true,"href":"https:\/\/www.europesays.com\/es\/wp-json\/wp\/v2\/users\/2"}],"replies":[{"embeddable":true,"href":"https:\/\/www.europesays.com\/es\/wp-json\/wp\/v2\/comments?post=294519"}],"version-history":[{"count":0,"href":"https:\/\/www.europesays.com\/es\/wp-json\/wp\/v2\/posts\/294519\/revisions"}],"wp:featuredmedia":[{"embeddable":true,"href":"https:\/\/www.europesays.com\/es\/wp-json\/wp\/v2\/media\/294520"}],"wp:attachment":[{"href":"https:\/\/www.europesays.com\/es\/wp-json\/wp\/v2\/media?parent=294519"}],"wp:term":[{"taxonomy":"category","embeddable":true,"href":"https:\/\/www.europesays.com\/es\/wp-json\/wp\/v2\/categories?post=294519"},{"taxonomy":"post_tag","embeddable":true,"href":"https:\/\/www.europesays.com\/es\/wp-json\/wp\/v2\/tags?post=294519"}],"curies":[{"name":"wp","href":"https:\/\/api.w.org\/{rel}","templated":true}]}}