{"id":294526,"date":"2025-12-18T13:56:21","date_gmt":"2025-12-18T13:56:21","guid":{"rendered":"https:\/\/www.europesays.com\/es\/294526\/"},"modified":"2025-12-18T13:56:21","modified_gmt":"2025-12-18T13:56:21","slug":"los-brotes-verdes-de-miles-norris-en-el-barca-de-xavi-pascual","status":"publish","type":"post","link":"https:\/\/www.europesays.com\/es\/294526\/","title":{"rendered":"Los \u2018brotes verdes\u2019 de Miles Norris en el Bar\u00e7a de Xavi Pascual"},"content":{"rendered":"<p class=\"ft-text ft-helper-align-justify\"><a class=\"ft-link ft-link--decoration\" href=\"https:\/\/www.sport.es\/es\/noticias\/barca\/baloncesto\/norris-seguro-juego-conectara-palau-121437198\" rel=\"nofollow noopener\" target=\"_blank\">El estadounidense Miles Morris (San Franciso, 2000) lleg\u00f3 al Bar\u00e7a este verano para complementar el juego interior blaugrana,<\/a> y en las primeras semanas con Joan Pe\u00f1arroya al mando del equipo, <strong>el joven jugador apenas tuvo participaci\u00f3n. <\/strong><\/p>\n<p class=\"ft-text ft-helper-align-justify\"><a class=\"ft-link ft-link--decoration\" href=\"https:\/\/www.sport.es\/es\/noticias\/barca\/baloncesto\/miles-norris-expediente-x-barca-123045882\" rel=\"nofollow noopener\" target=\"_blank\">Sus apariciones en la Euroliga fueron espor\u00e1dicas mientras era el jugador descartado de manera regular en la Liga Endesa<\/a>, ya que las plazas de extracomunitarios estaban asignadas a Will Clyburn y Myles Cale.<\/p>\n<p class=\"ft-text ft-helper-align-justify\"><strong>Su poca presencia en el equipo parec\u00eda \u2018condenar\u2019 a Morris a una salida inmediata<\/strong> ya que su aportaci\u00f3n era pr\u00e1cticamente nula, y los pocos minutos de juego, no despejaban dudas sobre su integraci\u00f3n al juego.<\/p>\n<p><img decoding=\"async\" src=\"https:\/\/www.europesays.com\/es\/wp-content\/uploads\/2025\/12\/c7a421b5-5863-447b-91bf-3dffc11b8ac0_alta-libre-aspect-ratio_default_0.jpg\" width=\"1200\" height=\"800\" alt=\"El joven p\u00edvot est\u00e1 ganando protagonismo con el Bar\u00e7a\" class=\"ft-helper-img-rd\" loading=\"lazy\"\/><\/p>\n<p class=\"ft-helper-fontColor-quaternary ft-helper-fontSize-body-S ft-helper-spacer-t-xxs\">El joven p\u00edvot est\u00e1 ganando protagonismo con el Bar\u00e7a  \/ FCB<\/p>\n<p>Pascual le da una oportunidad<\/p>\n<p class=\"ft-text ft-helper-align-justify\"><strong>Aunque la llegada de Xavi Pascual ha dado un vuelco a su situaci\u00f3n. Poco a poco ha ido entrando en los planes del entrenador, <\/strong>demostrando que puede ser \u00faltil al grupo, <a class=\"ft-link ft-link--decoration\" href=\"https:\/\/www.sport.es\/es\/noticias\/barca\/baloncesto\/barca-vuelve-dar-festival-arrasar-124863777\" rel=\"nofollow noopener\" target=\"_blank\">e incluso le dio la titularidad en el \u00faltimo encuentro en la victoria ante el Paris Basketball.<\/a><\/p>\n<p><img decoding=\"async\" src=\"https:\/\/www.europesays.com\/es\/wp-content\/uploads\/2025\/12\/d798f8ee-3f56-440b-8468-4dcb6f7d3165_alta-libre-aspect-ratio_default_0.jpg\" width=\"1200\" height=\"800\" alt=\"Miles Norris jug\u00f3 su primer partido de Liga Endesa, en sustituci\u00f3n de Miles Cale\" class=\"ft-helper-img-rd\" loading=\"lazy\"\/><\/p>\n<p class=\"ft-helper-fontColor-quaternary ft-helper-fontSize-body-S ft-helper-spacer-t-xxs\">Miles Norris jug\u00f3 su primer partido de Liga Endesa, en sustituci\u00f3n de Miles Cale  \/ FCB<\/p>\n<p class=\"ft-text ft-helper-align-justify\">Ante el conjunto parisino no disput\u00f3 su mejor encuentro, aunque anteriormente, ya dio muestras de poder aportar al conjunto azulgrana, y tambi\u00e9n le dio la oportunidad de jugar en la Liga Endesa ante el BAXI Manresa, ante la baja de &#8216;Toko&#8217; Shengelia.<\/p>\n<p>\u00abTodav\u00eda es un poco t\u00edmido\u00bb<\/p>\n<p class=\"ft-text ft-helper-align-justify\"><strong>\u201cEs un jugador que todav\u00eda est\u00e1 un poco t\u00edmido, que no se ha dejado ir del todo pero tiene energ\u00eda, que puede intimidar, tiene rebote de ataque, que puede tirar tiros en abierto<\/strong>, un jugador con buena estatua y vamos a ver hasta d\u00f3nde llega\u201d, dijo el t\u00e9cnico, que ha visto muchos \u2018brotes verdes\u2019 en el estadounidense para tenerlo en el radar.<\/p>\n<p><img decoding=\"async\" src=\"https:\/\/www.europesays.com\/es\/wp-content\/uploads\/2025\/12\/dfa6153f-580b-420b-ac2e-62fb04369d7d_alta-libre-aspect-ratio_default_0.jpg\" width=\"1200\" height=\"800\" alt=\"El estadounidense se va integrando poco a poco y Pascual conf\u00eda en que dar\u00e1 un buen rendimiento\" class=\"ft-helper-img-rd\" loading=\"lazy\"\/><\/p>\n<p class=\"ft-helper-fontColor-quaternary ft-helper-fontSize-body-S ft-helper-spacer-t-xxs\">El estadounidense se va integrando poco a poco y Pascual conf\u00eda en que dar\u00e1 un buen rendimiento  \/ FCB<\/p>\n<p class=\"ft-text ft-helper-align-justify\"><strong>\u201cSu potencial todav\u00eda est\u00e1 en crecimiento, no ha tocado techo y vamos a ver hasta d\u00f3nde llega, hay que darle tiempo y que vaya creciendo<\/strong>. En una primera experiencia en Europa y siempre se necesita un poco de tiempo para adaptarse\u201d,coment\u00f3 Pascual, que parece dispuesto a a\u00f1adir otro jugador a la causa para hacer a este Bar\u00e7a m\u00e1s compacto y potente.<\/p>\n","protected":false},"excerpt":{"rendered":"El estadounidense Miles Morris (San Franciso, 2000) lleg\u00f3 al Bar\u00e7a este verano para complementar el juego interior blaugrana,&hellip;\n","protected":false},"author":2,"featured_media":294527,"comment_status":"","ping_status":"","sticky":false,"template":"","format":"standard","meta":{"footnotes":""},"categories":[269],"tags":[299,298,168,25,24,4417,23,167],"class_list":{"0":"post-294526","1":"post","2":"type-post","3":"status-publish","4":"format-standard","5":"has-post-thumbnail","7":"category-baloncesto","8":"tag-baloncesto","9":"tag-basketball","10":"tag-deportes","11":"tag-es","12":"tag-espana","13":"tag-los","14":"tag-spain","15":"tag-sports"},"share_on_mastodon":{"url":"https:\/\/pubeurope.com\/@es\/115740920551918750","error":""},"_links":{"self":[{"href":"https:\/\/www.europesays.com\/es\/wp-json\/wp\/v2\/posts\/294526","targetHints":{"allow":["GET"]}}],"collection":[{"href":"https:\/\/www.europesays.com\/es\/wp-json\/wp\/v2\/posts"}],"about":[{"href":"https:\/\/www.europesays.com\/es\/wp-json\/wp\/v2\/types\/post"}],"author":[{"embeddable":true,"href":"https:\/\/www.europesays.com\/es\/wp-json\/wp\/v2\/users\/2"}],"replies":[{"embeddable":true,"href":"https:\/\/www.europesays.com\/es\/wp-json\/wp\/v2\/comments?post=294526"}],"version-history":[{"count":0,"href":"https:\/\/www.europesays.com\/es\/wp-json\/wp\/v2\/posts\/294526\/revisions"}],"wp:featuredmedia":[{"embeddable":true,"href":"https:\/\/www.europesays.com\/es\/wp-json\/wp\/v2\/media\/294527"}],"wp:attachment":[{"href":"https:\/\/www.europesays.com\/es\/wp-json\/wp\/v2\/media?parent=294526"}],"wp:term":[{"taxonomy":"category","embeddable":true,"href":"https:\/\/www.europesays.com\/es\/wp-json\/wp\/v2\/categories?post=294526"},{"taxonomy":"post_tag","embeddable":true,"href":"https:\/\/www.europesays.com\/es\/wp-json\/wp\/v2\/tags?post=294526"}],"curies":[{"name":"wp","href":"https:\/\/api.w.org\/{rel}","templated":true}]}}