{"id":294578,"date":"2025-12-18T14:30:14","date_gmt":"2025-12-18T14:30:14","guid":{"rendered":"https:\/\/www.europesays.com\/es\/294578\/"},"modified":"2025-12-18T14:30:14","modified_gmt":"2025-12-18T14:30:14","slug":"marbella-reforzara-su-liderazgo-como-destino-de-golf-en-la-segunda-edicion-de-la-costa-del-sol-golf-party-de-madrid","status":"publish","type":"post","link":"https:\/\/www.europesays.com\/es\/294578\/","title":{"rendered":"Marbella reforzar\u00e1 su liderazgo como destino de golf en la segunda edici\u00f3n de la Costa del Sol Golf Party de Madrid"},"content":{"rendered":"<p style=\"text-align: justify;\">La Costa del Sol volver\u00e1 a estar en el centro del panorama deportivo nacional con la celebraci\u00f3n, el pr\u00f3ximo 19 de enero en el Centro Nacional de Golf de Madrid, de la segunda edici\u00f3n de la Costa del Sol Golf Party, una iniciativa que combina competici\u00f3n, ocio y promoci\u00f3n tur\u00edstica, y que se ha consolidado como una de las grandes citas de este deporte amateur en Espa\u00f1a. El Ayuntamiento, a trav\u00e9s de la delegaci\u00f3n del ramo, participar\u00e1 activamente en este evento, que el a\u00f1o pasado super\u00f3 todas las expectativas con la asistencia de m\u00e1s de 1.200 aficionados. En esta nueva edici\u00f3n, se ha previsto una experiencia a\u00fan m\u00e1s completa, con torneos, retos en simuladores, premios, zonas familiares y actividades para todos los p\u00fablicos.<\/p>\n<p style=\"text-align: justify;\">El concejal del ramo, Lisandro Vieytes, ha destacado que \u201cpara Marbella es una enorme oportunidad estar presentes en un evento de este nivel, ya que se trata de una acci\u00f3n promocional estrat\u00e9gica que nos permite reforzar el posicionamiento de la localidad y de toda la Costa del Sol como un destino l\u00edder a nivel europeo para los amantes del golf\u201d y ha subrayado el valor econ\u00f3mico y tur\u00edstico de este deporte para el municipio. La iniciativa cuenta con el respaldo de las principales instituciones de la zona, incluyendo la Mancomunidad de Municipios de la Costa del Sol Occidental, Turismo Costa del Sol, y los ayuntamientos de M\u00e1laga y Benahav\u00eds. La cita permitir\u00e1 mostrar la oferta de m\u00e1s de 70 campos de golf de la regi\u00f3n y su estilo de vida asociado, en un formato participativo y festivo dise\u00f1ado para todos los niveles.<\/p>\n","protected":false},"excerpt":{"rendered":"La Costa del Sol volver\u00e1 a estar en el centro del panorama deportivo nacional con la celebraci\u00f3n, el&hellip;\n","protected":false},"author":2,"featured_media":294579,"comment_status":"","ping_status":"","sticky":false,"template":"","format":"standard","meta":{"footnotes":""},"categories":[81],"tags":[119,123,124,25,24,117,121,122,23,118,120],"class_list":{"0":"post-294578","1":"post","2":"type-post","3":"status-publish","4":"format-standard","5":"has-post-thumbnail","7":"category-ciencia-y-tecnologia","8":"tag-ciencia","9":"tag-ciencia-y-tecnologia","10":"tag-cienciaytecnologia","11":"tag-es","12":"tag-espana","13":"tag-science","14":"tag-science-and-technology","15":"tag-scienceandtechnology","16":"tag-spain","17":"tag-technology","18":"tag-tecnologia"},"share_on_mastodon":{"url":"https:\/\/pubeurope.com\/@es\/115741053674821122","error":""},"_links":{"self":[{"href":"https:\/\/www.europesays.com\/es\/wp-json\/wp\/v2\/posts\/294578","targetHints":{"allow":["GET"]}}],"collection":[{"href":"https:\/\/www.europesays.com\/es\/wp-json\/wp\/v2\/posts"}],"about":[{"href":"https:\/\/www.europesays.com\/es\/wp-json\/wp\/v2\/types\/post"}],"author":[{"embeddable":true,"href":"https:\/\/www.europesays.com\/es\/wp-json\/wp\/v2\/users\/2"}],"replies":[{"embeddable":true,"href":"https:\/\/www.europesays.com\/es\/wp-json\/wp\/v2\/comments?post=294578"}],"version-history":[{"count":0,"href":"https:\/\/www.europesays.com\/es\/wp-json\/wp\/v2\/posts\/294578\/revisions"}],"wp:featuredmedia":[{"embeddable":true,"href":"https:\/\/www.europesays.com\/es\/wp-json\/wp\/v2\/media\/294579"}],"wp:attachment":[{"href":"https:\/\/www.europesays.com\/es\/wp-json\/wp\/v2\/media?parent=294578"}],"wp:term":[{"taxonomy":"category","embeddable":true,"href":"https:\/\/www.europesays.com\/es\/wp-json\/wp\/v2\/categories?post=294578"},{"taxonomy":"post_tag","embeddable":true,"href":"https:\/\/www.europesays.com\/es\/wp-json\/wp\/v2\/tags?post=294578"}],"curies":[{"name":"wp","href":"https:\/\/api.w.org\/{rel}","templated":true}]}}