{"id":294637,"date":"2025-12-18T15:15:10","date_gmt":"2025-12-18T15:15:10","guid":{"rendered":"https:\/\/www.europesays.com\/es\/294637\/"},"modified":"2025-12-18T15:15:10","modified_gmt":"2025-12-18T15:15:10","slug":"sons-de-nadal-lleva-a-las-calles-la-banda-sonora-de-las-fiestas-info-barcelona","status":"publish","type":"post","link":"https:\/\/www.europesays.com\/es\/294637\/","title":{"rendered":"Sons de Nadal lleva a las calles la banda sonora de las fiestas | Info Barcelona"},"content":{"rendered":"<p>Los espacios p\u00fablicos de la ciudad se convierten en los escenarios desde los que la ciudad se llena de m\u00fasica. Es el ciclo <a href=\"https:\/\/www.barcelona.cat\/sonsdeciutat\/es\" target=\"_blank\" rel=\"noopener nofollow\"><strong>Sons de Ciutat<\/strong><\/a>, una propuesta que lleva la m\u00fasica, gratis, en directo y al aire libre, a los diez distritos barceloneses. Por Navidad ya est\u00e1 en marcha una edici\u00f3n especial, <strong>Sons de Nadal<\/strong>, que re\u00fane <strong>m\u00e1s de cincuenta actuaciones de los g\u00e9neros m\u00e1s diversos repartidas por toda la ciudad, hasta el 4 de enero<\/strong>.<\/p>\n<p>Grandes artistas se apuntan a celebrar la <strong>Navidad al aire libre <\/strong>en una experiencia que lleva la m\u00fasica en vivo a los barrios y que programa conciertos de los <strong>estilos m\u00e1s diversos<\/strong>: desde el jazz, la rumba y la m\u00fasica urbana hasta el folk, el pop, la \u00f3pera o la m\u00fasica cl\u00e1sica.<\/p>\n<p>Propuestas cl\u00e1sicas, \u00f3pera (sonar\u00e1n temas de Il barbiere di Siviglia y de Las bodas de F\u00edgaro) y sonidos de hoy, entre los cuales <strong style=\"font-size: 1rem\">Marta Garrett<\/strong><strong> o Las Bajas Pasiones<\/strong>, por mencionar dos de los nombres m\u00e1s conocidos, se har\u00e1n o\u00edr en plazas, jardines, mercados y muchos otros espacios barceloneses. Podr\u00e1s escuchar a los <strong style=\"font-size: 1rem\">Rumba Heritage<\/strong>, <strong style=\"font-size: 1rem\">Ikram Essaghir<\/strong>, <strong style=\"font-size: 1rem\">Ani in the Hall<\/strong> y <strong style=\"font-size: 1rem\">Venus Voice<\/strong>, entre muchas propuestas m\u00e1s que pondr\u00e1n m\u00fasica a tu Navidad e ir\u00e1n a buscarte a tu barrio.<\/p>\n<p>Adem\u00e1s, este a\u00f1o, gracias al villancico <a href=\"https:\/\/youtu.be\/gKgxRZJ_r2E\" target=\"_blank\" rel=\"noopener nofollow\"><strong>Un cor que batega<\/strong><\/a>, compuesto por <strong>Esteban Navarro<\/strong> e <strong>Irieix<\/strong>, aqu\u00ed y all\u00ed encontrar\u00e1s coros de voces j\u00f3venes, unas corales infantiles o juveniles coordinadas por el <strong>Secretariado de Corales Infantiles de Catalu\u00f1a<\/strong>. Cantar\u00e1n el villancico, as\u00ed como otras canciones tradicionales propias de este tiempo.<\/p>\n<p><strong>Los artistas y formaciones musicales han sido escogidos por catorce agentes que tienen mucho que ver con la m\u00fasica que se hace en Barcelona<\/strong>: desde Terrats en Cultura, Say it Loud, Jazz I AM, La Hora del Jazz y la Plataforma por la Rumba hasta la Casa de la M\u00fasica, Fabra i Coats, Festival B, el Conservatorio del Liceo, el ESEM del Taller de M\u00fasicos, la ESMUC, Jam Session, la Fundaci\u00f3n Vict\u00f2ria dels \u00c0ngels y la Fundaci\u00f3n \u00d3pera Catalu\u00f1a.<\/p>\n<p>Toda la <strong>programaci\u00f3n<\/strong>, en el <a href=\"https:\/\/www.barcelona.cat\/sonsdeciutat\/es\" target=\"_blank\" rel=\"noopener nofollow\"><strong>web de Sons de Ciutat<\/strong><\/a>.<\/p>\n","protected":false},"excerpt":{"rendered":"Los espacios p\u00fablicos de la ciudad se convierten en los escenarios desde los que la ciudad se llena&hellip;\n","protected":false},"author":2,"featured_media":294638,"comment_status":"","ping_status":"","sticky":false,"template":"","format":"standard","meta":{"footnotes":""},"categories":[91],"tags":[146,147,25,24,8408,23],"class_list":{"0":"post-294637","1":"post","2":"type-post","3":"status-publish","4":"format-standard","5":"has-post-thumbnail","7":"category-entretenimiento","8":"tag-entertainment","9":"tag-entretenimiento","10":"tag-es","11":"tag-espana","12":"tag-info-barcelona","13":"tag-spain"},"share_on_mastodon":{"url":"https:\/\/pubeurope.com\/@es\/115741230739287462","error":""},"_links":{"self":[{"href":"https:\/\/www.europesays.com\/es\/wp-json\/wp\/v2\/posts\/294637","targetHints":{"allow":["GET"]}}],"collection":[{"href":"https:\/\/www.europesays.com\/es\/wp-json\/wp\/v2\/posts"}],"about":[{"href":"https:\/\/www.europesays.com\/es\/wp-json\/wp\/v2\/types\/post"}],"author":[{"embeddable":true,"href":"https:\/\/www.europesays.com\/es\/wp-json\/wp\/v2\/users\/2"}],"replies":[{"embeddable":true,"href":"https:\/\/www.europesays.com\/es\/wp-json\/wp\/v2\/comments?post=294637"}],"version-history":[{"count":0,"href":"https:\/\/www.europesays.com\/es\/wp-json\/wp\/v2\/posts\/294637\/revisions"}],"wp:featuredmedia":[{"embeddable":true,"href":"https:\/\/www.europesays.com\/es\/wp-json\/wp\/v2\/media\/294638"}],"wp:attachment":[{"href":"https:\/\/www.europesays.com\/es\/wp-json\/wp\/v2\/media?parent=294637"}],"wp:term":[{"taxonomy":"category","embeddable":true,"href":"https:\/\/www.europesays.com\/es\/wp-json\/wp\/v2\/categories?post=294637"},{"taxonomy":"post_tag","embeddable":true,"href":"https:\/\/www.europesays.com\/es\/wp-json\/wp\/v2\/tags?post=294637"}],"curies":[{"name":"wp","href":"https:\/\/api.w.org\/{rel}","templated":true}]}}