{"id":294655,"date":"2025-12-18T15:31:18","date_gmt":"2025-12-18T15:31:18","guid":{"rendered":"https:\/\/www.europesays.com\/es\/294655\/"},"modified":"2025-12-18T15:31:18","modified_gmt":"2025-12-18T15:31:18","slug":"ampliacion-del-mathaf-en-doha-lina-ghotmeh","status":"publish","type":"post","link":"https:\/\/www.europesays.com\/es\/294655\/","title":{"rendered":"Ampliaci\u00f3n del Mathaf en Doha &#8211; Lina Ghotmeh\u00a0"},"content":{"rendered":"<p class=\"mdm_block\">Mathaf, el Museo \u00c1rabe de Arte Moderno de Doha, ha iniciado una ambiciosa ampliaci\u00f3n. El proyecto, dirigido por la arquitecta Lina Ghotmeh, marca un giro significativo en la identidad del museo, que deja de centrarse exclusivamente en la exposici\u00f3n para convertirse en un espacio activo de creaci\u00f3n, investigaci\u00f3n y aprendizaje.<\/p>\n<p class=\"mdm_block\">La primera fase, ya abierta al p\u00fablico, se desarrolla en la planta baja del edificio existente. All\u00ed, un vest\u00edbulo y una biblioteca redise\u00f1ados crean un nuevo acceso social al museo. Inspirado en el majlis \u2014 que literalmente significa lugar para sentarse, es un espacio tradicional de encuentro y conversaci\u00f3n\u2014, este \u00e1mbito se organiza mediante mobiliario modular que permite adaptarlo a diferentes tipos de eventos. Una cafeter\u00eda y una tienda completan la secuencia, consolidando la planta baja como un nuevo punto de acceso.<\/p>\n<p class=\"mdm_block\">Las siguientes fases del proyecto ocupan el actual aparcamiento y \u00e1reas de servicio, para albergar estudios para creadores y artistas, con talleres de cer\u00e1mica, vidrio, carpinter\u00eda y experimentaci\u00f3n con materiales, adem\u00e1s de un estudio de sonido. Estas instalaciones facilitar\u00e1n la producci\u00f3n a gran escala y el trabajo colaborativo, en di\u00e1logo directo con los procesos art\u00edsticos contempor\u00e1neos.<\/p>\n<p class=\"mdm_block\">El enfoque arquitect\u00f3nico de Ghotmeh prioriza la continuidad y la coherencia material. Los distintos vol\u00famenes se unifican mediante una piel met\u00e1lica que regula la luz, la escala y la percepci\u00f3n del conjunto, otorgando al campus una identidad clara y legible.\u00a0<\/p>\n<p><img decoding=\"async\" class=\"graf-image\" src=\"https:\/\/www.europesays.com\/es\/wp-content\/uploads\/2025\/12\/av_medium__av_306515.jpeg\" data-db-id=\"306515\" src-normal=\"\/assets\/uploads\/obras\/58414\/av_medium__av_306515.jpeg\" src-full=\"\/assets\/uploads\/obras\/58414\/av_306515.jpeg\" style=\"\" title=\"Ampliaci\u00f3n del Mathaf en Doha\"\/><img decoding=\"async\" class=\"graf-image\" src=\"https:\/\/www.europesays.com\/es\/wp-content\/uploads\/2025\/12\/av_medium__av_306516.jpeg\" data-db-id=\"306516\" src-normal=\"\/assets\/uploads\/obras\/58414\/av_medium__av_306516.jpeg\" src-full=\"\/assets\/uploads\/obras\/58414\/av_306516.jpeg\" title=\"Ampliaci\u00f3n del Mathaf en Doha\"\/><img decoding=\"async\" class=\"graf-image\" src=\"https:\/\/www.europesays.com\/es\/wp-content\/uploads\/2025\/12\/av_medium__av_306523.jpeg\" data-db-id=\"306523\" src-normal=\"\/assets\/uploads\/obras\/58414\/av_medium__av_306523.jpeg\" src-full=\"\/assets\/uploads\/obras\/58414\/av_306523.jpeg\" title=\"Ampliaci\u00f3n del Mathaf en Doha\"\/><\/p>\n","protected":false},"excerpt":{"rendered":"Mathaf, el Museo \u00c1rabe de Arte Moderno de Doha, ha iniciado una ambiciosa ampliaci\u00f3n. El proyecto, dirigido por&hellip;\n","protected":false},"author":2,"featured_media":294656,"comment_status":"","ping_status":"","sticky":false,"template":"","format":"standard","meta":{"footnotes":""},"categories":[173],"tags":[229,233,231,230,232,234,146,147,25,24,23],"class_list":{"0":"post-294655","1":"post","2":"type-post","3":"status-publish","4":"format-standard","5":"has-post-thumbnail","7":"category-arte-y-diseno","8":"tag-arte","9":"tag-arte-y-diseno","10":"tag-arts","11":"tag-arts-and-design","12":"tag-design","13":"tag-diseno","14":"tag-entertainment","15":"tag-entretenimiento","16":"tag-es","17":"tag-espana","18":"tag-spain"},"share_on_mastodon":{"url":"https:\/\/pubeurope.com\/@es\/115741293838142747","error":""},"_links":{"self":[{"href":"https:\/\/www.europesays.com\/es\/wp-json\/wp\/v2\/posts\/294655","targetHints":{"allow":["GET"]}}],"collection":[{"href":"https:\/\/www.europesays.com\/es\/wp-json\/wp\/v2\/posts"}],"about":[{"href":"https:\/\/www.europesays.com\/es\/wp-json\/wp\/v2\/types\/post"}],"author":[{"embeddable":true,"href":"https:\/\/www.europesays.com\/es\/wp-json\/wp\/v2\/users\/2"}],"replies":[{"embeddable":true,"href":"https:\/\/www.europesays.com\/es\/wp-json\/wp\/v2\/comments?post=294655"}],"version-history":[{"count":0,"href":"https:\/\/www.europesays.com\/es\/wp-json\/wp\/v2\/posts\/294655\/revisions"}],"wp:featuredmedia":[{"embeddable":true,"href":"https:\/\/www.europesays.com\/es\/wp-json\/wp\/v2\/media\/294656"}],"wp:attachment":[{"href":"https:\/\/www.europesays.com\/es\/wp-json\/wp\/v2\/media?parent=294655"}],"wp:term":[{"taxonomy":"category","embeddable":true,"href":"https:\/\/www.europesays.com\/es\/wp-json\/wp\/v2\/categories?post=294655"},{"taxonomy":"post_tag","embeddable":true,"href":"https:\/\/www.europesays.com\/es\/wp-json\/wp\/v2\/tags?post=294655"}],"curies":[{"name":"wp","href":"https:\/\/api.w.org\/{rel}","templated":true}]}}