{"id":294771,"date":"2025-12-18T17:11:10","date_gmt":"2025-12-18T17:11:10","guid":{"rendered":"https:\/\/www.europesays.com\/es\/294771\/"},"modified":"2025-12-18T17:11:10","modified_gmt":"2025-12-18T17:11:10","slug":"la-reaccion-de-guerra-al-cambiar-de-cargo-acepto-las-criticas-de-la-aficion-del-sporting-riestra-es-un-gran-refuerzo-vamos-todos-en-el-mismo-barco-la-voz-de-asturias","status":"publish","type":"post","link":"https:\/\/www.europesays.com\/es\/294771\/","title":{"rendered":"La reacci\u00f3n de Guerra al cambiar de cargo: \u00abAcepto las cr\u00edticas de la afici\u00f3n del Sporting. Riestra es un gran refuerzo, vamos todos en el mismo barco\u00bb &#8211; La Voz de Asturias"},"content":{"rendered":"<ol>\n<li><a href=\"https:\/\/news.google.com\/rss\/articles\/CBMilgJBVV95cUxQY1R1bUJCeFF2dk1VX3BZajZ2OWNvWDVPVEFFS2NTV0JWalRwZC1SXzdxTExlc1JUdkt3YUxQOElPN0szZnktU18xNGdZUm5tOGl5V2NKaHZMNWw5akx1VzliSlpoOW5DVDVraElzY29wb0hSdnZtRmV4bDRZSjJkUHVYcUx4VW5jUHNkRFpJeXMzRUtPYno2S2FabGcxZmtLdE96bzNvYXJ0N2pPY3ZCaGdFbjluNUpWR2xhSkVNUVR6ZUtDUUdzZlh0ZmRQXzFMRm52ZnQ1NC15YkJSYVJmQ3pEOXA3ZW5FTHpyR1dGY2VNUHR3YzUwTXN1aDhTdEFFWXRnNmJ5VHFiVjU1RWN6a0FoVTFPZ9IBsgJBVV95cUxNckJjN0d0dU56eUNlMWpjU0FYWGp4ZTRDMUZhWExqUTJpS2R3Nm1MZVRPbzlUaE5tc21NMDlvVUV1WlF2dDB3dlJTUE4xdWtsN044YzVTb0xBTVVmN2tMdnRXT1FLeTd5cGZmMTMzbllLX1B0WTNuNmVieW1ZVktmbTVETjNaZUpJd0NFYVNiQ0txU1p3OFlMMWs0V3Atd0hKOE81SEhwa1MxdGNud0lvb2VPUXNxMG93M3o3Mi05NUtmNHlaTmo2aV9GQ0xRMXhpZ0paXzd5VG5lYTJLX00zTy1aRm93Y0NGMlNJcTczTjhBUjRZWHo0T2VUUDJKSTRWLUlPeWVxaHRzaEJKMUc3QWpIWFcyeHplaTBRYllyZWNZV0RDTFYtUERyZE00aFVJSVE?oc=5\" target=\"_blank\" rel=\"nofollow noopener\">La reacci\u00f3n de Guerra al cambiar de cargo: \u00abAcepto las cr\u00edticas de la afici\u00f3n del Sporting. Riestra es un gran refuerzo, vamos todos en el mismo barco\u00bb<\/a>&nbsp;&nbsp;La Voz de Asturias<\/li>\n<li><a href=\"https:\/\/news.google.com\/rss\/articles\/CBMitAFBVV95cUxPaVEzWk5pcDQtN1hRazN2d2dILXBtUDN0ZXpYRFBZWEd5SG5ocW4wVFdSVFF1LWlsdTFUd0hfSjc4eUJJUll6bUNFMEJpVWNrMGYyNkRGU1VSc0t5NHBfaU9mTkZkRWRGSFI4NXhQTk85QTh0NFFnQnBnUUpBcnJETjNPTHYwZERlbjJYUkJtRjNoQ3E3QWx3dDJOZnAxLUlJVEVnV0M2TVd3eU84Y2VvUFRoRnbSAboBQVVfeXFMTmVTRHpUaVpfZkUxMEM4MXhRaFU2NEpFWENjOW16aHFyeWVmTDBmZlFhMXdINjlKN183eFRLVVJ0M2NZUFRLMEc4dWttMURGLUlTRWVhOXhWRUJuc0x2VW1qaEMtdnBqeHRFQmg5a19qZFdwM0djMEw5ODE3NW1QY2FVcHNkS2dCeUJPVlExLUhEdWNXSmpxWXZUWnF2cmtoV2JubzRHLW1VbW9fRVM5SF90VERjc3VLQmln?oc=5\" target=\"_blank\" rel=\"nofollow noopener\">Jos\u00e9 Riestra L\u00f3pez, nuevo presidente ejecutivo del Real Sporting de Gij\u00f3n<\/a>&nbsp;&nbsp;Palco23<\/li>\n<li><a href=\"https:\/\/news.google.com\/rss\/articles\/CBMiqgFBVV95cUxQRWFXc0c3aFYtcTNtc25LMlE4TUMwbXM3aERBa3FLdWNNLUlCeW90ZDdiTENPUktqUlhLQmdMbHpYSnMxQjdHaktVS1BNaVdCTlF1UHF0ZTNhdkFzR3R4VEFFeUxEVEQ1enRlNUpQdVVwNl9sS1BKZlJhdHBhUk1xVGtEbmY5M280R0hxQUtmNGNrVktNNUswNURpOTdidGE4ZDlUOHZXTDM2QdIBvgFBVV95cUxNc3JycHByY2lsbkdFdTFiX3dhMGpxRm5xU0Z1aDhmOXNhYnZYYi1TUEtrYW5zTHdaMW05R3FKUURuU1lTb0JVMHRiZ18xWjh6eDNnWUpjaVA5dnd6a3JDdldwR3hjQmZKYl9TYi1NLVU3ZmxrXzFQMDdkWmEtNEU5YmdPYjVlOXFHOTB1b3hXWGFOMEJIRVBRek53YXlVRlJTUFVudmU0c3dyNFBzSThHWFkxVEVKOVZTSzRmRExn?oc=5\" target=\"_blank\" rel=\"nofollow noopener\">Riestra asume la presidencia ejecutiva y Guerra pasa a ser vicepresidente<\/a>&nbsp;&nbsp;Diario AS<\/li>\n<li><a href=\"https:\/\/news.google.com\/rss\/articles\/CBMirgFBVV95cUxQN2FncUVZMTV4NjNqUkJsU01mNjlTc2xmYnJKczZwWmlOWXo0em9MUTlqOTJVelN0NjgxQWN3ZTZocktFTlEzSEVuQXU0a25QMFZWYzdZZU43N2I2X2pRaF9tWHQxZ3dVYXdLaURGeVpvWFUzZHV4Z1ZncFRKaEhLOXczc09xLTU4UkVqWUF2TWVRbzFZNEFNNFIzMFVyWXdNdWR6ZzZORWFIWTBTOHc?oc=5\" target=\"_blank\" rel=\"nofollow noopener\">Un Valencia de Primera desluce el estreno de Jos\u00e9 Riestra, el nuevo presidente ejecutivo del Sporting de Gij\u00f3n<\/a>&nbsp;&nbsp;El Comercio<\/li>\n<li><a href=\"https:\/\/news.google.com\/rss\/articles\/CBMimAFBVV95cUxQMm9uZEg3UHhObHV2YjM5NWFwU3NWUjFqaEc0S19jd2FBRU05T1JVYjlGWW1YRW5VUWZxZUpyemZVWkxvLVhndG42RUxxWTIwOUJ2VjIwT0FZalFULU1MUXppQzdyU3oyN3RDTzdsOTlRYV9nNVRLRk44UmV4S2ZJTjBJQXNjTWUwTWZyZU56bDFvN2RsQ0tUVNIBngFBVV95cUxOblN1cHB3SU9HSHBhcUNxb0xLYnhJcmZpQ184MXdrRzZwcDdsYmNzLTJIbzFSX2dtWHYzeGlCOTVfNnA2UlVULUltaWUxUVB6cDREdVFhd3hYNUZPWGtDazI3WWlkWVRPakFkN29XUkRyT2JMNlBGM1hUYURCNlhMdWtYUjhkZnhsd2tESlVwd1ZsUGVMNnJIeTRPUzNiZw?oc=5\" target=\"_blank\" rel=\"nofollow noopener\">As\u00ed fue desde dentro una jornada clave para el futuro del Sporting: de los discursos de Irarragorri a Borja como \u00abl\u00edder de la escuder\u00eda\u00bb<\/a>&nbsp;&nbsp;LNE<\/li>\n<\/ol>\n","protected":false},"excerpt":{"rendered":"La reacci\u00f3n de Guerra al cambiar de cargo: \u00abAcepto las cr\u00edticas de la afici\u00f3n del Sporting. Riestra es&hellip;\n","protected":false},"author":2,"featured_media":18679,"comment_status":"","ping_status":"","sticky":false,"template":"","format":"standard","meta":{"footnotes":""},"categories":[268],"tags":[168,25,24,280,282,281,23,4783,167],"class_list":{"0":"post-294771","1":"post","2":"type-post","3":"status-publish","4":"format-standard","5":"has-post-thumbnail","7":"category-futbol","8":"tag-deportes","9":"tag-es","10":"tag-espana","11":"tag-football","12":"tag-futbol","13":"tag-soccer","14":"tag-spain","15":"tag-sporting-de-gijon","16":"tag-sports"},"share_on_mastodon":{"url":"https:\/\/pubeurope.com\/@es\/115741686912936433","error":""},"_links":{"self":[{"href":"https:\/\/www.europesays.com\/es\/wp-json\/wp\/v2\/posts\/294771","targetHints":{"allow":["GET"]}}],"collection":[{"href":"https:\/\/www.europesays.com\/es\/wp-json\/wp\/v2\/posts"}],"about":[{"href":"https:\/\/www.europesays.com\/es\/wp-json\/wp\/v2\/types\/post"}],"author":[{"embeddable":true,"href":"https:\/\/www.europesays.com\/es\/wp-json\/wp\/v2\/users\/2"}],"replies":[{"embeddable":true,"href":"https:\/\/www.europesays.com\/es\/wp-json\/wp\/v2\/comments?post=294771"}],"version-history":[{"count":0,"href":"https:\/\/www.europesays.com\/es\/wp-json\/wp\/v2\/posts\/294771\/revisions"}],"wp:featuredmedia":[{"embeddable":true,"href":"https:\/\/www.europesays.com\/es\/wp-json\/wp\/v2\/media\/18679"}],"wp:attachment":[{"href":"https:\/\/www.europesays.com\/es\/wp-json\/wp\/v2\/media?parent=294771"}],"wp:term":[{"taxonomy":"category","embeddable":true,"href":"https:\/\/www.europesays.com\/es\/wp-json\/wp\/v2\/categories?post=294771"},{"taxonomy":"post_tag","embeddable":true,"href":"https:\/\/www.europesays.com\/es\/wp-json\/wp\/v2\/tags?post=294771"}],"curies":[{"name":"wp","href":"https:\/\/api.w.org\/{rel}","templated":true}]}}