{"id":294799,"date":"2025-12-18T17:33:08","date_gmt":"2025-12-18T17:33:08","guid":{"rendered":"https:\/\/www.europesays.com\/es\/294799\/"},"modified":"2025-12-18T17:33:08","modified_gmt":"2025-12-18T17:33:08","slug":"erik-stevenson-ya-tiene-equipo-tras-abandonar-el-casademont-zaragoza","status":"publish","type":"post","link":"https:\/\/www.europesays.com\/es\/294799\/","title":{"rendered":"Erik Stevenson ya tiene equipo tras abandonar el Casademont Zaragoza"},"content":{"rendered":"<p class=\"paragraph\">Erik Stevenson<a href=\"https:\/\/www.heraldo.es\/noticias\/deportes\/baloncesto\/2025\/12\/16\/erik-stevenson-abandona-el-casademont-zaragoza-1879032.html\" title=\"Erik Stevenson abandona el Casademont Zaragoza: &quot;Os deseo la mejor de las suertes&quot;\" rel=\"nofollow noopener\" target=\"_blank\"> abandon\u00f3 el Casademont Zaragoza el pasado martes, <\/a>tras rescindir el contrato que le un\u00edca a la entidad, despu\u00e9s de haber contado con pocos minutos a las \u00f3rdenes de Jes\u00fas Ram\u00edrez. El escolta, de 26 a\u00f1os, se caracteriza <b>por su capacidad de anotaci\u00f3n, <\/b>pero el t\u00e9cnico del cuadro aragon\u00e9s le exig\u00eda un mayor trabajo en las labores defensivas.\u00a0<\/p>\n<p class=\"paragraph\">Por ello, el entrenador y el jugador <b>tuvieron algunos desencuentros, <\/b>el m\u00e1s sonado en el partido ante el Bakken Bears, en la sexta jornada de la FIBA Europe Cup, en un duelo que finaliz\u00f3 con victoria de los zaragozano en el pabell\u00f3n Pr\u00edncipe Felipe.<\/p>\n<p class=\"paragraph\">En aquel encuentro, el estadounidense\u00a0<b>anot\u00f3 17 puntos en poco m\u00e1s de cinco minutos de juego, <\/b>despu\u00e9s de exhibir una efectividad del 80 % desde el per\u00edmetro: convirti\u00f3 4 de sus 5 lanzamientos triples. Sin embargo,\u00a0tambi\u00e9n ofreci\u00f3 la nota negativa, ya que tens\u00f3 la cuerda con el entrenador de los aragoneses, Jes\u00fas Ram\u00edrez. Con cada canasta anotada, Stevenson mir\u00f3 al banquillo con actitud desafiante, de ah\u00ed que el t\u00e9cnico optara por sentar nuevamente al jugador, quien ya no volvi\u00f3 a saltar a la pista.\u00a0<\/p>\n<p>Poco protagonismo<\/p>\n<p class=\"paragraph\">Stevenson se march\u00f3 del Casademont Zaragoza<b> tras\u00a0haber participado en ocho partidos de la Liga Endesa<\/b> -13,19 minutos de media por choque- y en cuatro duelos de la FIBA Europe Cup. Su marcha deja una plaza de jugador extracomunitario en la plantilla aragonesa.<\/p>\n<p class=\"paragraph\">\u00abEl Casademont Zaragoza informa de que Erik Stevenson <b>deja de pertenecer a la disciplina del club <\/b>tras la rescisi\u00f3n del contrato que vinculaba a ambas partes\u00bb, explic\u00f3 el pasado martes el Casademont Zaragoza, a trav\u00e9s de un comunicado.\u00a0<\/p>\n<p class=\"paragraph\">\u00abEl club desea agradecer a Erik <b>su entrega, profesionalidad y compromiso<\/b> durante el tiempo que ha defendido nuestra camiseta. Asimismo, el Casademont Zaragoza le desea la mayor de las suertes en los pr\u00f3ximos retos personales y profesionales\u00bb, a\u00f1adi\u00f3 la nota de la entidad.\u00a0<\/p>\n<p class=\"paragraph\">Stevenson jugar\u00e1 ahora en el\u00a0Manisa Basket, <b>en la m\u00e1xima categor\u00eda del baloncesto turco. <\/b>El nuevo equipo del escolta ocupa ahora la antepen\u00faltima posici\u00f3n de la tabla, con tres triunfos y ocho derrotas en 11 partidos.\u00a0<\/p>\n","protected":false},"excerpt":{"rendered":"Erik Stevenson abandon\u00f3 el Casademont Zaragoza el pasado martes, tras rescindir el contrato que le un\u00edca a la&hellip;\n","protected":false},"author":2,"featured_media":294800,"comment_status":"","ping_status":"","sticky":false,"template":"","format":"standard","meta":{"footnotes":""},"categories":[269],"tags":[20624,299,298,2511,168,622,25,24,23,167,12415,491],"class_list":{"0":"post-294799","1":"post","2":"type-post","3":"status-publish","4":"format-standard","5":"has-post-thumbnail","7":"category-baloncesto","8":"tag-abandonar","9":"tag-baloncesto","10":"tag-basketball","11":"tag-casademont","12":"tag-deportes","13":"tag-equipo","14":"tag-es","15":"tag-espana","16":"tag-spain","17":"tag-sports","18":"tag-stevenson","19":"tag-zaragoza"},"share_on_mastodon":{"url":"","error":""},"_links":{"self":[{"href":"https:\/\/www.europesays.com\/es\/wp-json\/wp\/v2\/posts\/294799","targetHints":{"allow":["GET"]}}],"collection":[{"href":"https:\/\/www.europesays.com\/es\/wp-json\/wp\/v2\/posts"}],"about":[{"href":"https:\/\/www.europesays.com\/es\/wp-json\/wp\/v2\/types\/post"}],"author":[{"embeddable":true,"href":"https:\/\/www.europesays.com\/es\/wp-json\/wp\/v2\/users\/2"}],"replies":[{"embeddable":true,"href":"https:\/\/www.europesays.com\/es\/wp-json\/wp\/v2\/comments?post=294799"}],"version-history":[{"count":0,"href":"https:\/\/www.europesays.com\/es\/wp-json\/wp\/v2\/posts\/294799\/revisions"}],"wp:featuredmedia":[{"embeddable":true,"href":"https:\/\/www.europesays.com\/es\/wp-json\/wp\/v2\/media\/294800"}],"wp:attachment":[{"href":"https:\/\/www.europesays.com\/es\/wp-json\/wp\/v2\/media?parent=294799"}],"wp:term":[{"taxonomy":"category","embeddable":true,"href":"https:\/\/www.europesays.com\/es\/wp-json\/wp\/v2\/categories?post=294799"},{"taxonomy":"post_tag","embeddable":true,"href":"https:\/\/www.europesays.com\/es\/wp-json\/wp\/v2\/tags?post=294799"}],"curies":[{"name":"wp","href":"https:\/\/api.w.org\/{rel}","templated":true}]}}