{"id":294811,"date":"2025-12-18T17:40:10","date_gmt":"2025-12-18T17:40:10","guid":{"rendered":"https:\/\/www.europesays.com\/es\/294811\/"},"modified":"2025-12-18T17:40:10","modified_gmt":"2025-12-18T17:40:10","slug":"keeper-el-terror-el-susto-y-la-madre-que-los-pario-el-mundo","status":"publish","type":"post","link":"https:\/\/www.europesays.com\/es\/294811\/","title":{"rendered":"Keeper: el terror, el susto y la madre que los pari\u00f3 (***) &#8211; El Mundo"},"content":{"rendered":"<ol>\n<li><a href=\"https:\/\/news.google.com\/rss\/articles\/CBMiggFBVV95cUxNdTl2SkMtUWxIQ1pFOWRkOU15bTJUXzhNc2xGN09yUzFJUG0ya2U3RjEzbVF5MFN1RnV3cWQ3NktacjY2SnRSeHY3SllXdjJWbThtbmUzQ1BuV29RMnV3WTV5UEtoV01XeHdVaE1ISXBFMjBubmhwM3BNdlhIZXVQbUFn0gGCAUFVX3lxTE5zeU5Fc0JrUEdfMWVIVjljNVVVcU9TVEVWZFIxY2t6OU5UMUZpZjdaQ0NYc0pHcU12YUJhTmV3MXR3NVdYU1FNWmZRdW5ZaGJuclVWT2JZcjd0VEtHaThkX0p5WENzSEpwdnRSV2Q1ZkpSMGNGbVVaN29fb1ZjLXhyTlE?oc=5\" target=\"_blank\" rel=\"nofollow noopener\">Keeper: el terror, el susto y la madre que los pari\u00f3 (***)<\/a>&nbsp;&nbsp;El Mundo<\/li>\n<li><a href=\"https:\/\/news.google.com\/rss\/articles\/CBMi0AFBVV95cUxQSERRX3I0LVdwTGFEYTljMllDS1NYU1NUSDdKWGtTd2d6WEpBS29VUFhHeDh3V1ZHa2tDSmdnNUZNM3U4eldBNThOZm9vemZ6cUhtdXRyT1pacEMtWFR4blRlY3MyN0VSdGZkaTRwN1RHRHVzS2xMYXUyU0xNcTBNTlNQV3VHdHFiRmZMTnRhR0VmRVYtMFJjZ2syaGNmc1dMcGtOQnpPeUpzQURjbm93OTUtd2JUV0xBZHFLcTM1ZjAwdGtzODlLcGR6Y3pvekdG?oc=5\" target=\"_blank\" rel=\"nofollow noopener\">Osgood Perkins, el director de moda en el cine de terror: \u201cTodas mis pel\u00edculas son como granos que me quiero arrancar de la piel\u201d<\/a>&nbsp;&nbsp;elDiario.es<\/li>\n<li><a href=\"https:\/\/news.google.com\/rss\/articles\/CBMinwFBVV95cUxNQVlRT3NlVmZWTkJnanJVcDJnWWNOVTROc1hNeW9MM1l6NlZJZUxOM0tiZlJPQjluQVllZ0dTeHFXRTduekdVcHZ5Zi1CZFl5eVRrNDRhc3M3MGF1YjJMWWZWdnBLeUgyNTZxNWNZOXp6VnJtc2wzQmxnekFNNjRwaldtWUdlcWtUeWVDc2oyWUFyUWRRRFpfc1JZNkNsa28?oc=5\" target=\"_blank\" rel=\"nofollow noopener\">&#8216;Keeper&#8217;, escapada rom\u00e1ntica convertida en pesadilla<\/a>&nbsp;&nbsp;ABC<\/li>\n<li><a href=\"https:\/\/news.google.com\/rss\/articles\/CBMia0FVX3lxTE5HMDN2cjFvYkZhRzJPX3dEdlYxbEd5WDFYeGlSV1MyS3pEV0t3cHBHNHRLTkFsTXRsSUV0SlBJdUQ2YV9TWkJQWkFRTHFzODdZT1dSXzJiRU5DM0czRDdKdTJ1MEN4aWxPX29v?oc=5\" target=\"_blank\" rel=\"nofollow noopener\">Llega a los cines \u00abun horror abrasador\u00bb de uno de los genios actuales del g\u00e9nero: &#8216;Keeper&#8217; no deja a nadie indiferente<\/a>&nbsp;&nbsp;SensaCine<\/li>\n<li><a href=\"https:\/\/news.google.com\/rss\/articles\/CBMioAFBVV95cUxNdDU1WXZXZTRkaEprNUNyM2NXb0ltbTRBdm1ZSEdhNEdidlEyWk9lWGlpbjUwRkFMMm1jNGFFZlVJSkF4NzBOMEFpMzZ1NmptT1lYd3dWZmN4NmlvcXRsODU5alRhT1N5cXRIY3hBY0lGZGR4T2VoZm1VLU9ZRlVQckxlTnNfZkhQQk1zZ1h0WUwzTXJMaEkzMXpOeUZiUFJZ0gGgAUFVX3lxTE9ROU1WV3A0Sm1XOE10cm5MbnBTWU94Smp0THYyZjlmZC1OOHIxX0RrVzl1S2NyakdhMXhHb2hneGlFY1ZCc2tGWW01cGdKQzVQR2lmM2xzLS1pQVVvUEVDd2N0UTA1REFpMDhGM3FLV3hMaWl2UHdXd183RXJUQ1lySWNZb3hrMF9oTWQwNzJKQVoyS0lFZGZKaFQ0ZUpaeWY?oc=5\" target=\"_blank\" rel=\"nofollow noopener\">Cr\u00edtica de &#8216;Keeper&#8217;: Osgood Perkins, hijo del protagonista de &#8216;Psicosis&#8217;, dise\u00f1a una atm\u00f3sfera precisa de terror<\/a>&nbsp;&nbsp;El Peri\u00f3dico<\/li>\n<\/ol>\n","protected":false},"excerpt":{"rendered":"Keeper: el terror, el susto y la madre que los pari\u00f3 (***)&nbsp;&nbsp;El Mundo Osgood Perkins, el director de&hellip;\n","protected":false},"author":2,"featured_media":294812,"comment_status":"","ping_status":"","sticky":false,"template":"","format":"standard","meta":{"footnotes":""},"categories":[169],"tags":[177,6622,209,4176,146,147,25,24,176,175,23],"class_list":{"0":"post-294811","1":"post","2":"type-post","3":"status-publish","4":"format-standard","5":"has-post-thumbnail","7":"category-cine","8":"tag-cine","9":"tag-criticas-de-cine","10":"tag-cultura","11":"tag-cultura-cine","12":"tag-entertainment","13":"tag-entretenimiento","14":"tag-es","15":"tag-espana","16":"tag-film","17":"tag-movies","18":"tag-spain"},"share_on_mastodon":{"url":"https:\/\/pubeurope.com\/@es\/115741800811247309","error":""},"_links":{"self":[{"href":"https:\/\/www.europesays.com\/es\/wp-json\/wp\/v2\/posts\/294811","targetHints":{"allow":["GET"]}}],"collection":[{"href":"https:\/\/www.europesays.com\/es\/wp-json\/wp\/v2\/posts"}],"about":[{"href":"https:\/\/www.europesays.com\/es\/wp-json\/wp\/v2\/types\/post"}],"author":[{"embeddable":true,"href":"https:\/\/www.europesays.com\/es\/wp-json\/wp\/v2\/users\/2"}],"replies":[{"embeddable":true,"href":"https:\/\/www.europesays.com\/es\/wp-json\/wp\/v2\/comments?post=294811"}],"version-history":[{"count":0,"href":"https:\/\/www.europesays.com\/es\/wp-json\/wp\/v2\/posts\/294811\/revisions"}],"wp:featuredmedia":[{"embeddable":true,"href":"https:\/\/www.europesays.com\/es\/wp-json\/wp\/v2\/media\/294812"}],"wp:attachment":[{"href":"https:\/\/www.europesays.com\/es\/wp-json\/wp\/v2\/media?parent=294811"}],"wp:term":[{"taxonomy":"category","embeddable":true,"href":"https:\/\/www.europesays.com\/es\/wp-json\/wp\/v2\/categories?post=294811"},{"taxonomy":"post_tag","embeddable":true,"href":"https:\/\/www.europesays.com\/es\/wp-json\/wp\/v2\/tags?post=294811"}],"curies":[{"name":"wp","href":"https:\/\/api.w.org\/{rel}","templated":true}]}}