{"id":294821,"date":"2025-12-18T17:45:10","date_gmt":"2025-12-18T17:45:10","guid":{"rendered":"https:\/\/www.europesays.com\/es\/294821\/"},"modified":"2025-12-18T17:45:10","modified_gmt":"2025-12-18T17:45:10","slug":"acciona-constituye-una-comision-especial-para-fortalecer-sus-politicas-de-cumplimiento-normativo","status":"publish","type":"post","link":"https:\/\/www.europesays.com\/es\/294821\/","title":{"rendered":"ACCIONA constituye una Comisi\u00f3n Especial para fortalecer sus pol\u00edticas de Cumplimiento Normativo"},"content":{"rendered":"<p>ACCIONA ha decidido constituir una Comisi\u00f3n Especial para la Evaluaci\u00f3n y Fortalecimiento del Cumplimiento Normativo, dependiente del Consejo de Administraci\u00f3n, a fin de identificar y proponer, en su caso, posibles mejoras de las normas, las pol\u00edticas y los procedimientos. As\u00ed lo ha anunciado hoy el presidente y CEO de la compa\u00f1\u00eda, Jos\u00e9 Manuel Entrecanales, en un discurso que, con motivo de las fiestas navide\u00f1as, ha dirigido a todos los empleados del grupo.<\/p>\n<p>La Comisi\u00f3n Especial estar\u00e1 integrada por tres consejeros independientes de ACCIONA (Mar\u00eda Salgado Madri\u00f1\u00e1n, Mar\u00eda Dolores Dancausa Trevi\u00f1o y Javier Sendagorta G\u00f3mez del Campillo) y por tres expertos independientes externos de reconocido prestigio internacional: Sebasti\u00e1n Albella Amigo, ex-presidente de la Comisi\u00f3n Nacional del Mercado de Valores, Federico Linares Garc\u00eda de Coss\u00edo, presidente de EY Espa\u00f1a, y Luis de Carlos Bertr\u00e1n, ex-socio director de Ur\u00eda y Men\u00e9ndez.<\/p>\n<p>Adem\u00e1s, el presidente de ACCIONA anunci\u00f3 que PwC, firma de auditor\u00eda de referencia global, ha emitido un informe independiente sobre la validez y la vigencia del sistema de cumplimiento normativo del Grupo ACCIONA.<\/p>\n<p>Los resultados del informe son concluyentes cuando afirman que Acciona Construcci\u00f3n, cuenta \u2013al igual que todas las empresas del Grupo ACCIONA\u2013 con un \u201cmodelo de prevenci\u00f3n de delitos y anticorrupci\u00f3n\u201d, alineado y certificado bajo las mejores pr\u00e1cticas del mercado nacional e internacional de prevenci\u00f3n de riesgos penales (UNE 19601 y UNE-ISO 37001), que cumple con la totalidad de los requisitos establecidos por la legislaci\u00f3n penal para asegurar el \u201cdebido control\u201d<\/p>\n<p>frente a los riesgos de comisi\u00f3n de delitos en el seno de su organizaci\u00f3n (art\u00edculo 31 bis del C\u00f3digo Penal y Circular 1\/2016 de la Fiscal\u00eda General del Estado).<\/p>\n<p>El informe de PwC acredita asimismo que, desde antes de 2015 y a lo largo de todo el periodo de tiempo sobre el que se proyectan las investigaciones judiciales en curso, el modelo de control de Acciona Construcci\u00f3n se ha desarrollado y adaptado a los sucesivos cambios legislativos exigibles en cada momento en esta materia.<\/p>\n<p>Pese a la fortaleza del modelo de cumplimiento normativo, \u201cpor desgracia, no existe ning\u00fan sistema de control absoluto\u201d, afirm\u00f3 Jos\u00e9 Manuel Entrecanales en su discurso a los empleados, \u201cmotivo por el cual, he considerado necesario ir un paso m\u00e1s all\u00e1 con la creaci\u00f3n de esta Comisi\u00f3n Especial\u201d.<\/p>\n<p>\u201cLa \u00fanica garant\u00eda real para preservar el prestigio de nuestra marca es el rigor, la honestidad y la decencia de cada uno de nosotros\u201d, a\u00f1adi\u00f3 el presidente de ACCIONA. \u201cConf\u00edo en que a medida que avance la investigaci\u00f3n judicial, quede patente la honestidad de nuestra organizaci\u00f3n, nuestro compromiso con la justicia y la eficacia de nuestros procedimientos de control interno\u201d.<\/p>\n<p>\u00a0<\/p>\n<p><strong>CAPTACI\u00d3N Y CONSTRUCCI\u00d3N, EQUIPOS SEPARADOS<\/strong><\/p>\n<p>El presidente de la compa\u00f1\u00eda tambi\u00e9n anunci\u00f3 la reorganizaci\u00f3n de Acciona Construcci\u00f3n Espa\u00f1a bajo el liderazgo de Jos\u00e9 Dami\u00e1n S\u00e1ez, quien asumi\u00f3 la direcci\u00f3n del \u00e1rea de negocio el pasado mes de julio. Con anterioridad, S\u00e1ez era el responsable de Construcci\u00f3n para Am\u00e9rica Latina, con sede en Sao Paulo (Brasil).<\/p>\n<p>En el marco de esta nueva organizaci\u00f3n, los procesos de desarrollo de negocio y preparaci\u00f3n de ofertas y licitaciones, por un lado, y la ejecuci\u00f3n y la construcci\u00f3n de los proyectos, por otro, se desarrollar\u00e1n por equipos diferenciados y separados, mejorando as\u00ed el nivel de control, transparencia, especializaci\u00f3n y eficiencia.<\/p>\n<p>Los procesos de desarrollo de negocio y preparaci\u00f3n de ofertas y licitaciones se supervisar\u00e1n y controlar\u00e1n por el propio director de Acciona Construcci\u00f3n Espa\u00f1a, con los equipos de soporte necesarios.<\/p>\n<p>Francesc L\u00f3pez, como director de Operaciones, estar\u00e1 al frente de la ejecuci\u00f3n y construcci\u00f3n de los proyectos, reportando a Jos\u00e9 Dami\u00e1n S\u00e1ez. L\u00f3pez era, con anterioridad, el director de la Zona Este de Acciona Construcci\u00f3n Espa\u00f1a.<\/p>\n<p>Hasta ahora, Acciona Construcci\u00f3n Espa\u00f1a contaba con cuatro direcciones organizadas por \u00e1reas geogr\u00e1ficas (Norte, Sur, Este y Centro) \u2013que ahora desaparecen\u2013 y que realizaban indistintamente ambas funciones.<\/p>\n<p>Con la nueva organizaci\u00f3n, del nuevo director de Operaciones depender\u00e1n tres Direcciones de Producci\u00f3n, que se organizar\u00e1n por tipolog\u00eda de proyectos y segmentos de clientes y ser\u00e1n lideradas por Carlos Tabernero, hasta ahora director de Operaciones de Acciona Construcci\u00f3n en Am\u00e9rica Latina; Juan Antonio Ad\u00e1n, anteriormente director de Construcci\u00f3n de Australia, y Roberto Carballo, que ocupaba la Direcci\u00f3n de Negocios Especiales de Construcci\u00f3n en Espa\u00f1a.<\/p>\n<p>Esta reorganizaci\u00f3n implica tambi\u00e9n una revisi\u00f3n del posicionamiento estrat\u00e9gico de la unidad de negocio y de su presencia y actividad en el sector de la construcci\u00f3n en Espa\u00f1a, a fin de diversificar<\/p>\n<p>oportunidades y adaptarse a la evoluci\u00f3n del mercado, que apunta a un potencial incremento de inversiones en el sector privado y una menor actividad en el sector p\u00fablico.<\/p>\n","protected":false},"excerpt":{"rendered":"ACCIONA ha decidido constituir una Comisi\u00f3n Especial para la Evaluaci\u00f3n y Fortalecimiento del Cumplimiento Normativo, dependiente del Consejo&hellip;\n","protected":false},"author":2,"featured_media":294822,"comment_status":"","ping_status":"","sticky":false,"template":"","format":"standard","meta":{"footnotes":""},"categories":[80],"tags":[5296,82,70423,95,94,25,24,62407,3912,23],"class_list":{"0":"post-294821","1":"post","2":"type-post","3":"status-publish","4":"format-standard","5":"has-post-thumbnail","7":"category-economia","8":"tag-acciona","9":"tag-business","10":"tag-comision-especial","11":"tag-economia","12":"tag-economy","13":"tag-es","14":"tag-espana","15":"tag-fortalecer","16":"tag-politicas","17":"tag-spain"},"share_on_mastodon":{"url":"https:\/\/pubeurope.com\/@es\/115741820784066131","error":""},"_links":{"self":[{"href":"https:\/\/www.europesays.com\/es\/wp-json\/wp\/v2\/posts\/294821","targetHints":{"allow":["GET"]}}],"collection":[{"href":"https:\/\/www.europesays.com\/es\/wp-json\/wp\/v2\/posts"}],"about":[{"href":"https:\/\/www.europesays.com\/es\/wp-json\/wp\/v2\/types\/post"}],"author":[{"embeddable":true,"href":"https:\/\/www.europesays.com\/es\/wp-json\/wp\/v2\/users\/2"}],"replies":[{"embeddable":true,"href":"https:\/\/www.europesays.com\/es\/wp-json\/wp\/v2\/comments?post=294821"}],"version-history":[{"count":0,"href":"https:\/\/www.europesays.com\/es\/wp-json\/wp\/v2\/posts\/294821\/revisions"}],"wp:featuredmedia":[{"embeddable":true,"href":"https:\/\/www.europesays.com\/es\/wp-json\/wp\/v2\/media\/294822"}],"wp:attachment":[{"href":"https:\/\/www.europesays.com\/es\/wp-json\/wp\/v2\/media?parent=294821"}],"wp:term":[{"taxonomy":"category","embeddable":true,"href":"https:\/\/www.europesays.com\/es\/wp-json\/wp\/v2\/categories?post=294821"},{"taxonomy":"post_tag","embeddable":true,"href":"https:\/\/www.europesays.com\/es\/wp-json\/wp\/v2\/tags?post=294821"}],"curies":[{"name":"wp","href":"https:\/\/api.w.org\/{rel}","templated":true}]}}