{"id":29483,"date":"2025-08-06T13:22:09","date_gmt":"2025-08-06T13:22:09","guid":{"rendered":"https:\/\/www.europesays.com\/es\/29483\/"},"modified":"2025-08-06T13:22:09","modified_gmt":"2025-08-06T13:22:09","slug":"reino-unido-prohibe-dos-anuncios-de-zara-por-la-delgadez-extrema-de-sus-modelos","status":"publish","type":"post","link":"https:\/\/www.europesays.com\/es\/29483\/","title":{"rendered":"Reino Unido proh\u00edbe dos anuncios de Zara por la delgadez extrema de sus modelos"},"content":{"rendered":"<p>\n                    Publicado                 06\/08\/2025 &#8211; 14:05 CEST<br \/>\n                \u2022Ultima actualizaci\u00f3n<br \/>\n                                     14:06\n                                        <\/p>\n<p>          <img decoding=\"async\" class=\"c-ad__placeholder__logo\" src=\"https:\/\/static.euronews.com\/website\/images\/logos\/logo-euronews-stacked-outlined-72x72-grey-9.svg\" width=\"72\" height=\"72\" alt=\"\" loading=\"lazy\"\/><br \/>\n          PUBLICIDAD<\/p>\n<p>El organismo regulador de la publicidad del Reino Unido, la Advertising Standards Authority (ASA), <a href=\"https:\/\/es.euronews.com\/cultura\/2024\/03\/28\/estilo-icks-que-censurarias-en-el-mundo-de-la-moda\" rel=\"nofollow noopener\" target=\"_blank\"><strong>ha prohibido dos anuncios de Zara<\/strong><\/a>, tach\u00e1ndolos de \u00absocialmente irresponsables\u00bb por mostrar a modelos consideradas \u00abpoco saludables por su delgadez extrema\u00bb.<\/p>\n<p>Los <strong>anuncios de la cadena de moda espa\u00f1ola en cuesti\u00f3n<\/strong>, publicados en mayo, mostraban a una modelo con una camisa blanca demasiado grande cuya \u00abclav\u00edcula prominente\u00bb quedaba acentuada por el dise\u00f1o de la prenda, y a otra modelo con un vestido blanco corto cuyo <a href=\"https:\/\/es.euronews.com\/salud\/2024\/08\/19\/8-minutos-de-contenido-de-tiktok-proanorexia-bastan-para-ser-perjudiciales-revela-un-estud\" rel=\"nofollow noopener\" target=\"_blank\"><strong>aspecto \u00abdemacrado\u00bb quedaba acentuado<\/strong><\/a> por el dise\u00f1o. La ASA dictamin\u00f3 que estas im\u00e1genes eran irresponsables y orden\u00f3 a Zara que no volviera a utilizarlas. <\/p>\n<p>Seg\u00fan el organismo de control, <strong>se utiliz\u00f3 un efecto de sombra<\/strong> para que una de las piernas de la modelo pareciera \u00abnotablemente delgada\u00bb. A\u00f1adieron que la posici\u00f3n de la parte superior de <strong>los brazos y las articulaciones<\/strong> de los codos de la modelo hac\u00edan que su cuerpo pareciera \u00abdesproporcionado\u00bb.<\/p>\n<p><strong>Zara<\/strong> confirm\u00f3 que hab\u00eda modificado el listado de productos tras recibir la queja y retirar las im\u00e1genes. El minorista public\u00f3 entonces un comunicado en el que afirmaba que <strong>las dos modelos<\/strong> ten\u00edan certificados m\u00e9dicos que demostraban que <strong>gozaban de buena salud<\/strong> y que ninguna de las im\u00e1genes hab\u00eda sido modificada, m\u00e1s all\u00e1 de peque\u00f1os retoques de iluminaci\u00f3n y color.<\/p>\n<p>Un portavoz de Zara en el Reino Unido declar\u00f3: \u00abTomamos nota de la decisi\u00f3n de la ASA a ra\u00edz de una queja individual relativa a <strong>dos im\u00e1genes de nuestro sitio web<\/strong> que retiramos cuando la ASA nos lo hizo saber\u00bb.<\/p>\n<p>El comunicado a\u00f1ad\u00eda: \u00abEstamos <a href=\"https:\/\/es.euronews.com\/2015\/04\/04\/francia-dice-no-a-los-modelos-muy-delgados-para-luchar-contra-la-anorexia\" rel=\"nofollow noopener\" target=\"_blank\"><strong>comprometidos con un contenido responsable<\/strong><\/a> y seguimos estrictas directrices y controles en la selecci\u00f3n y fotograf\u00eda de modelos, as\u00ed como en la selecci\u00f3n de im\u00e1genes\u00bb. La ASA tambi\u00e9n investig\u00f3 otros dos anuncios de Zara, pero ninguno de ellos acab\u00f3 siendo prohibido. Se han hecho llamamientos m\u00e1s amplios para que las marcas garanticen una <strong>representaci\u00f3n responsable y diversa<\/strong>. <\/p>\n<p>La decisi\u00f3n de la ASA pone a\u00fan m\u00e1s de relieve el creciente escrutinio sobre la <a href=\"https:\/\/es.euronews.com\/cultura\/2015\/10\/09\/la-nueva-musa-de-dior-reabre-el-debate-sobre-la-edad-de-las-modelos\" rel=\"nofollow noopener\" target=\"_blank\"><strong>representaci\u00f3n de la imagen corporal<\/strong><\/a> en la publicidad de moda, y sigue a una decisi\u00f3n similar contra la cadena de tiendas <strong>Marks &amp; Spencer<\/strong> el mes pasado, en la que se prohibi\u00f3 un anuncio en internet despu\u00e9s de que la ropa y el \u00e1ngulo de la c\u00e1mara hicieran que la modelo pareciera \u00ab<strong>enfermizamente delgada<\/strong>\u00ab.<\/p>\n<p>Adem\u00e1s, el minorista brit\u00e1nico Next tambi\u00e9n ten\u00eda un anuncio que fue prohibido a principios de este a\u00f1o. La ASA declar\u00f3 que el anuncio de <strong>unos vaqueros pitillo azules<\/strong> era \u00abirresponsable\u00bb, ya que <strong>enfatizaba la delgadez<\/strong> de las piernas de la modelo utilizando \u00e1ngulos de c\u00e1mara. Next manifest\u00f3 su desacuerdo con la decisi\u00f3n y afirm\u00f3 que la modelo, aunque delgada, ten\u00eda un \u00abf\u00edsico sano y tonificado\u00bb.<\/p>\n","protected":false},"excerpt":{"rendered":"Publicado 06\/08\/2025 &#8211; 14:05 CEST \u2022Ultima actualizaci\u00f3n 14:06 PUBLICIDAD El organismo regulador de la publicidad del Reino Unido,&hellip;\n","protected":false},"author":2,"featured_media":29484,"comment_status":"","ping_status":"","sticky":false,"template":"","format":"standard","meta":{"footnotes":""},"categories":[80],"tags":[82,209,95,94,25,24,15720,1023,2444,166,23],"class_list":{"0":"post-29483","1":"post","2":"type-post","3":"status-publish","4":"format-standard","5":"has-post-thumbnail","7":"category-economia","8":"tag-business","9":"tag-cultura","10":"tag-economia","11":"tag-economy","12":"tag-es","13":"tag-espana","14":"tag-fast-fashion","15":"tag-moda","16":"tag-reino-unido","17":"tag-salud","18":"tag-spain"},"share_on_mastodon":{"url":"","error":""},"_links":{"self":[{"href":"https:\/\/www.europesays.com\/es\/wp-json\/wp\/v2\/posts\/29483","targetHints":{"allow":["GET"]}}],"collection":[{"href":"https:\/\/www.europesays.com\/es\/wp-json\/wp\/v2\/posts"}],"about":[{"href":"https:\/\/www.europesays.com\/es\/wp-json\/wp\/v2\/types\/post"}],"author":[{"embeddable":true,"href":"https:\/\/www.europesays.com\/es\/wp-json\/wp\/v2\/users\/2"}],"replies":[{"embeddable":true,"href":"https:\/\/www.europesays.com\/es\/wp-json\/wp\/v2\/comments?post=29483"}],"version-history":[{"count":0,"href":"https:\/\/www.europesays.com\/es\/wp-json\/wp\/v2\/posts\/29483\/revisions"}],"wp:featuredmedia":[{"embeddable":true,"href":"https:\/\/www.europesays.com\/es\/wp-json\/wp\/v2\/media\/29484"}],"wp:attachment":[{"href":"https:\/\/www.europesays.com\/es\/wp-json\/wp\/v2\/media?parent=29483"}],"wp:term":[{"taxonomy":"category","embeddable":true,"href":"https:\/\/www.europesays.com\/es\/wp-json\/wp\/v2\/categories?post=29483"},{"taxonomy":"post_tag","embeddable":true,"href":"https:\/\/www.europesays.com\/es\/wp-json\/wp\/v2\/tags?post=29483"}],"curies":[{"name":"wp","href":"https:\/\/api.w.org\/{rel}","templated":true}]}}