{"id":294855,"date":"2025-12-18T18:09:14","date_gmt":"2025-12-18T18:09:14","guid":{"rendered":"https:\/\/www.europesays.com\/es\/294855\/"},"modified":"2025-12-18T18:09:14","modified_gmt":"2025-12-18T18:09:14","slug":"mercosur-se-niega-a-seguir-negociando-con-la-ue-si-el-acuerdo-no-se-firma-el-sabado-por-el-rechazo-que-lidera-francia","status":"publish","type":"post","link":"https:\/\/www.europesays.com\/es\/294855\/","title":{"rendered":"Mercosur se niega a seguir negociando con la UE si el acuerdo no se firma el s\u00e1bado por el rechazo que lidera Francia"},"content":{"rendered":"<p>Despu\u00e9s de 26 a\u00f1os de negociaciones, <strong>se tambalea el acuerdo comercial de la Uni\u00f3n Europea con los pa\u00edses de Mercosur <\/strong>(Brasil, Argentina, Uruguay y Paraguay). Tanto el presidente brasile\u00f1o, Luiz In\u00e1cio Lula da Silva, como el Gobierno paraguayo han advertido a los Veintisiete que se levantar\u00e1n de la mesa si el pacto no se firma este s\u00e1bado como estaba previsto. El ultim\u00e1tum llega en unas horas convulsas en Bruselas, donde miles de agricultores han bloqueado la ciudad en protesta por la posible alianza. Desde la cumbre celebrada all\u00ed, el presidente de Francia, Emmanuel Macron, ha liderado el bloque de pa\u00edses en contra: \u00abA\u00fan no est\u00e1 listo\u00bb.<\/p>\n<p>Estaba previsto que la presidenta de la Comisi\u00f3n Europea, Ursula von der Leyen, viajara a Iguaz\u00fa, Brasil, para rubricar el acuerdo, pero antes necesita el apoyo por mayor\u00eda cualificada del Consejo. Tanto <strong>Francia <\/strong>como <strong>Polonia <\/strong>se oponen y, m\u00e1s recientemente, <strong>Italia <\/strong>se ha sumado a las reticencias por considerarlo \u00abprematuro\u00bb.<\/p>\n<p>El acuerdo permitir\u00eda a la UE exportar m\u00e1s veh\u00edculos, maquinaria, vinos y bebidas espirituosas a Am\u00e9rica Latina, al tiempo que facilitar\u00eda la entrada en Europa de carne de vacuno, az\u00facar, arroz, miel y soja sudamericanos, lo que preocupa a los sectores afectados.<\/p>\n<p>Francia reclama salvaguardas, reciprocidad y controles<\/p>\n<p>Macron apuesta por seguir negociando, a pesar de que reconoce que se han logrado avances \u00aben la buena direcci\u00f3n\u00bb y reclama tres puntos, que se alinean con las demandas del sector agr\u00edcola y ganadero. En primer lugar, un<strong> \u00abfreno de emergencia\u00bb<\/strong> para detener el intercambio si hay mercados desestabilizados. Segundo,<strong> \u00abreciprocidad\u00bb <\/strong>en las exigencias a los productores. Y finalmente, <strong>\u00abcontroles\u00bb <\/strong>para garantizar el cumplimiento de esas normas medioambientales y fitosanitarias.<\/p>\n<p>Lo cierto es que la ganader\u00eda francesa est\u00e1 siendo muy cr\u00edtica con la gesti\u00f3n del Ejecutivo del primer ministro S\u00e9bastien Lecornu ante la crisis de la dermatosis nodular contagiosa (DNC) y el presidente franc\u00e9s tambi\u00e9n tiene que lidar con ese descontento interno. <\/p>\n<p>Entre los \u00abbuenos\u00bb avances mencionados por Macron, la Euroc\u00e1mara ya acord\u00f3 este mi\u00e9rcoles el dise\u00f1o final de las cl\u00e1usulas de salvaguardia para el acuerdo comercial, con el fin de proteger a los agricultores del posible impacto negativo del aumento de importaciones latinoamericanas. Asimismo, existen compromisos para aumentar los controles de las exportaciones a partir del 1 de enero.<\/p>\n<p>Meloni antepone las demandas de los agricultores<\/p>\n<p>La primera ministra italiana, Giorgia Meloni, ha insistido este jueves en que su Gobierno \u00abest\u00e1 dispuesto\u00bb a firmar el acuerdo \u00abtan pronto como se den las respuestas necesarias a los agricultores\u00bb, lo que \u2014ha dicho\u2014<strong> depende de las decisiones de la Comisi\u00f3n<\/strong> para protegerlos y podr\u00eda solucionarse en un \u00abplazo breve\u00bb. As\u00ed lo ha expuesto la oficina de prensa del Ejecutivo italiano en un comunicado despu\u00e9s de una llamada con Lula da Silva.<\/p>\n<p>Por su parte, el presidente brasile\u00f1o ha revelado que Meloni le ha pedido \u00abunos d\u00edas\u00bb para determinar si apoyar\u00e1 o no la firma del acuerdo, al que \u00abno se opone\u00bb. Seg\u00fan Lula, la primera ministra italiana le ha argumentado que tiene \u00abproblemas pol\u00edticos con los agricultores\u00bb de su pa\u00eds, pero se siente \u00abcapaz\u00bb de convencerlos. <\/p>\n<p>Von der Leyen: \u00abTenemos que librarnos de nuestras sobredependencias\u00bb<\/p>\n<p>Antes, en Bruselas, <strong>Von der Leyen <\/strong>ha subrayado que es \u00abde enorme importancia\u00bb que los pa\u00edses le den luz verde para firmar el acuerdo con Mercosur. \u00abTenemos que librarnos de nuestras sobredependencias (\u2026) Solo es posible con una <strong>red de acuerdos de libre comercio <\/strong>y Mercosur desempe\u00f1a un papel central, es potencialmente un mercado de 700 millones de consumidores, pa\u00edses con visiones similares que quieren comerciar juntos\u00bb, ha declarado a su llegada a la cumbre, en la que los jefes de Estado y de Gobierno se centran en la financiaci\u00f3n a Ucrania. <\/p>\n<p>La presidenta de la Comisi\u00f3n Europea se ha reunido este jueves tambi\u00e9n con una delegaci\u00f3n de la principal organizaci\u00f3n agr\u00edcola europea, Copa-Cogeca, para abordar sus cr\u00edticas al acuerdo y la preocupaci\u00f3n ante un posible recorte de los recursos de la Pol\u00edtica Agraria Com\u00fan (PAC).<\/p>\n<p>Los esfuerzos de Von der Leyen se intensifican despu\u00e9s de que <strong>Lula da Silva<\/strong> advirtiera este mi\u00e9rcoles que si la UE decide seguir posponiendo el pacto comercial,  no habr\u00eda \u00abm\u00e1s acuerdo\u00bb, al menos mientras \u00e9l fuera presidente de Brasil.<\/p>\n<p>Tambi\u00e9n el ministro <strong>paraguayo <\/strong>de Industria y Comercio, Javier Gim\u00e9nez, se ha pronunciado en ese sentido. \u00abSi se cae el acuerdo, luego de casi tres d\u00e9cadas, ya no creo que tengamos chance de revivirlo, ser\u00eda ya el fin de cualquier intento de crear este acuerdo con la Uni\u00f3n Europea\u00bb, ha declarado en la emisora de radio ABC Cardinal.<\/p>\n","protected":false},"excerpt":{"rendered":"Despu\u00e9s de 26 a\u00f1os de negociaciones, se tambalea el acuerdo comercial de la Uni\u00f3n Europea con los pa\u00edses&hellip;\n","protected":false},"author":2,"featured_media":294856,"comment_status":"","ping_status":"","sticky":false,"template":"","format":"standard","meta":{"footnotes":""},"categories":[42],"tags":[17,18,13,14,11,61,62,63,64,19,20,9,10,15,16,12,21,22,65,66,67],"class_list":{"0":"post-294855","1":"post","2":"type-post","3":"status-publish","4":"format-standard","5":"has-post-thumbnail","7":"category-internacional","8":"tag-breaking-news","9":"tag-breakingnews","10":"tag-featured-news","11":"tag-featurednews","12":"tag-headlines","13":"tag-internacional","14":"tag-international","15":"tag-international-news","16":"tag-internationalnews","17":"tag-latest-news","18":"tag-latestnews","19":"tag-news","20":"tag-noticias","21":"tag-noticias-destacadas","22":"tag-noticiasdestacadas","23":"tag-titulares","24":"tag-ultimas-noticias","25":"tag-ultimasnoticias","26":"tag-world","27":"tag-world-news","28":"tag-worldnews"},"share_on_mastodon":{"url":"https:\/\/pubeurope.com\/@es\/115741915000383394","error":""},"_links":{"self":[{"href":"https:\/\/www.europesays.com\/es\/wp-json\/wp\/v2\/posts\/294855","targetHints":{"allow":["GET"]}}],"collection":[{"href":"https:\/\/www.europesays.com\/es\/wp-json\/wp\/v2\/posts"}],"about":[{"href":"https:\/\/www.europesays.com\/es\/wp-json\/wp\/v2\/types\/post"}],"author":[{"embeddable":true,"href":"https:\/\/www.europesays.com\/es\/wp-json\/wp\/v2\/users\/2"}],"replies":[{"embeddable":true,"href":"https:\/\/www.europesays.com\/es\/wp-json\/wp\/v2\/comments?post=294855"}],"version-history":[{"count":0,"href":"https:\/\/www.europesays.com\/es\/wp-json\/wp\/v2\/posts\/294855\/revisions"}],"wp:featuredmedia":[{"embeddable":true,"href":"https:\/\/www.europesays.com\/es\/wp-json\/wp\/v2\/media\/294856"}],"wp:attachment":[{"href":"https:\/\/www.europesays.com\/es\/wp-json\/wp\/v2\/media?parent=294855"}],"wp:term":[{"taxonomy":"category","embeddable":true,"href":"https:\/\/www.europesays.com\/es\/wp-json\/wp\/v2\/categories?post=294855"},{"taxonomy":"post_tag","embeddable":true,"href":"https:\/\/www.europesays.com\/es\/wp-json\/wp\/v2\/tags?post=294855"}],"curies":[{"name":"wp","href":"https:\/\/api.w.org\/{rel}","templated":true}]}}