{"id":294866,"date":"2025-12-18T18:20:15","date_gmt":"2025-12-18T18:20:15","guid":{"rendered":"https:\/\/www.europesays.com\/es\/294866\/"},"modified":"2025-12-18T18:20:15","modified_gmt":"2025-12-18T18:20:15","slug":"reunion-kiat-lim-corberan-a-las-puertas-del-mercado-de-fichajes","status":"publish","type":"post","link":"https:\/\/www.europesays.com\/es\/294866\/","title":{"rendered":"Reuni\u00f3n Kiat Lim-Corber\u00e1n a las puertas del mercado de fichajes"},"content":{"rendered":"<p class=\"ft-text\"><strong>El m\u00e1ximo accionista del <\/strong><a class=\"ft-link ft-link--decoration\" href=\"https:\/\/www.superdeporte.es\/valencia-cf\/2025\/12\/18\/dani-rodriguez-salida-oficial-rcdmallorca-124925308.html\" rel=\"nofollow noopener\" target=\"_blank\"><strong>Valencia CF<\/strong><\/a><strong> <\/strong><a class=\"ft-link ft-link--decoration\" href=\"https:\/\/www.superdeporte.es\/valencia-cf\/2025\/12\/17\/kiat-lim-primera-junta-accionistas-valencia-presidente-124891157.html\" rel=\"nofollow noopener\" target=\"_blank\"><strong>Kiat Lim<\/strong><\/a><strong> se reuni\u00f3 ayer por la tarde con el entrenador Carlos <\/strong><a class=\"ft-link ft-link--decoration\" href=\"https:\/\/www.superdeporte.es\/valencia-cf\/2025\/12\/18\/corberan-analiza-enfermeria-valencia-124928905.html\" rel=\"nofollow noopener\" target=\"_blank\">Corber\u00e1n <\/a>apara valorar la primera parte de la temporada y tratar de mejorar en la segunda a las puertas del mercado de fichajes. El hijo del propietario Peter Lim y el t\u00e9cnico blanquinegro se sentaron ayer a hablar. tal y como ha confirmado el entrenador en sala de prensa, aprovechando su visita a la ciudad con motivo de la <a class=\"ft-link ft-link--decoration\" href=\"https:\/\/www.superdeporte.es\/valencia-cf\/2025\/12\/17\/situaciones-mas-surrealistas-junta-accionistas-valencia-cf-124904121.html\" rel=\"nofollow noopener\" target=\"_blank\">Junta General de Accionistas. <\/a><\/p>\n<p class=\"ft-text\">As\u00ed lo confirm\u00f3 el t\u00e9cnico en la rueda de prensa del Valencia-Mallorca: <strong> \u00abAyer estuve con Kiat, s\u00ed he podido hablar con \u00e9l\u00bb<\/strong>, afirm\u00f3. Eso s\u00ed, el t\u00e9cnico no quiso desvelar los detalles de la reuni\u00f3n: <strong>\u00ab<\/strong>Me reun\u00ed y las reuniones que tengo a nivel privado quedan en el \u00e1mbito privado. <strong>He percibido siempre implicaci\u00f3n real en Kiat con el proyecto. <\/strong>Asociar al Valencia CF a Europa es normal, es la grandeza del club en el que trabajamos, pero somos conscientes de que tenemos que seguir creciendo para conseguirlo\u00bb.<\/p>\n<p><img decoding=\"async\" src=\"https:\/\/www.europesays.com\/es\/wp-content\/uploads\/2025\/12\/b5e2f425-4e6e-477f-b4e9-b38559883a7b_alta-libre-aspect-ratio_default_0.jpg\" width=\"1200\" height=\"800\" alt=\"Corber\u00e1n en sala de prensa\" class=\"ft-helper-img-rd\" loading=\"lazy\"\/><\/p>\n<p class=\"ft-helper-fontColor-quaternary ft-helper-fontSize-body-S ft-helper-spacer-t-xxs\">Corber\u00e1n en sala de prensa  \/ JOS\u00c9 MANUEL L\u00d3PEZ<\/p>\n<p class=\"ft-text\">El de Cheste agradeci\u00f3 el apoyo que tuvo en la Junta de Accionistas tanto de Kiat Lim como de Ron Gourlay en la Junta General de Accionistas del Valencia celebrada este mi\u00e9rcoles: \u00ab<strong>Se agradece y la forma que tengo de responder a la confianza en n\u00ed es con trabajo. <\/strong>Agradezco la confianza y la he sentido desde el primer d\u00eda. Me entrego en el trabajo cada d\u00eda y los resultados no son los que queremos y somos conscientes de que queremos mejorarlos. En los \u00faltimos cinco partidos hay mejor\u00eda y hemos encontrado la l\u00ednea entre juego y competitividad\u00bb, afirm\u00f3.<\/p>\n<p>Apoyo en la Junta<\/p>\n<p class=\"ft-text\">Kiat Lim pidi\u00f3 apoyo para Corber\u00e1n en su discurso inicial de la Junta. \u00ab<strong>Debemos seguir apoyando a nuestro entrenador, Carlos Corber\u00e1n, y<\/strong> a todos nuestros jugadores, que demuestran su compromiso con los valores del Valencia CF d\u00eda a d\u00eda. Pero, sobre todo, debemos reconocer una vez m\u00e1s a la afici\u00f3n, que ha demostrado su fe en el equipo incluso en los momentos m\u00e1s dif\u00edciles\u00bb, dijo.<\/p>\n<p class=\"ft-text\">Tambi\u00e9n rompi\u00f3 una lanza por el entrenador, el CEO de F\u00fatbol Ron <a class=\"ft-link ft-link--decoration\" href=\"https:\/\/www.superdeporte.es\/valencia-cf\/2025\/12\/17\/ron-gourlay-discurso-junta-general-valencia-cf-nou-mestalla-124892036.html\" rel=\"nofollow noopener\" target=\"_blank\">Gourlay<\/a>: <strong>\u00abCorber\u00e1n el a\u00f1o pasado lo hizo incre\u00edble manteniendo al equipo en Primera y permitiendo que hubiera cambios con mi llegada.<\/strong>\u00a0Tenemos que estar unidos\u00bb, reclam\u00f3.<\/p>\n","protected":false},"excerpt":{"rendered":"El m\u00e1ximo accionista del Valencia CF Kiat Lim se reuni\u00f3 ayer por la tarde con el entrenador Carlos&hellip;\n","protected":false},"author":2,"featured_media":294867,"comment_status":"","ping_status":"","sticky":false,"template":"","format":"standard","meta":{"footnotes":""},"categories":[268],"tags":[27893,5416,168,25,24,280,282,2024,70426,70425,21337,35537,1964,7458,281,23,167,235],"class_list":{"0":"post-294866","1":"post","2":"type-post","3":"status-publish","4":"format-standard","5":"has-post-thumbnail","7":"category-futbol","8":"tag-carlos-corberan","9":"tag-corberan","10":"tag-deportes","11":"tag-es","12":"tag-espana","13":"tag-football","14":"tag-futbol","15":"tag-junta","16":"tag-junta-general-de-accionistas","17":"tag-kiat","18":"tag-kiat-lim","19":"tag-lim","20":"tag-mercado-de-fichajes","21":"tag-reunion","22":"tag-soccer","23":"tag-spain","24":"tag-sports","25":"tag-valencia"},"share_on_mastodon":{"url":"https:\/\/pubeurope.com\/@es\/115741958586337026","error":""},"_links":{"self":[{"href":"https:\/\/www.europesays.com\/es\/wp-json\/wp\/v2\/posts\/294866","targetHints":{"allow":["GET"]}}],"collection":[{"href":"https:\/\/www.europesays.com\/es\/wp-json\/wp\/v2\/posts"}],"about":[{"href":"https:\/\/www.europesays.com\/es\/wp-json\/wp\/v2\/types\/post"}],"author":[{"embeddable":true,"href":"https:\/\/www.europesays.com\/es\/wp-json\/wp\/v2\/users\/2"}],"replies":[{"embeddable":true,"href":"https:\/\/www.europesays.com\/es\/wp-json\/wp\/v2\/comments?post=294866"}],"version-history":[{"count":0,"href":"https:\/\/www.europesays.com\/es\/wp-json\/wp\/v2\/posts\/294866\/revisions"}],"wp:featuredmedia":[{"embeddable":true,"href":"https:\/\/www.europesays.com\/es\/wp-json\/wp\/v2\/media\/294867"}],"wp:attachment":[{"href":"https:\/\/www.europesays.com\/es\/wp-json\/wp\/v2\/media?parent=294866"}],"wp:term":[{"taxonomy":"category","embeddable":true,"href":"https:\/\/www.europesays.com\/es\/wp-json\/wp\/v2\/categories?post=294866"},{"taxonomy":"post_tag","embeddable":true,"href":"https:\/\/www.europesays.com\/es\/wp-json\/wp\/v2\/tags?post=294866"}],"curies":[{"name":"wp","href":"https:\/\/api.w.org\/{rel}","templated":true}]}}