{"id":294868,"date":"2025-12-18T18:21:09","date_gmt":"2025-12-18T18:21:09","guid":{"rendered":"https:\/\/www.europesays.com\/es\/294868\/"},"modified":"2025-12-18T18:21:09","modified_gmt":"2025-12-18T18:21:09","slug":"el-actor-y-cineasta-eduardo-casanova-anuncia-que-tiene-vih-2","status":"publish","type":"post","link":"https:\/\/www.europesays.com\/es\/294868\/","title":{"rendered":"El actor y cineasta Eduardo Casanova anuncia que tiene VIH"},"content":{"rendered":"<p>\n        El actor, director y guionista Eduardo Casanova, de 34 a\u00f1os, ha<strong> anunciado este jueves que tiene <\/strong><a href=\"https:\/\/www.deia.eus\/tags\/vih\/\" title=\"VIH\" rel=\"nofollow noopener\" target=\"_blank\" class=\"link copy\"><strong>VIH<\/strong><\/a><strong>,<\/strong> en una publicaci\u00f3n en redes sociales en la que asegura que<strong> rompe \u00abeste silencio tan desagradable y doloroso despu\u00e9s de much\u00edsimos a\u00f1os\u00bb.<\/strong>\n<\/p>\n<p class=\"article-body__text \">\n        <strong>\u00abPese al miedo y la incertidumbre, hoy me siento profundamente feliz\u00bb<\/strong>, dice Casanova en el mensaje con el que ha querido hacer p\u00fablico que est\u00e1 contagiado con este virus, y en el que defiende que<strong> \u00abla dignidad deber\u00eda ser la forma en la que todas las personas con VIH pudieran salir del armario\u00bb.<\/strong>\n<\/p>\n<p>  <strong>VIH<\/strong><\/p>\n<p class=\"article-body__text \">\n        Casanova<strong> explica que cerca del 80 % de las personas con VIH no ha compartido con casi nadie que tienen la infecci\u00f3n, \u00abpor un estigma <\/strong>que nos condena al rechazo sistem\u00e1tico y m\u00e1s injusto del mundo\u00bb, remarca.\n<\/p>\n<p class=\"article-body__text \">\n        Un silencio que guardan y sufren, por tanto, \u00abmuch\u00edsimas personas\u00bb y que \u00e9l ha querido romper cuando ha querido y podido, dice.\n<\/p>\n<p class=\"article-body__text \">\n        \u00abLo hago por m\u00ed, pero deseo que esto pueda ayudar a m\u00e1s gente. <strong>Lo hago a mi manera, a trav\u00e9s del cine, que es mi forma de comunicarme\u00bb, <\/strong>dice en referencia a una pel\u00edcula documental dirigida por Jordi \u00c9vole sobre este mismo asunto que se estrenar\u00e1 en 2026.\n<\/p>\n<p class=\"article-body__text \">\n        El mensaje en Instagram de Casanova, que <strong>el pasado 1 de diciembre estren\u00f3 &#8216;Silencio&#8217;, una miniserie con la pandemia del VIH como trasfondo, <\/strong>ha recibido una oleada de apoyo en las respuestas, empezando por la de la asociaci\u00f3n Apoyo Positivo, que expresa su orgullo por el actor.\n<\/p>\n<p class=\"article-body__text \">\n        Compa\u00f1eros de profesi\u00f3n como Leticia Dolera, Hugo Silva, Raquel Mero\u00f1o o Miguel Diosdado tambi\u00e9n han expresado su cari\u00f1o a Casanova, que se dio a conocer como Fidel en la serie de televisi\u00f3n &#8216;A\u00edda&#8217;.<\/p>\n","protected":false},"excerpt":{"rendered":"El actor, director y guionista Eduardo Casanova, de 34 a\u00f1os, ha anunciado este jueves que tiene VIH, en&hellip;\n","protected":false},"author":2,"featured_media":294869,"comment_status":"","ping_status":"","sticky":false,"template":"","format":"standard","meta":{"footnotes":""},"categories":[174],"tags":[1339,4187,27790,255,21099,13843,146,147,25,24,256,23],"class_list":{"0":"post-294868","1":"post","2":"type-post","3":"status-publish","4":"format-standard","5":"has-post-thumbnail","7":"category-famosos","8":"tag-actor","9":"tag-anuncia","10":"tag-casanova","11":"tag-celebrities","12":"tag-cineasta","13":"tag-eduardo","14":"tag-entertainment","15":"tag-entretenimiento","16":"tag-es","17":"tag-espana","18":"tag-famosos","19":"tag-spain"},"share_on_mastodon":{"url":"https:\/\/pubeurope.com\/@es\/115741961885360007","error":""},"_links":{"self":[{"href":"https:\/\/www.europesays.com\/es\/wp-json\/wp\/v2\/posts\/294868","targetHints":{"allow":["GET"]}}],"collection":[{"href":"https:\/\/www.europesays.com\/es\/wp-json\/wp\/v2\/posts"}],"about":[{"href":"https:\/\/www.europesays.com\/es\/wp-json\/wp\/v2\/types\/post"}],"author":[{"embeddable":true,"href":"https:\/\/www.europesays.com\/es\/wp-json\/wp\/v2\/users\/2"}],"replies":[{"embeddable":true,"href":"https:\/\/www.europesays.com\/es\/wp-json\/wp\/v2\/comments?post=294868"}],"version-history":[{"count":0,"href":"https:\/\/www.europesays.com\/es\/wp-json\/wp\/v2\/posts\/294868\/revisions"}],"wp:featuredmedia":[{"embeddable":true,"href":"https:\/\/www.europesays.com\/es\/wp-json\/wp\/v2\/media\/294869"}],"wp:attachment":[{"href":"https:\/\/www.europesays.com\/es\/wp-json\/wp\/v2\/media?parent=294868"}],"wp:term":[{"taxonomy":"category","embeddable":true,"href":"https:\/\/www.europesays.com\/es\/wp-json\/wp\/v2\/categories?post=294868"},{"taxonomy":"post_tag","embeddable":true,"href":"https:\/\/www.europesays.com\/es\/wp-json\/wp\/v2\/tags?post=294868"}],"curies":[{"name":"wp","href":"https:\/\/api.w.org\/{rel}","templated":true}]}}