{"id":294924,"date":"2025-12-18T19:08:16","date_gmt":"2025-12-18T19:08:16","guid":{"rendered":"https:\/\/www.europesays.com\/es\/294924\/"},"modified":"2025-12-18T19:08:16","modified_gmt":"2025-12-18T19:08:16","slug":"mi-madre-queria-sacarme-como-fuera-de-la-casa-y-busco-una-academia-de-karate-y-al-lado-habia-una-de-guitarra-entonces-me-metio-a-guitarra-y-asi-empezo","status":"publish","type":"post","link":"https:\/\/www.europesays.com\/es\/294924\/","title":{"rendered":"\u201cMi madre quer\u00eda sacarme como fuera de la casa y busc\u00f3 una academia de k\u00e1rate y al lado hab\u00eda una de guitarra. Entonces me meti\u00f3 a guitarra y as\u00ed empez\u00f3\u201d"},"content":{"rendered":"<p>Son muchos los a\u00f1os que Alejandro Sanz (57 a\u00f1os) lleva acompa\u00f1\u00e1ndonos a trav\u00e9s de sus canciones. El cantante se encuentra de celebraci\u00f3n, ya que este 18 de diciembre es su cumplea\u00f1os. En la actualidad atraviesa uno de sus mejores momentos, tanto en lo personal como en lo profesional. De hecho, \u00e9l mismo habla de sus inicios en el complicado mundo de la m\u00fasica, una mezcla de tradici\u00f3n por parte de padre con el <strong>empuje de su madre para apuntarse a clases de guitarra.<\/strong><\/p>\n<p>Han sido 35 a\u00f1os desde aquella primera canci\u00f3n que enamor\u00f3 a las masas. Desde entonces, se ha hablado largo y tendido sobre su vida y ha protagonizado diferentes momentos a lo largo de estas m\u00e1s de tres d\u00e9cadas. \u00c9l mismo no ha dudado en sincerarse sobre muchos aspectos de su vida, como su infancia o la <a href=\"https:\/\/www.lecturas.com\/television\/me-arrepentire-toda-vida-diez-cosas-que-todavia-no-sabes-alejandro-sanz_184607\" rel=\"nofollow noopener\" target=\"_blank\">base de su gran \u00e9xito internacional<\/a>. Con la humildad que siempre le ha caracterizado, el cantante ha recordado algunos detalles de <strong>sus or\u00edgenes en el mundo de la m\u00fasica<\/strong> hasta llegar a ser la estrella que es.<\/p>\n<p>Su origen en la m\u00fasica<\/p>\n<p>El cantante, que naci\u00f3 en Madrid aunque r\u00e1pidamente se mud\u00f3 al sur de Andaluc\u00eda, ha hablado en diferentes ocasiones de sus inicios profesionales. Durante una charla con Roberto Mtz en el p\u00f3dcast \u2018Creativo\u2019, ha recordado precisamente sus primeros pasos en la m\u00fasica. \u201c<strong>En mi casa y en mi familia siempre hubo m\u00fasica<\/strong>. Nosotros somos del sur de Andaluc\u00eda, entonces todas nuestras reuniones giraban en torno a la m\u00fasica; o sea, las Navidades, las fiestas, los cumplea\u00f1os\u2026 todo era siempre una hoguera, una guitarra, un no s\u00e9\u201d, ha expresado.<\/p>\n<p><img loading=\"lazy\" decoding=\"async\"   src=\"https:\/\/www.europesays.com\/es\/wp-content\/uploads\/2025\/12\/alejandro-sanz_274757c3_251218140845_1200x800.webp.webp\" alt=\"Alejandro Sanz \" class=\"lazyload\" width=\"1200\" height=\"800\" data-aspectratio=\"1200\/800\"\/><\/p>\n<p>Desde muy peque\u00f1o, el cantante ha estado acompa\u00f1ado por la m\u00fasica gracias a sus padres.<\/p>\n<p>&#13;Gtres<\/p>\n<p>La influencia de su padre ha marcado su pasi\u00f3n por este arte. \u201cMi padre era m\u00fasico, entonces en mi casa siempre hubo guitarras y, desde muy chico, sent\u00eda esa atracci\u00f3n. Me gustaba el mundo de la m\u00fasica\u201d, ha explicado el int\u00e9rprete. \u201cMi padre me empez\u00f3 a poner las manos, como se dice, <strong>en la guitarra, ense\u00f1\u00e1ndome los primeros acordes<\/strong>\u201d, ha contado sobre esos primeros pasos con este instrumento que ha marcado su carrera.<\/p>\n<p><img decoding=\"async\" src=\"https:\/\/www.europesays.com\/es\/wp-content\/uploads\/2025\/12\/eduardo-casanova_d9b7cb6e_251218144406_800x800.webp.webp\" alt=\"Eduardo Casanova\" class=\"image lazyload\"\/><img loading=\"lazy\" decoding=\"async\" src=\"https:\/\/www.europesays.com\/es\/wp-content\/uploads\/2025\/12\/eduardo-casanova_d9b7cb6e_251218144411_1280x720.webp.webp\" alt=\"Eduardo Casanova hace su confesi\u00f3n m\u00e1s dif\u00edcil: \u201cTengo VIH\u201d\" class=\"image lazyload\" width=\"1280\" height=\"720\" data-aspectratio=\"1280\/720\"\/><\/p>\n<p>Pero, casualidades de la vida, su madre tambi\u00e9n ha tenido mucho que ver con esta pasi\u00f3n desde peque\u00f1o. \u201cY un d\u00eda, mi madre, que se quer\u00eda quitar de en medio a mi hermano y a m\u00ed porque estaba sola con nosotros y \u00e9ramos muy jaleosos, nos quiso apuntar a una clase de k\u00e1rate, para cualquier cosa, pero estaba cerrada la academia de k\u00e1rate. <strong>Y al lado hab\u00eda una de guitarra. Entonces me meti\u00f3 a guitarra<\/strong>, \u00bfsabes? Y as\u00ed empez\u00f3. Y ah\u00ed empez\u00f3, imag\u00ednate\u201d, ha desvelado sobre esa coincidencia gracias a su madre.<\/p>\n<p>La influencia musical de su padre<\/p>\n<p>Alejandra tambi\u00e9n ha hablado de su infancia y aquellos viajes en coche de varias horas por las carreteras del pa\u00eds. \u201c<strong>Mis gustos musicales vinieron mucho por la m\u00fasica que mi padre <\/strong>pon\u00eda en esos interminables viajes que hac\u00edamos de Madrid a C\u00e1diz en un Seat 600, que era un coche chiquito que se calentaba y hab\u00eda que parar a echarle agua. Y pon\u00eda siempre flamenco\u201d, ha explicado sobre este aspecto.<\/p>\n<p><img loading=\"lazy\" decoding=\"async\"   src=\"https:\/\/www.europesays.com\/es\/wp-content\/uploads\/2025\/12\/alejandro-sanz_26ff87dd_251218141017_1200x789.webp.webp\" alt=\"Alejandro Sanz\" class=\"lazyload\" width=\"1200\" height=\"789\" data-aspectratio=\"1200\/789\"\/><\/p>\n<p>Los viajes en coche con su padre marcaron sus gustos musicales al escuchar las canciones que le gustaban a su progenitor.<\/p>\n<p>&#13;Gtres<\/p>\n<p>Aquellos viajes marcaron un antes y un despu\u00e9s en su vida, sobre todo por esos gustos musicales que emocionaban al cantante cuando era solo un ni\u00f1o. \u201cEntonces, lo primero que yo escuch\u00e9 as\u00ed con enjundia, que me movi\u00f3 y que me erizaba la piel, era<strong> Paco de Luc\u00eda, Lole y Manuel\u2026 cosas as\u00ed<\/strong>\u201d, confes\u00f3 en el mencionado p\u00f3dcast. Se trat\u00f3 de sus primeras impresiones sobre ese arte que a\u00f1os despu\u00e9s se convertir\u00eda en su modo de vida.<\/p>\n<p><img decoding=\"async\" src=\"https:\/\/www.europesays.com\/es\/wp-content\/uploads\/2025\/12\/alejandro-sanz2_95efe5e1_251120231702_800x800.webp.webp\" alt=\"alejandro sanz2\" class=\"image lazyload\"\/><img loading=\"lazy\" decoding=\"async\" src=\"https:\/\/www.europesays.com\/es\/wp-content\/uploads\/2025\/12\/alejandro-sanz2_95efe5e1_251120231714_1280x720.webp.webp\" alt=\"Alejandro Sanz, molesto por las preguntas, corta la entrevista de David Broncano en \u2018La Revuelta\u2019: \u201cTienes que parar en alg\u00fan momento\u201d \" class=\"image lazyload\" width=\"1280\" height=\"720\" data-aspectratio=\"1280\/720\"\/><\/p>\n<p>Tambi\u00e9n signific\u00f3 un punto de inflexi\u00f3n. No era habitual que los ni\u00f1os de aquella \u00e9poca y de su edad escuchasen ese tipo de m\u00fasica. \u201cEntonces, los ni\u00f1os de mi edad escuchaban los grupos de moda de los chicos, que eran Parch\u00eds, y yo escuchaba a Paco de Luc\u00eda. Ten\u00eda una inquietud, <strong>era como el rarito de la pandilla<\/strong>\u201d, asegur\u00f3 sobre esa diferencia con otras personas de su edad durante su infancia.<\/p>\n<p>La felicitaci\u00f3n de su hija Manuela<\/p>\n<p>El cantante no ha compartido por el momento ning\u00fan plan sobre la celebraci\u00f3n de su cumplea\u00f1os. Las redes sociales se han inundado de felicitaciones en este d\u00eda tan especial para el int\u00e9rprete. <strong>Una de ellas ha sido la de su hija Manuela<\/strong>, fruto de su relaci\u00f3n con la modelo Jaidy Michel. La joven se ha convertido en uno de los principales apoyos de su padre, aunque se ha labrado su propio futuro en el mundo de la moda y las redes sociales.<\/p>\n<blockquote class=\"instagram-media\" data-instgrm-captioned=\"\" data-instgrm-permalink=\"https:\/\/www.instagram.com\/p\/DSZyWszCD_C\/?utm_source=ig_embed&amp;utm_campaign=loading\" data-instgrm-version=\"14\" style=\" background:#FFF; border:0; border-radius:3px; box-shadow:0 0 1px 0 rgba(0,0,0,0.5),0 1px 10px 0 rgba(0,0,0,0.15); margin: 1px; max-width:540px; min-width:326px; padding:0; width:99.375%; width:-webkit-calc(100% - 2px); width:calc(100% - 2px);\"\/>\n<p>Manuela ha aprovechado este d\u00eda para rescatar algunas im\u00e1genes junto a su progenitor en diferentes etapas de su vida. \u201cHay estrellas que son fugaces. Otras que se convierten en polvo. Y luego hay otras como el sol y <strong>como mi padre que iluminan en el d\u00eda<\/strong> y por la noche hacen brillar a la luna. Hoy celebro tu luz y tu fuego, porque no hay estrella m\u00e1s bonita que t\u00fa. Te amo. Feliz cumplea\u00f1os\u201d, ha escrito Manuela. Una declaraci\u00f3n que ha resumido su buena relaci\u00f3n actual.<\/p>\n<p><script async src=\"\/\/www.instagram.com\/embed.js\"><\/script><\/p>\n","protected":false},"excerpt":{"rendered":"Son muchos los a\u00f1os que Alejandro Sanz (57 a\u00f1os) lleva acompa\u00f1\u00e1ndonos a trav\u00e9s de sus canciones. El cantante&hellip;\n","protected":false},"author":2,"featured_media":294925,"comment_status":"","ping_status":"","sticky":false,"template":"","format":"standard","meta":{"footnotes":""},"categories":[174],"tags":[255,146,147,25,24,256,23],"class_list":{"0":"post-294924","1":"post","2":"type-post","3":"status-publish","4":"format-standard","5":"has-post-thumbnail","7":"category-famosos","8":"tag-celebrities","9":"tag-entertainment","10":"tag-entretenimiento","11":"tag-es","12":"tag-espana","13":"tag-famosos","14":"tag-spain"},"share_on_mastodon":{"url":"https:\/\/pubeurope.com\/@es\/115742147508873071","error":""},"_links":{"self":[{"href":"https:\/\/www.europesays.com\/es\/wp-json\/wp\/v2\/posts\/294924","targetHints":{"allow":["GET"]}}],"collection":[{"href":"https:\/\/www.europesays.com\/es\/wp-json\/wp\/v2\/posts"}],"about":[{"href":"https:\/\/www.europesays.com\/es\/wp-json\/wp\/v2\/types\/post"}],"author":[{"embeddable":true,"href":"https:\/\/www.europesays.com\/es\/wp-json\/wp\/v2\/users\/2"}],"replies":[{"embeddable":true,"href":"https:\/\/www.europesays.com\/es\/wp-json\/wp\/v2\/comments?post=294924"}],"version-history":[{"count":0,"href":"https:\/\/www.europesays.com\/es\/wp-json\/wp\/v2\/posts\/294924\/revisions"}],"wp:featuredmedia":[{"embeddable":true,"href":"https:\/\/www.europesays.com\/es\/wp-json\/wp\/v2\/media\/294925"}],"wp:attachment":[{"href":"https:\/\/www.europesays.com\/es\/wp-json\/wp\/v2\/media?parent=294924"}],"wp:term":[{"taxonomy":"category","embeddable":true,"href":"https:\/\/www.europesays.com\/es\/wp-json\/wp\/v2\/categories?post=294924"},{"taxonomy":"post_tag","embeddable":true,"href":"https:\/\/www.europesays.com\/es\/wp-json\/wp\/v2\/tags?post=294924"}],"curies":[{"name":"wp","href":"https:\/\/api.w.org\/{rel}","templated":true}]}}