{"id":294928,"date":"2025-12-18T19:12:12","date_gmt":"2025-12-18T19:12:12","guid":{"rendered":"https:\/\/www.europesays.com\/es\/294928\/"},"modified":"2025-12-18T19:12:12","modified_gmt":"2025-12-18T19:12:12","slug":"ourense-cf-athletic-club-en-directo-desde-radio-nervion","status":"publish","type":"post","link":"https:\/\/www.europesays.com\/es\/294928\/","title":{"rendered":"Ourense CF &#8211; Athletic Club, en directo desde Radio Nervi\u00f3n"},"content":{"rendered":"<p data-start=\"124\" data-end=\"532\">El <strong data-start=\"127\" data-end=\"144\">Athletic Club<\/strong> inicia su camino en la <strong data-start=\"168\" data-end=\"184\">Copa del Rey<\/strong> este jueves en los dieciseisavos de final con una visita siempre inc\u00f3moda al <strong data-start=\"265\" data-end=\"279\">Ourense CF<\/strong>, rival de categor\u00eda inferior pero con el est\u00edmulo que suele acompa\u00f1ar a este tipo de eliminatorias a partido \u00fanico. El choque se presenta como una prueba de concentraci\u00f3n y oficio para los rojiblancos, obligados a evitar sobresaltos lejos de San Mam\u00e9s.<\/p>\n<p>    Publicidad<\/p>\n<p data-start=\"534\" data-end=\"827\">Ernesto Valverde apuesta por un once con muchas novedades condicionado por las bajas y la carga de partidos. La Copa no concede segundas oportunidades y el Athletic lo sabe: toca imponer ritmo, jerarqu\u00eda y respeto al rival desde el primer minuto.<\/p>\n<p data-start=\"829\" data-end=\"1056\" data-is-last-node=\"\" data-is-only-node=\"\">El duelo ante el Ourense abre oficialmente la competici\u00f3n del KO para los leones, con el objetivo claro de avanzar ronda y confirmar, una vez m\u00e1s, que la Copa sigue siendo un territorio donde el Athletic se siente como en casa.<\/p>\n<p>    Publicidad<\/p>\n<p>Alineaci\u00f3n Athletic<\/p>\n<blockquote class=\"twitter-tweet\">\n<p dir=\"ltr\" lang=\"es\">\ud83d\udccb \ud835\uddd4\ud835\udddf\ud835\udddc\ud835\udde1\ud835\uddd8\ud835\uddd4\ud835\uddd6\ud835\udddc\ud835\udde2\u0301\ud835\udde1 \ud83c\udd9a <a href=\"https:\/\/twitter.com\/Ourense_CF?ref_src=twsrc%5Etfw\" rel=\"nofollow noopener\" target=\"_blank\">@Ourense_CF<\/a><\/p>\n<p>\u00a1Empieza la Copa! <a href=\"https:\/\/twitter.com\/hashtag\/OurenseAthletic?src=hash&amp;ref_src=twsrc%5Etfw\" rel=\"nofollow noopener\" target=\"_blank\">#OurenseAthletic<\/a> \ud83c\udfc6 <a href=\"https:\/\/twitter.com\/hashtag\/AthleticClub?src=hash&amp;ref_src=twsrc%5Etfw\" rel=\"nofollow noopener\" target=\"_blank\">#AthleticClub<\/a> \ud83e\udd81 <a href=\"https:\/\/t.co\/RTovRkKf27\" rel=\"nofollow\">pic.twitter.com\/RTovRkKf27<\/a><\/p>\n<p>\u2014 Athletic Club (@AthleticClub) <a href=\"https:\/\/twitter.com\/AthleticClub\/status\/2001695224964485399?ref_src=twsrc%5Etfw\" rel=\"nofollow noopener\" target=\"_blank\">December 18, 2025<\/a><\/p>\n<\/blockquote>\n<p>\t\t\t<script async src=\"https:\/\/platform.twitter.com\/widgets.js\" charset=\"utf-8\"><\/script><\/p>\n","protected":false},"excerpt":{"rendered":"El Athletic Club inicia su camino en la Copa del Rey este jueves en los dieciseisavos de final&hellip;\n","protected":false},"author":2,"featured_media":220487,"comment_status":"","ping_status":"","sticky":false,"template":"","format":"standard","meta":{"footnotes":""},"categories":[170],"tags":[2203,1941,70436,146,147,22720,25,24,184,185,22215,23],"class_list":{"0":"post-294928","1":"post","2":"type-post","3":"status-publish","4":"format-standard","5":"has-post-thumbnail","7":"category-musica","8":"tag-athletic-club","9":"tag-copa-del-rey","10":"tag-dieciseisavos-de-final","11":"tag-entertainment","12":"tag-entretenimiento","13":"tag-ernesto-valverde","14":"tag-es","15":"tag-espana","16":"tag-music","17":"tag-musica","18":"tag-ourense-cf","19":"tag-spain"},"share_on_mastodon":{"url":"https:\/\/pubeurope.com\/@es\/115742163249828137","error":""},"_links":{"self":[{"href":"https:\/\/www.europesays.com\/es\/wp-json\/wp\/v2\/posts\/294928","targetHints":{"allow":["GET"]}}],"collection":[{"href":"https:\/\/www.europesays.com\/es\/wp-json\/wp\/v2\/posts"}],"about":[{"href":"https:\/\/www.europesays.com\/es\/wp-json\/wp\/v2\/types\/post"}],"author":[{"embeddable":true,"href":"https:\/\/www.europesays.com\/es\/wp-json\/wp\/v2\/users\/2"}],"replies":[{"embeddable":true,"href":"https:\/\/www.europesays.com\/es\/wp-json\/wp\/v2\/comments?post=294928"}],"version-history":[{"count":0,"href":"https:\/\/www.europesays.com\/es\/wp-json\/wp\/v2\/posts\/294928\/revisions"}],"wp:featuredmedia":[{"embeddable":true,"href":"https:\/\/www.europesays.com\/es\/wp-json\/wp\/v2\/media\/220487"}],"wp:attachment":[{"href":"https:\/\/www.europesays.com\/es\/wp-json\/wp\/v2\/media?parent=294928"}],"wp:term":[{"taxonomy":"category","embeddable":true,"href":"https:\/\/www.europesays.com\/es\/wp-json\/wp\/v2\/categories?post=294928"},{"taxonomy":"post_tag","embeddable":true,"href":"https:\/\/www.europesays.com\/es\/wp-json\/wp\/v2\/tags?post=294928"}],"curies":[{"name":"wp","href":"https:\/\/api.w.org\/{rel}","templated":true}]}}