{"id":294975,"date":"2025-12-18T20:00:16","date_gmt":"2025-12-18T20:00:16","guid":{"rendered":"https:\/\/www.europesays.com\/es\/294975\/"},"modified":"2025-12-18T20:00:16","modified_gmt":"2025-12-18T20:00:16","slug":"antetokounmpo-ya-no-es-una-prioridad-para-los-knicks","status":"publish","type":"post","link":"https:\/\/www.europesays.com\/es\/294975\/","title":{"rendered":"\u201cAntetokounmpo ya no es una prioridad para los Knicks\u201d"},"content":{"rendered":"<p class=\"\">La <b>NBA <\/b>sale m\u00e1s victoriosa que nadie con esta tercera edici\u00f3n de la <b>Copa<\/b>. El trofeo se lo quedar\u00e1n los <b>Knicks <\/b>en <b>Nueva York<\/b>, aunque no vayan a colgar ning\u00fan banner en el <b>Madison<\/b>. El formato empieza a asentarse seriamente a todos los niveles (jugadores, aficionados y medios de comunicaci\u00f3n), y una final como la que se vivi\u00f3 en <b>Las Vegas<\/b> entre Knicks y <b>Spurs <\/b>ayuda much\u00edsimo.<\/p>\n<p class=\"\">Se consolida el proyecto de <b>Jalen Brunson<\/b>, <b>Mike Brown<\/b> y compa\u00f1\u00eda, y a su vez en <b>San Antonio<\/b> aparecen los primeros abollones y debates serios sobre c\u00f3mo elevar este plantel alrededor de <b>Victor Wembanyama<\/b> para poder alcanzar las cotas m\u00e1s altas. Queda demostrado, una vez m\u00e1s, lo fant\u00e1stica que es la temporada regular gracias a partidos como el <b>Denver Nuggets<\/b>&#8211;<b>Houston Rockets<\/b>, y tambi\u00e9n la l\u00e1stima que da <b>Cleveland Cavaliers<\/b>. \u00bfSe posicionan la opci\u00f3n m\u00e1s desesperada para consguir a <b>Giannis Antetokounmpo<\/b>? Tiene toda la pinta.<\/p>\n<p class=\"\"><a href=\"https:\/\/as.com\/audio\/podcast\/nba-minimo-de-veterano\/\" target=\"_self\" rel=\"nofollow noopener\" title=\"https:\/\/as.com\/audio\/podcast\/nba-minimo-de-veterano\/\">M\u00ednimo de Veterano<\/a> es la sitcom de la NBA. El templo de la redonda. Un podcast original de Diario AS. Todos los lunes y jueves, nuevo episodiocon Pepe Rodr\u00edguez, Toni Vidal y Juanma Rubio. Y a veces se cuela Javier Machicado. S\u00edguenos en todas las plataformas:<a href=\"https:\/\/linktr.ee\/MinimoDeVeterano\" rel=\"nofollow noopener\" target=\"_blank\">https:\/\/linktr.ee\/MinimoDeVeterano<\/a>.<\/p>\n<p>Noticias relacionadas<a href=\"https:\/\/as.com\/audio\/podcast\/nba-minimo-de-veterano\/los-knicks-se-coronan-en-las-vegas-y-san-antonio-entra-en-una-nueva-dimension-minimo-de-veterano-5x22-f202512-n\/\" class=\"s_m_w\" title=\"La Copa consagra al proyecto neoyorquino como el mayor candidato a ganar el Este, y tambi\u00e9n impulsa a los Spurs para mirar de t\u00fa a t\u00fa a toda la NBA.\" data-tb-link=\"\" rel=\"nofollow noopener\" target=\"_blank\"><img decoding=\"async\" src=\"https:\/\/www.europesays.com\/es\/wp-content\/uploads\/2025\/12\/TAWKO74BRREZFB4F44E4IXJ3RI.jpg\" alt=\"Los Knicks se coronan en Las Vegas y San Antonio entra en una nueva dimensi\u00f3n | M\u00ednimo de Veterano 5x22 \" class=\"\" height=\"9\" width=\"16\"   loading=\"lazy\" data-tb-thumbnail=\"\"\/><\/a><a href=\"https:\/\/as.com\/audio\/podcast\/nba-minimo-de-veterano\/shai-y-los-thunder-son-vulnerables-gracias-a-wembanyama-y-san-antonio-spurs-minimo-de-veterano-5x21-f202512-n\/\" class=\"s_m_w\" title=\"La NBA Cup empieza a coger forma gracias a partidos como el Knicks-Magic y, sobre todo, el Thunder-Spurs. Para acabar, choque entre franquicias hist\u00f3ricas.\" data-tb-link=\"\" rel=\"nofollow noopener\" target=\"_blank\"><img decoding=\"async\" src=\"https:\/\/www.europesays.com\/es\/wp-content\/uploads\/2025\/12\/1766088016_385_PNEBMIA3XVFODJP72RRDXWBCEM.jpg\" alt=\"Shai y los Thunder son vulnerables gracias a Wembanyama y San Antonio Spurs | M\u00ednimo de Veterano 5x21\" class=\"\" height=\"9\" width=\"16\"   loading=\"lazy\" data-tb-thumbnail=\"\"\/><\/a><\/p>\n<p class=\"\"><b>\u00a1Tus opiniones importan!<\/b><\/p>\n<p class=\"\">Comenta en los art\u00edculos y suscr\u00edbete gratis a nuestra <a href=\"https:\/\/asfan.as.com\/newsletters\/\" target=\"_blank\" rel=\"nofollow noopener\" title=\"https:\/\/asfan.as.com\/newsletters\/\">newsletter<\/a> y a las alertas informativas en la <a href=\"https:\/\/as.com\/aplicacion-de-as-n\/\" target=\"_blank\" rel=\"nofollow noopener\" title=\"https:\/\/as.com\/aplicacion-de-as-n\/\">App<\/a> o el canal de <a href=\"https:\/\/www.whatsapp.com\/channel\/0029VaAasdA7j6g745nz9M10\" target=\"_blank\" rel=\"nofollow noopener\" title=\"https:\/\/www.whatsapp.com\/channel\/0029VaAasdA7j6g745nz9M10\">WhatsApp<\/a>. \u00bfBuscas licenciar contenido? Haz clic <a href=\"https:\/\/profesional.elpais.com\/soluciones-sindicacion?utm_medium=interno&amp;utm_source=crosslinking&amp;utm_campaign=sindicacion_as_pie_articulos\" target=\"_blank\" rel=\"nofollow noopener\" title=\"https:\/\/profesional.elpais.com\/soluciones-sindicacion?utm_medium=interno&amp;utm_source=crosslinking&amp;utm_campaign=sindicacion_as_pie_articulos\">aqu\u00ed<\/a><\/p>\n","protected":false},"excerpt":{"rendered":"La NBA sale m\u00e1s victoriosa que nadie con esta tercera edici\u00f3n de la Copa. El trofeo se lo&hellip;\n","protected":false},"author":2,"featured_media":294976,"comment_status":"","ping_status":"","sticky":false,"template":"","format":"standard","meta":{"footnotes":""},"categories":[269],"tags":[299,298,168,25,24,23,167],"class_list":{"0":"post-294975","1":"post","2":"type-post","3":"status-publish","4":"format-standard","5":"has-post-thumbnail","7":"category-baloncesto","8":"tag-baloncesto","9":"tag-basketball","10":"tag-deportes","11":"tag-es","12":"tag-espana","13":"tag-spain","14":"tag-sports"},"share_on_mastodon":{"url":"https:\/\/pubeurope.com\/@es\/115742351758523994","error":""},"_links":{"self":[{"href":"https:\/\/www.europesays.com\/es\/wp-json\/wp\/v2\/posts\/294975","targetHints":{"allow":["GET"]}}],"collection":[{"href":"https:\/\/www.europesays.com\/es\/wp-json\/wp\/v2\/posts"}],"about":[{"href":"https:\/\/www.europesays.com\/es\/wp-json\/wp\/v2\/types\/post"}],"author":[{"embeddable":true,"href":"https:\/\/www.europesays.com\/es\/wp-json\/wp\/v2\/users\/2"}],"replies":[{"embeddable":true,"href":"https:\/\/www.europesays.com\/es\/wp-json\/wp\/v2\/comments?post=294975"}],"version-history":[{"count":0,"href":"https:\/\/www.europesays.com\/es\/wp-json\/wp\/v2\/posts\/294975\/revisions"}],"wp:featuredmedia":[{"embeddable":true,"href":"https:\/\/www.europesays.com\/es\/wp-json\/wp\/v2\/media\/294976"}],"wp:attachment":[{"href":"https:\/\/www.europesays.com\/es\/wp-json\/wp\/v2\/media?parent=294975"}],"wp:term":[{"taxonomy":"category","embeddable":true,"href":"https:\/\/www.europesays.com\/es\/wp-json\/wp\/v2\/categories?post=294975"},{"taxonomy":"post_tag","embeddable":true,"href":"https:\/\/www.europesays.com\/es\/wp-json\/wp\/v2\/tags?post=294975"}],"curies":[{"name":"wp","href":"https:\/\/api.w.org\/{rel}","templated":true}]}}