{"id":295008,"date":"2025-12-18T20:25:12","date_gmt":"2025-12-18T20:25:12","guid":{"rendered":"https:\/\/www.europesays.com\/es\/295008\/"},"modified":"2025-12-18T20:25:12","modified_gmt":"2025-12-18T20:25:12","slug":"xavi-pascual-advierte-del-peligro-de-un-baskonia-en-gran-momento-sport","status":"publish","type":"post","link":"https:\/\/www.europesays.com\/es\/295008\/","title":{"rendered":"Xavi Pascual advierte del peligro de un Baskonia en gran momento &#8211; SPORT"},"content":{"rendered":"<ol>\n<li><a href=\"https:\/\/news.google.com\/rss\/articles\/CBMisAFBVV95cUxOSnpDdkJVblVURm1VeFdZR2FmU0pYdzVHb0c5eHRybkVlLS0yR3JWaXMxdTBoM1A2ejdadkhaVHBkMnVDeGZpWjF4dzF1UFdxcFdxV1BqNVBTc3NfZ0M2eDg3ck9LWUhhX045T20xYUkyakEzN2JqRDNsM0w3a2xfR3REc3JOLU5WZzFPV3YtQl85VWcyemRTNlBkdTlmRjFuVzhEUUpkdW5rdllqVnZLaNIBsAFBVV95cUxPY3hhZ2FwUmlZREpXOXIycDJkaHA4UGVTSlN2VHBKUmpZOFZadUp6WTV4dWNEeFZpb09BcnZXMmJHSGdnZ29jWlhZYjJ2NWN0UFF0X3ZkM29iSkVyZEVnYVZiZ0xSM3c4alU4bkVpWEZweDhLemJsV2FIV0YxNGphT2VncVJuMlVkTVpxSFhTSDg5cG9kaHhJekdrcldfU3ZEbzhYaV9RUWUwTldoYmZiZA?oc=5\" target=\"_blank\" rel=\"nofollow noopener\">Xavi Pascual advierte del peligro de un Baskonia en gran momento<\/a>&nbsp;&nbsp;SPORT<\/li>\n<li><a href=\"https:\/\/news.google.com\/rss\/articles\/CBMitAFBVV95cUxORHAtN3M3RVk0S2hzT3g2MzloZWotREtFT1VqRkNYenlpb3JUVEFua242dUk2UVpzSHZjSWdrYWtScG5wNHozYkVJdG5sWUhOamJ6cGx0SmV1ZlZtQjY0RGhqb3MwenltNkprZmRsVG5jajJwekMyNExZYWxFbTBGYUR0d2toX0YyM09Pd2NlVVRWcUJRZTZhdWJRQ3J5OHpuaFRGQWpEVnhNSEFPUUtyeXNuQU3SAcgBQVVfeXFMTURlNDQwdmZWd0hpTjVkQ2RGSVpMclQxMTd0aC1ERmRQa2N4V1ZOVU44VWJGMnB3Y2xycF9vdkd6RTlid1JsTWVmMThISUhVcXhWVWt6ZUtRXzdFT3ZHWG1raDV4S0ZWSnM5c0djT1ZKQjdoTEVFTFBSYnBEdlJMT0lseS0zWjd6TWktOUFwNFY0WjRrWTBTdWdBcDl2T3VnUHc0NUIzWUxCblp5YjV0NHJSbG85LUk0dXdtTFVUTm5TaUlsdlBRdG0?oc=5\" target=\"_blank\" rel=\"nofollow noopener\">Pascual avisa: \u201cEl del Baskonia es el partido m\u00e1s dif\u00edcil desde que estoy aqu\u00ed\u201d<\/a>&nbsp;&nbsp;Diario AS<\/li>\n<li><a href=\"https:\/\/news.google.com\/rss\/articles\/CBMifkFVX3lxTE5ZeGlkYk1hQXNQRkM4YXN4bG9oR0hXcDV6ZmlPVUlkWWIyOVR5LUJxbG9lUy1yaU1MVm14UEdwTnBnYzNIOXl6dG05WUlQRXdhY2FicHhDOHVUUk1FTkZIa3JOZlVfb056S21wT0lvYXlNQ3lPQmR6SmZXV0d5QQ?oc=5\" target=\"_blank\" rel=\"nofollow noopener\">A qu\u00e9 hora es y d\u00f3nde ver el Bar\u00e7a vs Baskonia de la jornada 17 de Euroliga<\/a>&nbsp;&nbsp;Gigantes del Basket<\/li>\n<li><a href=\"https:\/\/news.google.com\/rss\/articles\/CBMi3wFBVV95cUxPTW40cnBudjRjWFJtOFNZVFVTRXRBWk8tUXVCQTAzblpwQzZmWkFVUFVOYS1tN3FsUXhLUklTcFNUX3ZZbE1PUWZaNmNpanFySW1Ccnd5Nl9QWG1BVGR2RXktd1JwZTVZdGxnVXNLQ3BwZFc0ZEZVeWlTT09FM0s1Rjl4b0diOW85LTU1VEtMQXp5NURHaHVfTFk3WFdaY3dsNDY5c3lEYkcxcHNDT2JNcl83Q3VmRzdnX1RQdHlkR09YbjRpVUVFZjU5MVRCVkF1d2YwTGNhLVEzRl95aHln0gHsAUFVX3lxTFBFdjFlcnFCXzE4bUd1eUdDSGZrSFFOXzJfV1hlVk41OHFMdGR0WmVCWTlLUjluRmcyMXJWVU9BLVh1ZktfSG9tZ3RtN3FlcHRPWktRUWdGcUdqOWg5YWZOTm9hdjFMT2ZBck9WVDQwX0NkMHV1eTNZLUdDazJoRTZMa1A1cUZaS09xN0wyNjg1ZkVBNGZoaE13RDlxQy1RWkZrZ2J5YVRFWldWWldnZEFjc2FVMFJGTS1mT05YLWlKaXhLcklGU2U1dVRSSWg2STZLa2Y2THJUelloWE10Ul9lVUpQUGFweFd3Z09S?oc=5\" target=\"_blank\" rel=\"nofollow noopener\">Euroliga: horario, canal y d\u00f3nde ver hoy por TV los partidos de baloncesto jornada 17<\/a>&nbsp;&nbsp;Mundo Deportivo<\/li>\n<li><a href=\"https:\/\/news.google.com\/rss\/articles\/CBMizwFBVV95cUxOYzVWTW95enBpVlZIYXg0U0NxRllwT2hkaXdpWEt1YWMxM0RLc04zNHp5LUY2TWdPNzRCUGllT1BaMmVxb01lQ2NlOFhkLWxMcDVLWTY1MUsyYm42Vm0tLW1HanZpR24xWDVhMG5JVEg2NVNUTjdza0VFVmxVYkJLaE1WOVN6WktHZFkycVZuTVBjU2NYWks4WEJtT1Z0aEU4TFBBZWZVcHJYaUx4QWpadDVfNnJEZHpfN0lzakVUZWFjQVlTcWlESmd2RkhMVjg?oc=5\" target=\"_blank\" rel=\"nofollow noopener\">El Bar\u00e7a quiere seguir ilusionando al Palau contra Baskonia<\/a>&nbsp;&nbsp;Europa Press<\/li>\n<\/ol>\n","protected":false},"excerpt":{"rendered":"Xavi Pascual advierte del peligro de un Baskonia en gran momento&nbsp;&nbsp;SPORT Pascual avisa: \u201cEl del Baskonia es el&hellip;\n","protected":false},"author":2,"featured_media":295009,"comment_status":"","ping_status":"","sticky":false,"template":"","format":"standard","meta":{"footnotes":""},"categories":[269],"tags":[10854,299,298,4714,168,25,24,4582,2602,23,167,6278],"class_list":{"0":"post-295008","1":"post","2":"type-post","3":"status-publish","4":"format-standard","5":"has-post-thumbnail","7":"category-baloncesto","8":"tag-advierte","9":"tag-baloncesto","10":"tag-basketball","11":"tag-baskonia","12":"tag-deportes","13":"tag-es","14":"tag-espana","15":"tag-pascual","16":"tag-peligro","17":"tag-spain","18":"tag-sports","19":"tag-xavi"},"share_on_mastodon":{"url":"https:\/\/pubeurope.com\/@es\/115742449615190871","error":""},"_links":{"self":[{"href":"https:\/\/www.europesays.com\/es\/wp-json\/wp\/v2\/posts\/295008","targetHints":{"allow":["GET"]}}],"collection":[{"href":"https:\/\/www.europesays.com\/es\/wp-json\/wp\/v2\/posts"}],"about":[{"href":"https:\/\/www.europesays.com\/es\/wp-json\/wp\/v2\/types\/post"}],"author":[{"embeddable":true,"href":"https:\/\/www.europesays.com\/es\/wp-json\/wp\/v2\/users\/2"}],"replies":[{"embeddable":true,"href":"https:\/\/www.europesays.com\/es\/wp-json\/wp\/v2\/comments?post=295008"}],"version-history":[{"count":0,"href":"https:\/\/www.europesays.com\/es\/wp-json\/wp\/v2\/posts\/295008\/revisions"}],"wp:featuredmedia":[{"embeddable":true,"href":"https:\/\/www.europesays.com\/es\/wp-json\/wp\/v2\/media\/295009"}],"wp:attachment":[{"href":"https:\/\/www.europesays.com\/es\/wp-json\/wp\/v2\/media?parent=295008"}],"wp:term":[{"taxonomy":"category","embeddable":true,"href":"https:\/\/www.europesays.com\/es\/wp-json\/wp\/v2\/categories?post=295008"},{"taxonomy":"post_tag","embeddable":true,"href":"https:\/\/www.europesays.com\/es\/wp-json\/wp\/v2\/tags?post=295008"}],"curies":[{"name":"wp","href":"https:\/\/api.w.org\/{rel}","templated":true}]}}