{"id":295050,"date":"2025-12-18T20:57:41","date_gmt":"2025-12-18T20:57:41","guid":{"rendered":"https:\/\/www.europesays.com\/es\/295050\/"},"modified":"2025-12-18T20:57:41","modified_gmt":"2025-12-18T20:57:41","slug":"antorcha-en-mano-mariah-carey-reacciono-a-su-record-navideno-en-redes-sociales","status":"publish","type":"post","link":"https:\/\/www.europesays.com\/es\/295050\/","title":{"rendered":"Antorcha en mano, Mariah Carey reaccion\u00f3 a su r\u00e9cord navide\u00f1o en redes sociales"},"content":{"rendered":"<p class=\"paragraph font__body-regular\"><a href=\"https:\/\/tn.com.ar\/musica\/noticias\/2025\/12\/16\/mariah-carey-rompe-un-nuevo-record-al-pasar-20-semanas-en-lo-mas-alto-de-la-lista-de-exitos\/\" target=\"_self\" rel=\"nofollow noopener\" title=\"https:\/\/tn.com.ar\/musica\/noticias\/2025\/12\/16\/mariah-carey-rompe-un-nuevo-record-al-pasar-20-semanas-en-lo-mas-alto-de-la-lista-de-exitos\/\">Mariah Carey<\/a> reaccion\u00f3 al nuevo r\u00e9cord que logr\u00f3 con su \u00e9xito navide\u00f1o \u201c<b>All I Want For Christmas Is You\u201d,<\/b> al ser el sencillo <a href=\"https:\/\/tn.com.ar\/musica\/noticias\/2025\/12\/16\/mariah-carey-rompe-un-nuevo-record-al-pasar-20-semanas-en-lo-mas-alto-de-la-lista-de-exitos\/\" target=\"_self\" rel=\"nofollow noopener\" title=\"https:\/\/tn.com.ar\/musica\/noticias\/2025\/12\/16\/mariah-carey-rompe-un-nuevo-record-al-pasar-20-semanas-en-lo-mas-alto-de-la-lista-de-exitos\/\">n\u00famero uno m\u00e1s longevo los en Estados Unidos. <\/a>La semana pasada, el cl\u00e1sico de 1994 de la estrella del pop alcanz\u00f3 las 20 semanas en el primer puesto del Billboard Hot 100, 31 a\u00f1os despu\u00e9s de su lanzamiento.<\/p>\n<p><img decoding=\"async\" loading=\"lazy\" fetchpriority=\"low\" data-testid=\"loading-testid\" class=\"image content-image image_placeholder\" alt=\"La foto que subi\u00f3 Mariah Carey a su cuenta de Instagram al conocer su nuevo r\u00e9cord.\" width=\"767\" height=\"1033\" src=\"https:\/\/www.europesays.com\/es\/wp-content\/uploads\/2025\/12\/la-foto-que-subio-mariah-carey-a-su-cuenta-de-instagram-al-conocer-su-nuevo-record-FPVL7Q73IZAKPAEEQ.jpeg\"\/><\/p>\n<p>La foto que subi\u00f3 Mariah Carey a su cuenta de Instagram al conocer su nuevo r\u00e9cord.<\/p>\n<p class=\"paragraph font__body-regular\">La revista estadounidense Billboard le pregunt\u00f3 a Carey qu\u00e9 sent\u00eda al romper el r\u00e9cord y ella respondi\u00f3: \u201cEs incre\u00edble. De verdad que lo es. No puedo mentir\u201d. Tambi\u00e9n, la cantante public\u00f3 una foto con look navide\u00f1o y teniendo una antorcha. \u00a1Agarrando la antorcha! 20 semanas en el n\u00famero 1\u2026<b> \u00a1Estoy muy agradecida!\u201c<\/b>.<\/p>\n<p>El nuevo r\u00e9cord de Mariah Carey<\/p>\n<p class=\"paragraph font__body-regular\">La reina de la Navidad volvi\u00f3 a romper todos los r\u00e9cords musicales en Navidad y logr\u00f3 que su famoso villancico <b>\u201cAll I Want for Christmas Is You\u201d<\/b> se mantenga durante 20 semanas en el n\u00famero 1 de la lista \u201cBillboard Hot 100!\u201d, algo no alcanzado hasta ahora por ning\u00fan otro tema.<\/p>\n<p class=\"paragraph font__body-regular\">La canci\u00f3n, lanzada originalmente en 1994, supera el n\u00famero 1 de dos \u00e9xitos que lideraron el Hot 100 durante un ciclo de lanzamiento cada uno: \u201cA Bar Song (Tipsy)\u201d de Shaboozey, en 2024, y \u201c<b>Old Town Road\u201d<\/b> de Lil Nas X, con Billy Ray Cyrus, en 2019, seg\u00fan public\u00f3 la revista estadounidense Billboard.<\/p>\n<p class=\"paragraph font__body-regular\">Carey se alza con el r\u00e9cord de longevidad del n\u00famero 1 del Hot 100 por segunda vez. En 1995-96, \u201c<b>One Sweet Day<\/b>\u201d, interpretada por ella y<b>Boyz II Men<\/b>domin\u00f3 la lista durante 16 semanas, una marca que se mantuvo hasta que fue igualada por \u201cDespacito\u201d de Luis Fonsi y Daddy Yankee, con Justin Bieber, en 2017.<\/p>\n<p class=\"paragraph font__body-regular\">Adem\u00e1s, <b>\u201cAll I Want for Christmas Is You\u201d l<\/b>leva ya 77 semanas en el Hot 100, igualando a <b>\u201cLevitating\u201d<\/b> de Dua Lipa como el tema con m\u00e1s tiempo en la lista de una artista femenina.<\/p>\n<p class=\"paragraph font__body-regular\">El popular tema de la cantante estadounidense se edit\u00f3 en el \u00e1lbum Merry Christmas, en noviembre de 1994 y, con la llegada del streaming apareci\u00f3 en las listas de reproducci\u00f3n,<b> lleg\u00f3 al top 10 por primera vez en diciembre de 2017 <\/b>y al top 5 en la temporada navide\u00f1a de 2018, seg\u00fan la revista.<\/p>\n<p class=\"paragraph font__body-regular\">Tambi\u00e9n, <b>\u201cAll I Want For Christmas Is You\u201d<\/b> lider\u00f3 la lista durante las fiestas de 2019 (tres semanas), 2020 (dos), 2021 (tres), 2022 (cuatro), 2023 (dos) y 2024 (cuatro). El Hot 100 combina datos de streaming de todos los g\u00e9neros en los Estados Unidos (audio y video oficiales), difusi\u00f3n en radio y ventas.<\/p>\n","protected":false},"excerpt":{"rendered":"Mariah Carey reaccion\u00f3 al nuevo r\u00e9cord que logr\u00f3 con su \u00e9xito navide\u00f1o \u201cAll I Want For Christmas Is&hellip;\n","protected":false},"author":2,"featured_media":295051,"comment_status":"","ping_status":"","sticky":false,"template":"","format":"standard","meta":{"footnotes":""},"categories":[170],"tags":[146,147,25,24,1836,184,185,23],"class_list":{"0":"post-295050","1":"post","2":"type-post","3":"status-publish","4":"format-standard","5":"has-post-thumbnail","7":"category-musica","8":"tag-entertainment","9":"tag-entretenimiento","10":"tag-es","11":"tag-espana","12":"tag-mariah-carey","13":"tag-music","14":"tag-musica","15":"tag-spain"},"share_on_mastodon":{"url":"https:\/\/pubeurope.com\/@es\/115742577002805383","error":""},"_links":{"self":[{"href":"https:\/\/www.europesays.com\/es\/wp-json\/wp\/v2\/posts\/295050","targetHints":{"allow":["GET"]}}],"collection":[{"href":"https:\/\/www.europesays.com\/es\/wp-json\/wp\/v2\/posts"}],"about":[{"href":"https:\/\/www.europesays.com\/es\/wp-json\/wp\/v2\/types\/post"}],"author":[{"embeddable":true,"href":"https:\/\/www.europesays.com\/es\/wp-json\/wp\/v2\/users\/2"}],"replies":[{"embeddable":true,"href":"https:\/\/www.europesays.com\/es\/wp-json\/wp\/v2\/comments?post=295050"}],"version-history":[{"count":0,"href":"https:\/\/www.europesays.com\/es\/wp-json\/wp\/v2\/posts\/295050\/revisions"}],"wp:featuredmedia":[{"embeddable":true,"href":"https:\/\/www.europesays.com\/es\/wp-json\/wp\/v2\/media\/295051"}],"wp:attachment":[{"href":"https:\/\/www.europesays.com\/es\/wp-json\/wp\/v2\/media?parent=295050"}],"wp:term":[{"taxonomy":"category","embeddable":true,"href":"https:\/\/www.europesays.com\/es\/wp-json\/wp\/v2\/categories?post=295050"},{"taxonomy":"post_tag","embeddable":true,"href":"https:\/\/www.europesays.com\/es\/wp-json\/wp\/v2\/tags?post=295050"}],"curies":[{"name":"wp","href":"https:\/\/api.w.org\/{rel}","templated":true}]}}