{"id":295082,"date":"2025-12-18T21:24:12","date_gmt":"2025-12-18T21:24:12","guid":{"rendered":"https:\/\/www.europesays.com\/es\/295082\/"},"modified":"2025-12-18T21:24:12","modified_gmt":"2025-12-18T21:24:12","slug":"la-jornada-la-cancion-de-navidad-que-ha-puesto-fin-al-reinado-de-mariah-carey-en-las-listas-musicales","status":"publish","type":"post","link":"https:\/\/www.europesays.com\/es\/295082\/","title":{"rendered":"La Jornada &#8211; La canci\u00f3n de Navidad que ha puesto fin al reinado de Mariah Carey en las listas musicales"},"content":{"rendered":"<p class=\"nota-justify\">El cl\u00e1sico navide\u00f1o de Mariah Carey, \u2018All I Want for Christmas Is You\u2019, fue desplazado del primer puesto en la carrera por el n\u00famero uno navide\u00f1o en Estados Unidos por \u2018Last Christmas\u2019, de Wham!, a solo siete d\u00edas de la fecha festiva.<\/p>\n<p class=\"nota-justify\">Seg\u00fan inform\u00f3 Billboard, la canci\u00f3n de Carey \u2014lanzada en 1994\u2014 fue reemplazada en el ranking Global 200 por el \u00e9xito navide\u00f1o del d\u00fao brit\u00e1nico, publicado una d\u00e9cada antes, en 1984.<\/p>\n<p class=\"nota-justify\">Se trata de la primera vez que una canci\u00f3n navide\u00f1a distinta a \u2018All I Want for Christmas Is You\u2019 lidera esa lista desde que se cre\u00f3 en septiembre de 2020.<\/p>\n<p class=\"nota-justify\">De acuerdo con Billboard, el tema de Carey encabez\u00f3 el Global 200 durante un r\u00e9cord total de 19 semanas desde diciembre de 2020.<\/p>\n<p class=\"nota-justify\">A comienzos de este mes, \u2018Last Christmas\u2019 ya hab\u00eda alcanzado su mejor posici\u00f3n hist\u00f3rica tanto en el Billboard Hot 100 como en el Holiday 100, al ubicarse en el segundo lugar, solo por detr\u00e1s de la canci\u00f3n de Carey.<\/p>\n<p class=\"nota-justify\">Andrew Ridgeley, integrante de Wham! y cofundador del d\u00fao pop brit\u00e1nico en 1981 junto al fallecido George Michael, se mostr\u00f3 entusiasmado por el ascenso de \u2018Last Christmas\u2019 al primer puesto del ranking.<\/p>\n<p class=\"nota-justify\">En un comunicado, expres\u00f3 que estaba \u201cencantado\u201d de ver que el cl\u00e1sico navide\u00f1o del grupo hab\u00eda alcanzado el n\u00famero uno. \u201cGracias a todos los que han adoptado la canci\u00f3n como parte de su celebraci\u00f3n navide\u00f1a\u201d, a\u00f1adi\u00f3 Ridgeley.<\/p>\n<p class=\"nota-justify\">Pese al cambio en las posiciones del Billboard Global 200, \u2018All I Want for Christmas Is You\u2019, de Mariah Carey, contin\u00faa dominando la radio, las playlists y las fiestas navide\u00f1as alrededor del mundo.<\/p>\n<p class=\"nota-justify\">Lanzado hace casi tres d\u00e9cadas, el tema se ha convertido en una fuente de ingresos millonaria para la cantante.<\/p>\n<p class=\"nota-justify\">Seg\u00fan estimaciones de Forbes y The Economist, Carey gana entre 2.5 y 3 millones de d\u00f3lares al a\u00f1o en regal\u00edas por este \u00e9xito hist\u00f3rico.<\/p>\n<p class=\"nota-justify\">Seg\u00fan The Economist, hasta 2017 la canci\u00f3n \u2018All I Want for Christmas Is You\u2019 hab\u00eda generado m\u00e1s de 60 millones de d\u00f3lares en regal\u00edas desde su lanzamiento. El coautor del tema, Walter Afanasieff, tambi\u00e9n recibe una parte considerable de esos ingresos. A d\u00eda de hoy, se trata de la canci\u00f3n navide\u00f1a m\u00e1s reproducida en la historia del streaming.<\/p>\n<p class=\"nota-justify\">Cada noviembre, Mariah Carey comparte un video en redes sociales que muchos interpretan como el anuncio oficial del inicio de la temporada navide\u00f1a.<\/p>\n<p class=\"nota-justify\">En el clip de este a\u00f1o, se la ve reprendiendo a un elfo travieso por robarle el labial, antes de cantar con voz aguda la frase \u201cIt\u2019s time\u201d y marcharse en un trineo.<\/p>\n<p class=\"nota-justify\">\u2018All I Want for Christmas Is You\u2019 es el sencillo navide\u00f1o mejor posicionado en la historia del\u00a0Billboard Hot 100\u00a0para una artista solista. Adem\u00e1s, regresa cada a\u00f1o a las listas musicales de decenas de pa\u00edses.<\/p>\n<p class=\"nota-justify\">El himno navide\u00f1o \u2018All I Want for Christmas Is You\u2019 hizo historia en 2021, al convertirse en la primera y \u00fanica canci\u00f3n navide\u00f1a en recibir el certificado Diamante de la RIAA, que reconoce m\u00e1s de 10 millones de ventas y reproducciones en Estados Unidos.<\/p>\n<p class=\"nota-justify\">Por su parte, Wham! salt\u00f3 a la fama tras una presentaci\u00f3n en el programa musical brit\u00e1nico\u00a0Top of the Pops\u00a0y r\u00e1pidamente se consolid\u00f3 como uno de los grupos pop m\u00e1s exitosos del Reino Unido en los a\u00f1os 80. Entre sus mayores \u00e9xitos se encuentran \u2018Bad Boys\u2019, \u2018Club Tropicana\u2019 y el cl\u00e1sico \u2018Wake Me Up Before You Go-Go\u2019.<\/p>\n","protected":false},"excerpt":{"rendered":"El cl\u00e1sico navide\u00f1o de Mariah Carey, \u2018All I Want for Christmas Is You\u2019, fue desplazado del primer puesto&hellip;\n","protected":false},"author":2,"featured_media":295083,"comment_status":"","ping_status":"","sticky":false,"template":"","format":"standard","meta":{"footnotes":""},"categories":[170],"tags":[70453,146,147,25,24,70455,1836,184,185,2951,70394,7080,23,70454],"class_list":{"0":"post-295082","1":"post","2":"type-post","3":"status-publish","4":"format-standard","5":"has-post-thumbnail","7":"category-musica","8":"tag-all-i-want-for-christmas-is-yo","9":"tag-entertainment","10":"tag-entretenimiento","11":"tag-es","12":"tag-espana","13":"tag-last-christmas","14":"tag-mariah-carey","15":"tag-music","16":"tag-musica","17":"tag-navidad","18":"tag-navidad-2025","19":"tag-noticia","20":"tag-spain","21":"tag-wham"},"share_on_mastodon":{"url":"https:\/\/pubeurope.com\/@es\/115742681716404135","error":""},"_links":{"self":[{"href":"https:\/\/www.europesays.com\/es\/wp-json\/wp\/v2\/posts\/295082","targetHints":{"allow":["GET"]}}],"collection":[{"href":"https:\/\/www.europesays.com\/es\/wp-json\/wp\/v2\/posts"}],"about":[{"href":"https:\/\/www.europesays.com\/es\/wp-json\/wp\/v2\/types\/post"}],"author":[{"embeddable":true,"href":"https:\/\/www.europesays.com\/es\/wp-json\/wp\/v2\/users\/2"}],"replies":[{"embeddable":true,"href":"https:\/\/www.europesays.com\/es\/wp-json\/wp\/v2\/comments?post=295082"}],"version-history":[{"count":0,"href":"https:\/\/www.europesays.com\/es\/wp-json\/wp\/v2\/posts\/295082\/revisions"}],"wp:featuredmedia":[{"embeddable":true,"href":"https:\/\/www.europesays.com\/es\/wp-json\/wp\/v2\/media\/295083"}],"wp:attachment":[{"href":"https:\/\/www.europesays.com\/es\/wp-json\/wp\/v2\/media?parent=295082"}],"wp:term":[{"taxonomy":"category","embeddable":true,"href":"https:\/\/www.europesays.com\/es\/wp-json\/wp\/v2\/categories?post=295082"},{"taxonomy":"post_tag","embeddable":true,"href":"https:\/\/www.europesays.com\/es\/wp-json\/wp\/v2\/tags?post=295082"}],"curies":[{"name":"wp","href":"https:\/\/api.w.org\/{rel}","templated":true}]}}