{"id":295105,"date":"2025-12-18T21:47:13","date_gmt":"2025-12-18T21:47:13","guid":{"rendered":"https:\/\/www.europesays.com\/es\/295105\/"},"modified":"2025-12-18T21:47:13","modified_gmt":"2025-12-18T21:47:13","slug":"kiko-hernandez-tira-la-toalla-con-su-local-de-melilla-y-vuelve-a-madrid-tras-ser-agredido-nos-dieron-una-paliza","status":"publish","type":"post","link":"https:\/\/www.europesays.com\/es\/295105\/","title":{"rendered":"Kiko Hern\u00e1ndez tira la toalla con su local de Melilla y vuelve a Madrid tras ser agredido: \u00abNos dieron una paliza\u00bb"},"content":{"rendered":"<p>Hace una semana que <strong>Fran Ant\u00f3n<\/strong> (44 a\u00f1os), marido de<strong> Kiko Hern\u00e1ndez <\/strong>(49 a\u00f1os), sorprend\u00eda a todos los medios declar\u00e1ndose en huelga de hambre y encaden\u00e1ndose en las puertas de su negocio en Melilla <strong>tras la decisi\u00f3n de la polic\u00eda de clausurarles el local.<\/strong> Pocas horas despu\u00e9s era el exgranhermano el que se un\u00eda a \u00e9l y explicaba que estaban siendo presionados desde hace meses para dejar su establecimiento porque unos inversores mexicanos hab\u00edan comprado todo el puerto de la ciudad.\u00a0<\/p>\n<p>\u00abKiko Matamoros ayer me dio un consejo y dijo que pensara en mis hijas y en mi familia. He estado toda la noche d\u00e1ndole vuelvas a la cabeza y precisamente por ellas voy a estar aqu\u00ed hasta el final. Nochebuena, Navidad&#8230; Hasta el final\u00bb, dec\u00eda Hern\u00e1ndez tras ser dado de alta en el hospital despu\u00e9s de haber sufrido una grave deshidrataci\u00f3n. Unas palabras que finalmente no va a poder cumplir porque durante estos d\u00edas incluso <strong>ha sido agredido f\u00edsicamente.<\/strong><\/p>\n<p>Kiko Hern\u00e1ndez, agredido en plena calle\u00a0<\/p>\n<p>Desde entonces han sido momentos de mucha tensi\u00f3n, de valorar la situaci\u00f3n y de decidir qu\u00e9 hacer por el bien de su familia. No ha sido f\u00e1cil, <a href=\"https:\/\/www.lecturas.com\/actualidad\/kiko-hernandez-se-despide-melilla-duro-comunicado-tras-agresiones-amenazas-recibidas-circunstancias-nos-empujan-buscar-nuevos-retos_185961\" rel=\"nofollow noopener\" target=\"_blank\">pero el matrimonio emiti\u00f3 un comunicado para expresar que se vuelven a Madrid. <\/a>Por mucho que est\u00e9n luchando esto no parece tener fin y va a mucho peor. Les han amenazado e incluso han tenido que acudir al hospital despu\u00e9s de que les agredieran. Un momento de mucha tensi\u00f3n por el que inevitablemente han tenido que tirar la toalla.\u00a0<\/p>\n<p><img loading=\"lazy\" decoding=\"async\"   src=\"https:\/\/www.europesays.com\/es\/wp-content\/uploads\/2025\/12\/kiko-hernandez_a8c98dba_251218222454_1200x572.webp.webp\" alt=\"Kiko Hern\u00e1ndez \" class=\"lazyload\" width=\"1200\" height=\"572\" data-aspectratio=\"1200\/572\"\/><\/p>\n<p>La \u00faltima imagen de Kiko Hern\u00e1ndez encadenado a las puertas de su negocio de Melilla antes de tener que tirar la toalla.\u00a0<\/p>\n<p>&#13;Quickie<\/p>\n<p>\u00a0<\/p>\n<p>\u00abEstoy m\u00e1s tranquilo, gracias a Dios\u00bb, comenzaba diciendo Kiko en &#8216;No somos nadie&#8217; hace unas horas antes de narrar cu\u00e1ndo decidieron definitivamente venirse a la capital. \u00abLa \u00faltima noche que hablamos que estaba encadenado mandaron a gente a las 3:00 de la ma\u00f1ana para molestar.<strong> Lo que empez\u00f3 como una molestia, termin\u00f3 siendo una paliza tanto a m\u00ed como a una persona de 60 a\u00f1os que trabaja conmigo<\/strong>\u00ab, explicaba Hern\u00e1ndez.\u00a0<\/p>\n<p>\u00ab<strong>Tengo un parte de lesiones y est\u00e1 denunciado a la Guardia Civil. <\/strong>Est\u00e1 pendiente de juicio, que ser\u00e1 en breve. <strong>Despu\u00e9s de ese momento dije &#8216;hasta aqu\u00ed&#8217;, sobre todo de parte de qui\u00e9n ven\u00eda esa gente.<\/strong> Est\u00e1 grabado todo en el m\u00f3vil y est\u00e1 denunciado. Cucho, que antes vend\u00edas tornillos. Estamos detr\u00e1s de ti. Es un analfabeto\u00bb, continuaba diciendo. \u00ab<strong>No ha merecido la pena<\/strong> y lo que s\u00ed ha sido porque he conocido a gente maravillosa y unas culturas que me han emocionado y porque la gente de Melilla es incre\u00edble. P<strong>ero haber invertido tanto para que un gobierno te cierre de la noche a la ma\u00f1ana<\/strong>, tus proyectos e ilusiones, las de mis hijas&#8230; En el fondo merece, pero ha costado mucho\u00bb, a\u00f1ad\u00eda apesadumbrado.\u00a0<\/p>\n<p><img loading=\"lazy\" decoding=\"async\"   src=\"https:\/\/www.europesays.com\/es\/wp-content\/uploads\/2025\/12\/fran-anton_0688f22d_251218223146_1200x1229.webp.webp\" alt=\"Fran Ant\u00f3n\" class=\"lazyload\" width=\"1200\" height=\"1229\" data-aspectratio=\"1200\/1229\"\/><\/p>\n<p>Fran Ant\u00f3n tuvo que ser ingresado en el hospital tras varios d\u00edas en huelga de hambre.\u00a0<\/p>\n<p>&#13;@franantonlopez<br \/>\nNo pierde parte de su inversi\u00f3n\u00a0<\/p>\n<p>Aunque ha invertido mucho dinero en aquel local, hay muchas cosas del mobiliario que va a aprovechar y que va a llevar hasta &#8216;El Cielo de Madrid&#8217;, haciendo referencia al Bingo Las Vegas. \u00ab<strong>Todo se va a mover aqu\u00ed, va a haber muchos camiones de mudanza<\/strong>\u00ab, aseguraba Kiko en el programa de Quickie.\u00a0<\/p>\n<p><img loading=\"lazy\" decoding=\"async\"   src=\"https:\/\/www.europesays.com\/es\/wp-content\/uploads\/2025\/12\/kiko-hernandez_b1421fe3_251218223753_1200x662.webp.webp\" alt=\"Kiko Hern\u00e1ndez \" class=\"lazyload\" width=\"1200\" height=\"662\" data-aspectratio=\"1200\/662\"\/><\/p>\n<p>Kiko Hern\u00e1ndez habr\u00eda perdido unos 200.000 euros al dejar su negocio en Melilla.\u00a0<\/p>\n<p>&#13;Quickie<\/p>\n<p>\u00ab<strong>Lo que pasa que hay 6.000 afectados. <\/strong>Familias rotas, me han llamado que no pueden celebrarlo. Hay una mujer que se casa la semana que viene y no puede celebrarlo. En Melilla he sido un cobarde, pero ahora los que me han hecho pasar esto se enfrentan a un Kiko m\u00e1s fuerte. Ahora no me para ni Dios. <strong>Vamos a dejar de facturar de aqu\u00ed a mayo unos 200.000 euros de aqu\u00ed a mayo entre eventos y comuniones. Ten\u00eda 40 empleados<\/strong>\u00ab, contaba el exgranhermano, preocupado que toda esta situaci\u00f3n le pueda pasar factura a los trabajos como actor de su marido.\u00a0<\/p>\n<p>\u00ab<strong>Nosotros habremos invertido en total unos 500.000 euros. <\/strong>Mi madre est\u00e1 feliz de que hayamos vuelto. <strong>Lo que me daba miedo era mis peques, c\u00f3mo se lo iban a tomar y est\u00e1n felices. Esa era mi preocupaci\u00f3n y est\u00e1n felices<\/strong>. Por cierto, han dicho por ah\u00ed que me he separado. No nos hemos soltado la mano nunca. No hay separaci\u00f3n\u00bb, ha asegurado tajante.\u00a0<\/p>\n","protected":false},"excerpt":{"rendered":"Hace una semana que Fran Ant\u00f3n (44 a\u00f1os), marido de Kiko Hern\u00e1ndez (49 a\u00f1os), sorprend\u00eda a todos los&hellip;\n","protected":false},"author":2,"featured_media":295106,"comment_status":"","ping_status":"","sticky":false,"template":"","format":"standard","meta":{"footnotes":""},"categories":[174],"tags":[255,146,147,25,24,256,23],"class_list":{"0":"post-295105","1":"post","2":"type-post","3":"status-publish","4":"format-standard","5":"has-post-thumbnail","7":"category-famosos","8":"tag-celebrities","9":"tag-entertainment","10":"tag-entretenimiento","11":"tag-es","12":"tag-espana","13":"tag-famosos","14":"tag-spain"},"share_on_mastodon":{"url":"https:\/\/pubeurope.com\/@es\/115742772473738118","error":""},"_links":{"self":[{"href":"https:\/\/www.europesays.com\/es\/wp-json\/wp\/v2\/posts\/295105","targetHints":{"allow":["GET"]}}],"collection":[{"href":"https:\/\/www.europesays.com\/es\/wp-json\/wp\/v2\/posts"}],"about":[{"href":"https:\/\/www.europesays.com\/es\/wp-json\/wp\/v2\/types\/post"}],"author":[{"embeddable":true,"href":"https:\/\/www.europesays.com\/es\/wp-json\/wp\/v2\/users\/2"}],"replies":[{"embeddable":true,"href":"https:\/\/www.europesays.com\/es\/wp-json\/wp\/v2\/comments?post=295105"}],"version-history":[{"count":0,"href":"https:\/\/www.europesays.com\/es\/wp-json\/wp\/v2\/posts\/295105\/revisions"}],"wp:featuredmedia":[{"embeddable":true,"href":"https:\/\/www.europesays.com\/es\/wp-json\/wp\/v2\/media\/295106"}],"wp:attachment":[{"href":"https:\/\/www.europesays.com\/es\/wp-json\/wp\/v2\/media?parent=295105"}],"wp:term":[{"taxonomy":"category","embeddable":true,"href":"https:\/\/www.europesays.com\/es\/wp-json\/wp\/v2\/categories?post=295105"},{"taxonomy":"post_tag","embeddable":true,"href":"https:\/\/www.europesays.com\/es\/wp-json\/wp\/v2\/tags?post=295105"}],"curies":[{"name":"wp","href":"https:\/\/api.w.org\/{rel}","templated":true}]}}