{"id":295107,"date":"2025-12-18T21:48:09","date_gmt":"2025-12-18T21:48:09","guid":{"rendered":"https:\/\/www.europesays.com\/es\/295107\/"},"modified":"2025-12-18T21:48:09","modified_gmt":"2025-12-18T21:48:09","slug":"emilio-madrid-el-artista-penarandino-que-crea-de-la-nada-muestra-sus-sorprendentes-obras-en-el-cds-espero-que-la-gente-disfrute-como-yo-lo-hice-creando-salamancartv-al-dia","status":"publish","type":"post","link":"https:\/\/www.europesays.com\/es\/295107\/","title":{"rendered":"Emilio Madrid, el artista pe\u00f1arandino que crea de la nada, muestra sus sorprendentes obras en el CDS: \u201cespero que la gente disfrute como yo lo hice creando\u201d &#8211; SALAMANCArtv AL D\u00cdA"},"content":{"rendered":"<p class=\"p1\">Lo que comenzaba como una simple afici\u00f3n y un deseo familiar se ha transformado en una sorprendente <strong>muestra art\u00edstica<\/strong> que ha abierto sus puertas este jueves en el <strong>CDS<\/strong> de <strong>Pe\u00f1aranda<\/strong>. <strong>Emilio Madrid<\/strong>, creador aficionado que se define por su curiosidad inagotable y su habilidad manual, ha inaugurado su primera exposici\u00f3n, revelando al p\u00fablico un universo imaginativo nacido del reciclaje y el afecto paternal. Lejos de buscar la fama, su obra ha surgido de la cotidianidad y la petici\u00f3n de sus seres queridos.<\/p>\n<p class=\"p1\">El origen de esta afici\u00f3n no se encuentra en una academia de arte, sino en una Navidad y una petici\u00f3n infantil. Seg\u00fan ha relatado el propio autor, todo <strong>\u00abempez\u00f3 a cuenta del trineo\u00bb.<\/strong> Su hija mayor deseaba uno, \u00abpero un trineo de verdad\u00bb, y tras fabricarlo y disfrutarlo en familia, las peticiones continuaron. \u00abYa empez\u00f3 otra que quer\u00eda un cascanueces o un soldado grande, mediano y peque\u00f1o. Y ya el otro, pues, que quer\u00eda un buz\u00f3n\u00bb, ha explicado Madrid sobre la g\u00e9nesis de una colecci\u00f3n que ha ido creciendo pieza a pieza, regalo a regalo.<\/p>\n<p class=\"p1\">La materia prima de estas obras es tan humilde como ingeniosa. Madrid cuenta con un taller donde acumula y transforma lo que otros desechan. \u00abPr\u00e1cticamente, la mayor\u00eda es dado, no quita alguna cosa que s\u00ed se ha comprado en alguna chatarrer\u00eda\u00bb, ha detallado. <\/p>\n<p class=\"p1\">Su proceso creativo es espont\u00e1neo, alimentado por lo que encuentra o por eventos que le inspiran, como una <strong>olla ferroviaria<\/strong> que ha fabricado a partir de un disco de rueda, idea que se le ha ocurrido tras visitar un mercado solidario por el volc\u00e1n de La Palma.<\/p>\n<p class=\"p1\">Entre las piezas que llaman la atenci\u00f3n destaca un <strong>soldado<\/strong> con una anatom\u00eda muy particular. El escultor ha descrito con naturalidad los componentes que le dan vida: \u00abBombona de butano, tubos de chimeneas, la cara es otra bombona de butano, y de soldar, y codos de fontaner\u00eda\u00bb. Esta capacidad para ver rostros y extremidades en objetos industriales define su estilo \u00fanico.<\/p>\n<p class=\"p1\">A pesar de la calidad de su trabajo, Emilio Madrid se ha mostrado modesto respecto a la exposici\u00f3n p\u00fablica de sus obras. \u00abYo soy un poco reacio a que me conozcan mis cosas\u00bb, ha confesado, admitiendo que la muestra \u00abha surgido como una cosa imprevista\u00bb. Sin embargo, la insistencia de quienes conoc\u00edan su talento ha hecho posible que estas piezas salgan de su \u00e1mbito dom\u00e9stico para ser admiradas por los vecinos de Pe\u00f1aranda y visitantes.<\/p>\n<p class=\"p1\">El motor principal de su arte sigue siendo su familia. \u00ab<strong>Esto, realmente, est\u00e1 dedicado a mis hijos, la mayor\u00eda est\u00e1 hecho para ellos\u00bb,<\/strong> ha afirmado con emoci\u00f3n. Para Madrid, el arte tiene una funci\u00f3n vital y cotidiana; no crea para almacenar, sino para convivir con sus creaciones: \u00abLo disfrutamos a diario, lo vemos, y me gusta hacerlo para verlo, no para guardarlo\u00bb.<\/p>\n<p class=\"p1\">Actualmente \u00abmedio jubilado\u00bb debido a una enfermedad, Madrid no detiene su actividad mental ni manual. Se define como un apasionado de todo tipo de oficios y artes, desde la pintura y la talla de madera hasta la electricidad y la fontaner\u00eda. \u00abMe meto en todo y lo que surja, no me aburre\u00bb, ha asegurado. Para quienes se acerquen al <strong>CDS hasta el 16 de enero<\/strong> a contemplar su obra, el autor solo tiene un deseo sencillo pero profundo: <strong>\u00abEspero que disfruten como yo he disfrutado haci\u00e9ndolo\u00bb.<\/strong><\/p>\n","protected":false},"excerpt":{"rendered":"Lo que comenzaba como una simple afici\u00f3n y un deseo familiar se ha transformado en una sorprendente muestra&hellip;\n","protected":false},"author":2,"featured_media":295108,"comment_status":"","ping_status":"","sticky":false,"template":"","format":"standard","meta":{"footnotes":""},"categories":[173],"tags":[229,233,231,230,70457,32583,232,234,70456,146,147,25,8426,24,2951,7937,1992,23],"class_list":{"0":"post-295107","1":"post","2":"type-post","3":"status-publish","4":"format-standard","5":"has-post-thumbnail","7":"category-arte-y-diseno","8":"tag-arte","9":"tag-arte-y-diseno","10":"tag-arts","11":"tag-arts-and-design","12":"tag-centro-de-desarrollo-sociocultural","13":"tag-chatarra","14":"tag-design","15":"tag-diseno","16":"tag-emilio-madrid","17":"tag-entertainment","18":"tag-entretenimiento","19":"tag-es","20":"tag-esculturas","21":"tag-espana","22":"tag-navidad","23":"tag-penaranda","24":"tag-salamancartvaldia","25":"tag-spain"},"share_on_mastodon":{"url":"https:\/\/pubeurope.com\/@es\/115742775875440615","error":""},"_links":{"self":[{"href":"https:\/\/www.europesays.com\/es\/wp-json\/wp\/v2\/posts\/295107","targetHints":{"allow":["GET"]}}],"collection":[{"href":"https:\/\/www.europesays.com\/es\/wp-json\/wp\/v2\/posts"}],"about":[{"href":"https:\/\/www.europesays.com\/es\/wp-json\/wp\/v2\/types\/post"}],"author":[{"embeddable":true,"href":"https:\/\/www.europesays.com\/es\/wp-json\/wp\/v2\/users\/2"}],"replies":[{"embeddable":true,"href":"https:\/\/www.europesays.com\/es\/wp-json\/wp\/v2\/comments?post=295107"}],"version-history":[{"count":0,"href":"https:\/\/www.europesays.com\/es\/wp-json\/wp\/v2\/posts\/295107\/revisions"}],"wp:featuredmedia":[{"embeddable":true,"href":"https:\/\/www.europesays.com\/es\/wp-json\/wp\/v2\/media\/295108"}],"wp:attachment":[{"href":"https:\/\/www.europesays.com\/es\/wp-json\/wp\/v2\/media?parent=295107"}],"wp:term":[{"taxonomy":"category","embeddable":true,"href":"https:\/\/www.europesays.com\/es\/wp-json\/wp\/v2\/categories?post=295107"},{"taxonomy":"post_tag","embeddable":true,"href":"https:\/\/www.europesays.com\/es\/wp-json\/wp\/v2\/tags?post=295107"}],"curies":[{"name":"wp","href":"https:\/\/api.w.org\/{rel}","templated":true}]}}