{"id":295109,"date":"2025-12-18T21:50:10","date_gmt":"2025-12-18T21:50:10","guid":{"rendered":"https:\/\/www.europesays.com\/es\/295109\/"},"modified":"2025-12-18T21:50:10","modified_gmt":"2025-12-18T21:50:10","slug":"rtve-pone-fecha-de-estreno-a-aria-primera-apuesta-de-la-1-para-sus-noches-navidenas-sin-la-revuelta","status":"publish","type":"post","link":"https:\/\/www.europesays.com\/es\/295109\/","title":{"rendered":"RTVE pone fecha de estreno a &#8216;ARIA&#8217;, primera apuesta de La 1 para sus noches navide\u00f1as sin &#8216;La Revuelta&#8217;"},"content":{"rendered":"<p class=\"article-text\">\n        <strong>La 1<\/strong> estrenar\u00e1 en la noche del lunes 22 de diciembre <strong>ARIA, locos por la \u00f3pera<\/strong>, su nuevo concurso musical presentado por <strong>Ruth Lorenzo<\/strong>, <strong>Juanjo Bona<\/strong> y<strong> Mario Marzo<\/strong>.\n    <\/p>\n<p>    <a href=\"https:\/\/www.eldiario.es\/vertele\/noticias\/salvador-sobral-rechaza-invitacion-eurovision-2026-israel-explica-no-devuelto-trofeo_1_12857108.html\" data-mrf-recirculation=\"saber-mas\" data-dl-event=\"saber-mas\" rel=\"nofollow noopener\" target=\"_blank\"><\/p>\n<p class=\"know-more__title\">Salvador Sobral rechaza la invitaci\u00f3n de Eurovisi\u00f3n 2026 por Israel y explica por qu\u00e9 no ha devuelto el trofeo<\/p>\n<p>            <img decoding=\"async\" class=\"lazy\" loading=\"lazy\" data-src=\"https:\/\/static.eldiario.es\/clip\/83c13c43-a8b9-40c6-890d-82dee0c5978a_16-9-aspect-ratio_default_0.jpg\" src=\"data:image\/svg+xml,%3Csvg xmlns=\" http:=\"\" viewbox=\"0 0 880 495\" alt=\"Salvador Sobral rechaza la invitaci\u00f3n de Eurovisi\u00f3n 2026 por Israel y explica por qu\u00e9 no ha devuelto el trofeo\"\/><\/p>\n<p>                        <\/a><\/p>\n<p class=\"article-text\">\n        La primera gala del programa arrancar\u00e1 a las 21:40 horas tras la segunda edici\u00f3n del <strong>Telediario<\/strong>, mucho antes de lo previsto. Con La Revuelta <a href=\"https:\/\/www.eldiario.es\/vertele\/noticias\/la-revuelta-despide-hoy-descansara-completamente-navidad-cambio-estrategia-rtve_1_12857018.html\" target=\"_blank\" data-mrf-recirculation=\"links-noticia\" class=\"link\" rel=\"nofollow noopener\">fuera de la parrilla<\/a> durante las vacaciones de Navidad, el prime time de La 1 adelantar\u00e1 su inicio a un horario m\u00e1s amable para la audiencia.\n    <\/p>\n<p class=\"article-text\">\n        ARIA, locos por la \u00f3pera competir\u00e1 contra las reposiciones de <strong>El Hormiguero<\/strong> (Antena 3), <strong>La isla de las tentaciones<\/strong> (Telecinco) y las pel\u00edculas de Cuatro y laSexta.\n    <\/p>\n<p class=\"article-text\">\n        Se desconoce si el estreno de ARIA afectar\u00e1 de alg\u00fan modo a la emisi\u00f3n de la serie <strong>Ena<\/strong>, que hasta ahora se emit\u00eda los lunes por la noche en La 1. Todo depender\u00e1 de la duraci\u00f3n de las galas del talent oper\u00edstico. A la ficci\u00f3n creada por Javier Olivares solo le queda un cap\u00edtulo por delante.\n    <\/p>\n<blockquote class=\"twitter-tweet\" data-lang=\"es\"><p><a href=\"https:\/\/twitter.com\/X\/status\/2001701024990662833?ref_src=twsrc%5Etfw\" rel=\"nofollow noopener\" target=\"_blank\"><\/p><\/blockquote>\n<p>    As\u00ed es &#8216;ARIA, locos por la \u00f3pera&#8217;<\/p>\n<p class=\"article-text\">\n        El talent show ARIA, locos por la \u00f3pera ofrecer\u00e1 a diez cantantes l\u00edricos una oportunidad \u00fanica: lograr un hueco en el exigente mundo de la \u00f3pera. Presentado por Ruth Lorenzo, acompa\u00f1ada de Juanjo Bona en el backstage, <strong>constar\u00e1 de cuatro galas<\/strong> y contar\u00e1 con int\u00e9rpretes con una s\u00f3lida formaci\u00f3n musical.\n    <\/p>\n<p class=\"article-text\">\n        El programa mostrar\u00e1 el riguroso proceso para convertirse en cantante de \u00f3pera. Un viaje lleno de emociones y tensi\u00f3n, en el que solo uno de ellos se alzar\u00e1 con la victoria.\n    <\/p>\n<p class=\"article-text\">\n        El jurado fijo estar\u00e1 compuesto por tres grandes profesionales del mundo de la m\u00fasica: la soprano <strong>Isabel Rey<\/strong>, el tenor <strong>Jos\u00e9 Manuel Zapata<\/strong> y la directora de orquesta <strong>Virginia Mart\u00ednez<\/strong>. A ellos se sumar\u00e1 un juez secreto, cuya identidad solo ser\u00e1 desvelada en la gala final. El programa contar\u00e1 con la participaci\u00f3n de la orquesta Franz Schubert Filharmonia, dirigida por Tom\u00e0s Grau.\n    <\/p>\n<p class=\"article-text\">\n        ARIA, locos por la \u00f3pera es un formato original creado por la productora de Pa\u00edses Bajos Medialane. Se han emitido tres temporadas en la cadena p\u00fablica holandesa NPO1 y se prepara una cuarta. La espa\u00f1ola es la primera adaptaci\u00f3n internacional y est\u00e1 producida por RTVE en colaboraci\u00f3n con <strong>Gestmusic <\/strong>(Banijay Iberia).\n    <\/p>\n<p class=\"article-text\">\n        El programa ofrecer\u00e1 actuaciones solistas y grupales de las arias m\u00e1s conocidas y se dirige a un p\u00fablico amplio: desde amantes de la \u00f3pera hasta aquellos que se acercan por primera vez al g\u00e9nero l\u00edrico.\n    <\/p>\n<p>    <a href=\"https:\/\/www.eldiario.es\/vertele\/noticias\/la-revuelta-despide-hoy-descansara-completamente-navidad-cambio-estrategia-rtve_1_12857018.html\" data-mrf-recirculation=\"saber-mas-abajo\" data-dl-event=\"saber-mas-abajo\" rel=\"nofollow noopener\" target=\"_blank\"><\/p>\n<p class=\"know-more__title\">&#8216;La Revuelta&#8217; se despide hoy y descansar\u00e1 completamente en Navidad por el cambio de estrategia de RTVE<\/p>\n<p>            <img decoding=\"async\" class=\"lazy\" loading=\"lazy\" data-src=\"https:\/\/static.eldiario.es\/clip\/9f672c1a-3ac3-4e52-a198-5eb97cdc8123_16-9-aspect-ratio_default_0.jpg\" src=\"data:image\/svg+xml,%3Csvg xmlns=\" http:=\"\" viewbox=\"0 0 880 495\" alt=\"'La Revuelta' se despide hoy y descansar\u00e1 completamente en Navidad por el cambio de estrategia de RTVE\"\/><\/p>\n<p>                        <\/a><\/p>\n<p class=\"article-text\">\n        Adem\u00e1s, tendr\u00e1 un enfoque did\u00e1ctico y fresco: el p\u00fablico descubrir\u00e1 las historias que hay detr\u00e1s de las grandes arias con la ayuda del actor, pianista y creador de contenido Mario Marzo, que realizar\u00e1 una personal introducci\u00f3n de cada obra. Tambi\u00e9n participar\u00e1n destacados cantantes espa\u00f1oles ajenos al universo oper\u00edstico, que interpretar\u00e1n piezas muy populares adaptadas a la l\u00edrica.\n    <\/p>\n<p>                                    <script async src=\"https:\/\/platform.twitter.com\/widgets.js\" charset=\"utf-8\"><\/script><\/p>\n","protected":false},"excerpt":{"rendered":"La 1 estrenar\u00e1 en la noche del lunes 22 de diciembre ARIA, locos por la \u00f3pera, su nuevo&hellip;\n","protected":false},"author":2,"featured_media":277100,"comment_status":"","ping_status":"","sticky":false,"template":"","format":"standard","meta":{"footnotes":""},"categories":[171],"tags":[67444,146,147,25,24,1055,1151,19880,70458,1150,10852,518,65100,23,214],"class_list":{"0":"post-295109","1":"post","2":"type-post","3":"status-publish","4":"format-standard","5":"has-post-thumbnail","7":"category-tv","8":"tag-aria","9":"tag-entertainment","10":"tag-entretenimiento","11":"tag-es","12":"tag-espana","13":"tag-estreno","14":"tag-fecha","15":"tag-juanjo-bona","16":"tag-locos-por-la-opera","17":"tag-pone","18":"tag-presentadores","19":"tag-rtve","20":"tag-ruth-lorenzo","21":"tag-spain","22":"tag-tv"},"share_on_mastodon":{"url":"https:\/\/pubeurope.com\/@es\/115742783797836828","error":""},"_links":{"self":[{"href":"https:\/\/www.europesays.com\/es\/wp-json\/wp\/v2\/posts\/295109","targetHints":{"allow":["GET"]}}],"collection":[{"href":"https:\/\/www.europesays.com\/es\/wp-json\/wp\/v2\/posts"}],"about":[{"href":"https:\/\/www.europesays.com\/es\/wp-json\/wp\/v2\/types\/post"}],"author":[{"embeddable":true,"href":"https:\/\/www.europesays.com\/es\/wp-json\/wp\/v2\/users\/2"}],"replies":[{"embeddable":true,"href":"https:\/\/www.europesays.com\/es\/wp-json\/wp\/v2\/comments?post=295109"}],"version-history":[{"count":0,"href":"https:\/\/www.europesays.com\/es\/wp-json\/wp\/v2\/posts\/295109\/revisions"}],"wp:featuredmedia":[{"embeddable":true,"href":"https:\/\/www.europesays.com\/es\/wp-json\/wp\/v2\/media\/277100"}],"wp:attachment":[{"href":"https:\/\/www.europesays.com\/es\/wp-json\/wp\/v2\/media?parent=295109"}],"wp:term":[{"taxonomy":"category","embeddable":true,"href":"https:\/\/www.europesays.com\/es\/wp-json\/wp\/v2\/categories?post=295109"},{"taxonomy":"post_tag","embeddable":true,"href":"https:\/\/www.europesays.com\/es\/wp-json\/wp\/v2\/tags?post=295109"}],"curies":[{"name":"wp","href":"https:\/\/api.w.org\/{rel}","templated":true}]}}