{"id":295138,"date":"2025-12-18T22:11:14","date_gmt":"2025-12-18T22:11:14","guid":{"rendered":"https:\/\/www.europesays.com\/es\/295138\/"},"modified":"2025-12-18T22:11:14","modified_gmt":"2025-12-18T22:11:14","slug":"una-escultura-de-70-000-euros-en-bronce-y-de-dos-metros-sobre-la-venida-de-la-virgen-para-sustituir-la-de-salvador-soria-en-elche","status":"publish","type":"post","link":"https:\/\/www.europesays.com\/es\/295138\/","title":{"rendered":"Una escultura de 70.000 euros, en bronce y de dos metros sobre la Venida de la Virgen para sustituir la de Salvador Soria en Elche"},"content":{"rendered":"<p class=\"ft-text ft-helper-closenews\"><strong>\u201cSi hacen eso, se levantar\u00e1 un avispero\u201d. <\/strong>En estos t\u00e9rminos se pronunciaba hace ahora un mes un artista local al valorar la posibilidad -porque entonces era eso: una posibilidad- de que se retirara<strong> la escultura de<\/strong><a class=\"ft-link ft-link--decoration\" href=\"https:\/\/www.informacion.es\/elche\/2025\/11\/13\/arte-contemporaneo-desaparece-calles-elche-escultura-123675959.html\" rel=\"nofollow noopener\" target=\"_blank\"> Salvador Soria<\/a> que se encontraba en <a class=\"ft-link ft-link--decoration\" href=\"https:\/\/www.informacion.es\/elche\/\" rel=\"nofollow noopener\" target=\"_blank\">Elche<\/a>, en la rotonda que enlazaba el<strong> puente de la Generalitat con las <\/strong><a href=\"https:\/\/www.informacion.es\/elche\/2025\/06\/30\/atascos-filet-fora-puente-generalitat-elche-119215955.html\" class=\"ft-link ft-link--decoration\" rel=\"nofollow noopener\" target=\"_blank\"><strong>Puertas Coloradas<\/strong><\/a><strong>.<\/strong> En ese momento, desde el <strong>bipartito de PP y V<\/strong>ox alegaban que <strong>la obra se estaba restaurando,<\/strong> aunque en c\u00edrculos art\u00edsticos tem\u00edan que se quitara definitivamente e incluso se especulaba con la posibilidad de que en su lugar se colocara <strong>una imagen religiosa, como finalmente va a suceder.<\/strong> Hasta el punto de que la junta de gobierno local acept\u00f3 este jueves la<strong> donaci\u00f3n de la escultura sobre la Venida de la Virgen por parte de la empresa mixta Aig\u00fces d\u2019Elx<\/strong> y su instalaci\u00f3n en la replaceta situada en el entorno de <strong>Puertas Coloradas<\/strong>, frente a la<a class=\"ft-link ft-link--decoration\" href=\"https:\/\/www.informacion.es\/elche\/2025\/12\/12\/museo-casa-de-la-virgen-turismo-cultura-venida-virgen-124712221.html\" rel=\"nofollow noopener\" target=\"_blank\"> Casa de la Virgen<\/a>.<\/p>\n<p><img decoding=\"async\" src=\"https:\/\/www.europesays.com\/es\/wp-content\/uploads\/2025\/12\/7308abdd-356a-4c63-8971-39568df325b5_alta-libre-aspect-ratio_default_0.jpg\" width=\"1200\" height=\"798\" alt=\"Estado del exterior de la Casa de la Virgen\" class=\"ft-helper-img-rd\" loading=\"lazy\"\/><\/p>\n<p class=\"ft-helper-fontColor-quaternary ft-helper-fontSize-body-S ft-helper-spacer-t-xxs\">Estado del exterior de la Casa de la Virgen  \/ Matias Segarra<\/p>\n<p>\u201cReconocido escultor\u201d<\/p>\n<p class=\"ft-text\">La escultura elegida es obra de<strong> Ram\u00f3n Cuenca Santo, \u201creconocido escultor ilicitano\u201d <\/strong>que representa la Venida de la Virgen y los personajes que la rodean, como se encarg\u00f3 de resaltar el portavoz del PP, Juan de Dios Navarro, que este jueves ejerci\u00f3 tambi\u00e9n de portavoz de la junta de gobierno, incidiendo especialmente en lo de \u201cilicitano\u201d, aunque admiti\u00f3 que <strong>ahora reside en Cox.<\/strong> \u201cEs una escultura que <strong>va a dar m\u00e1s valor a esta zona\u201d<\/strong>, apostill\u00f3 Navarro, sin menci\u00f3n alguna a la anterior.<\/p>\n<p><img decoding=\"async\" src=\"https:\/\/www.europesays.com\/es\/wp-content\/uploads\/2025\/12\/caf2d77f-5122-46fe-86fc-eb572786ed0e_alta-libre-aspect-ratio_default_0.jpg\" width=\"1200\" height=\"2021\" alt=\"La escultura, con el aspecto que presentaba en su d\u00eda.\" class=\"ft-helper-img-rd\" loading=\"lazy\"\/><\/p>\n<p class=\"ft-helper-fontColor-quaternary ft-helper-fontSize-body-S ft-helper-spacer-t-xxs\">La escultura, con el aspecto que presentaba en su d\u00eda.  \/ Luis G. Pueyo \/ C\u00e1tedra Pedro Ibarra de la UMH<\/p>\n<p>Pedestal de dos metros y medio<\/p>\n<p class=\"ft-text\">La escultura se ha ejecutado en bronce y tiene<strong> una altura de al menos dos metros, montada sobre un pedestal de aproximadamente 2,5 metros<\/strong>. Seg\u00fan Navarro, \u201cpretende conve<strong>rtirse en un homenaje permanente a una de nuestras tradiciones m\u00e1s queridas como es la de la Venida de la Virgen\u201d, y aprovech\u00f3 para <\/strong>\u201cagradecer\u201d tambi\u00e9n a Aig\u00fces d\u2019Elx que haya cedido esta escultura. La empresa mixta, de hecho, ha desembolsado 70.000 euros para esta obra. La inauguraci\u00f3n tendr\u00e1 lugar el domingo, coincidiendo con la inauguraci\u00f3n de la <a class=\"ft-link ft-link--decoration\" href=\"https:\/\/www.informacion.es\/elche\/2025\/11\/19\/analisis-alcalde-elche-escultura-virgen-123913894.html\" rel=\"nofollow noopener\" target=\"_blank\">Casa de la Virgen<\/a> tras su rehabilitaci\u00f3n, <strong>un acto previsto para la semana pasada, pero que se aplaz\u00f3 por el riesgo de lluvia.<\/strong><\/p>\n<p>Sin emplazamiento definido<\/p>\n<p class=\"ft-text\">En cuanto a la escultura de Soria, Juan de Dios Navarro dijo que su restauraci\u00f3n<strong> \u201cprogresa adecuadamente\u201d<\/strong>, y se limit\u00f3 a se\u00f1alar que, una vez recuperada, se instalar\u00e1<strong> en la calle Pedro Juan Perpi\u00f1\u00e1n,<\/strong> sin concretar el punto exacto, pese a la extensi\u00f3n que tiene el vial, si se tiene en cuenta que va desde el puente de la Generalitat hasta pr\u00e1cticamente El Corte Ingl\u00e9s de <a class=\"ft-link ft-link--decoration\" href=\"www.elche.es\" rel=\"nofollow\">Elche<\/a>.<\/p>\n<p data-close=\"closedContent\" class=\"subscribeHideForDisplay\">Suscr\u00edbete para seguir leyendo<\/p>\n","protected":false},"excerpt":{"rendered":"\u201cSi hacen eso, se levantar\u00e1 un avispero\u201d. En estos t\u00e9rminos se pronunciaba hace ahora un mes un artista&hellip;\n","protected":false},"author":2,"featured_media":295139,"comment_status":"","ping_status":"","sticky":false,"template":"","format":"standard","meta":{"footnotes":""},"categories":[173],"tags":[70467,229,233,231,230,2009,70461,232,5093,234,2006,146,147,25,1246,24,70466,70464,39142,3403,956,70465,5748,2256,246,23,70462,70463,7699],"class_list":{"0":"post-295138","1":"post","2":"type-post","3":"status-publish","4":"format-standard","5":"has-post-thumbnail","7":"category-arte-y-diseno","8":"tag-aigues-d","9":"tag-arte","10":"tag-arte-y-diseno","11":"tag-arts","12":"tag-arts-and-design","13":"tag-ayuntamiento-de-elche","14":"tag-coloradas","15":"tag-design","16":"tag-dios","17":"tag-diseno","18":"tag-elche","19":"tag-entertainment","20":"tag-entretenimiento","21":"tag-es","22":"tag-escultura","23":"tag-espana","24":"tag-juan-de-dios-navarro","25":"tag-junta-de-gobierno-local","26":"tag-la-virgen","27":"tag-navarro","28":"tag-pp","29":"tag-pp-vox","30":"tag-puertas","31":"tag-salvador","32":"tag-soria","33":"tag-spain","34":"tag-venida","35":"tag-venida-de-la-virgen","36":"tag-virgen"},"share_on_mastodon":{"url":"https:\/\/pubeurope.com\/@es\/115742866453949461","error":""},"_links":{"self":[{"href":"https:\/\/www.europesays.com\/es\/wp-json\/wp\/v2\/posts\/295138","targetHints":{"allow":["GET"]}}],"collection":[{"href":"https:\/\/www.europesays.com\/es\/wp-json\/wp\/v2\/posts"}],"about":[{"href":"https:\/\/www.europesays.com\/es\/wp-json\/wp\/v2\/types\/post"}],"author":[{"embeddable":true,"href":"https:\/\/www.europesays.com\/es\/wp-json\/wp\/v2\/users\/2"}],"replies":[{"embeddable":true,"href":"https:\/\/www.europesays.com\/es\/wp-json\/wp\/v2\/comments?post=295138"}],"version-history":[{"count":0,"href":"https:\/\/www.europesays.com\/es\/wp-json\/wp\/v2\/posts\/295138\/revisions"}],"wp:featuredmedia":[{"embeddable":true,"href":"https:\/\/www.europesays.com\/es\/wp-json\/wp\/v2\/media\/295139"}],"wp:attachment":[{"href":"https:\/\/www.europesays.com\/es\/wp-json\/wp\/v2\/media?parent=295138"}],"wp:term":[{"taxonomy":"category","embeddable":true,"href":"https:\/\/www.europesays.com\/es\/wp-json\/wp\/v2\/categories?post=295138"},{"taxonomy":"post_tag","embeddable":true,"href":"https:\/\/www.europesays.com\/es\/wp-json\/wp\/v2\/tags?post=295138"}],"curies":[{"name":"wp","href":"https:\/\/api.w.org\/{rel}","templated":true}]}}