{"id":295171,"date":"2025-12-18T22:36:10","date_gmt":"2025-12-18T22:36:10","guid":{"rendered":"https:\/\/www.europesays.com\/es\/295171\/"},"modified":"2025-12-18T22:36:10","modified_gmt":"2025-12-18T22:36:10","slug":"en-cuanto-puedo-me-voy-a-la-playa","status":"publish","type":"post","link":"https:\/\/www.europesays.com\/es\/295171\/","title":{"rendered":"En cuanto puedo me voy a la playa"},"content":{"rendered":"<p class=\"c-paragraph\"><a href=\"https:\/\/www.20minutos.es\/tags\/temas\/la-revuelta.html\" title=\"La Revuelta\" rel=\"nofollow noopener\" target=\"_blank\">La Revuelta<\/a> <b>despide el 2025 con Mar\u00eda Galiana como invitada.<\/b> La actriz, reconocida por su papel de do\u00f1a Herminia en <a href=\"https:\/\/www.20minutos.es\/tags\/temas\/cuentame.html\" title=\"Cu\u00e9ntame\" rel=\"nofollow noopener\" target=\"_blank\">Cu\u00e9ntame<\/a>, ha visitado el programa de <a href=\"https:\/\/www.20minutos.es\/tags\/personas\/broncano.html\" title=\"David Broncano\" rel=\"nofollow noopener\" target=\"_blank\">David Broncano<\/a> para hablar de sus proyectos actuales: su cameo en la serie Atasco y su obra teatral Yo solo quiero irme a Francia.<\/p>\n<p class=\"c-paragraph\">Nada m\u00e1s entrar en plat\u00f3, la int\u00e9rprete ri\u00f1o al presentador por decir la edad que tiene: \u00abYo que quiero disimular&#8230;\u00bb. \u00abTe pido perd\u00f3n, he consultado, como valoraci\u00f3n de todos tus a\u00f1os en activo\u00bb, se justific\u00f3 Broncano.<b> \u00abTodo lo contrario, presumo\u00bb,<\/b> a\u00f1adi\u00f3 ella, asegurando que no le hab\u00eda importado. \u00ab\u00bf90 realmente?\u00bb, le pregunt\u00f3 el jiennense, a lo que Galiana respondi\u00f3 de manera afirmativa.<\/p>\n<p class=\"c-paragraph\">Tras esta primera intervenci\u00f3n, Mar\u00eda Galiana aprovech\u00f3 para pedir perd\u00f3n a la Guardia Civil por haberles insultado en el papel que interpreta en la serie Atasco. La conversaci\u00f3n deriv\u00f3 a que Broncano le preguntara si ella conduce.<b> \u00abHe renovado mi carnet este a\u00f1o\u00bb,<\/b> fue su respuesta, con la que recibi\u00f3 un \u00abenhorabuena\u00bb por parte del presentador y aplausos de los espectadores.\u00a0<\/p>\n<p class=\"c-paragraph\">\u00abAhora con tu edad, \u00bfcada cu\u00e1ntos a\u00f1os es?\u00bb, quiso saber Broncano sobre la renovaci\u00f3n del permiso de conducci\u00f3n. \u00abHace dos a\u00f1os, en el 2023, me lo dieron por dos a\u00f1os. Este a\u00f1o lo he renovado&#8230;\u00bb, empez\u00f3 ella con su explicaci\u00f3n, pero Broncano\u00a0\u00a0la interrumpi\u00f3 y termin\u00f3 su alegato dici\u00e9ndole: \u00abPor cinco meses\u00bb. \u00abNo, me han dado un papel que me espere y a mi casa me mandar\u00e1n el carnet. <b>Estoy en vilo porqu no pone hasta cuanto<\/b>\u00ab, detall\u00f3. \u00abIgual con 90 a\u00f1os es de semana en semana\u00bb, prosigui\u00f3 el comunicador con la broma. \u00abPues casi, casi\u00bb, aleg\u00f3 ella entre risas.<\/p>\n<p class=\"c-paragraph\">\u00ab\u00bfCoges el coche?\u00bb, continu\u00f3 Broncano con su cuestionario. \u00abClaro, voy al supermercado, a ver a mis hijos [&#8230;] Eso es lo que yo cuento, sin que nadie se entere, <b>en cuanto puedo me voy a la playa<\/b>, pero eso no se puede contar porque a mi edad no est\u00e1 permitido\u00bb, confes\u00f3 Mar\u00eda Galiana sobre el uso que le da a su veh\u00edculo particular.<\/p>\n<p class=\"c-paragraph\">La int\u00e9rprete asegur\u00f3 que a ella le gusta mucho conducir y aprovech\u00f3 la intervenci\u00f3n para explicar<b> c\u00f3mo se hac\u00eda el examen en los a\u00f1os 60<\/b>: \u00abEn Sevilla, detr\u00e1s del campo del Betis, que es mi equipo [&#8230;] Pon\u00edan unos bolardos y te dec\u00edan que aparcaras. Si te sub\u00edas en la acera, te suspend\u00edan, que no, aprobabas. Sin te\u00f3rico\u00bb.\u00a0<\/p>\n<p class=\"c-paragraph\">Finalmente, record\u00f3 c\u00f3mo fue la primera vez que cogi\u00f3 el coche: \u00abFui a recoger a mi marido por la noche, que estaba en una conferencia [&#8230;] Iba por la carretera y me para la Guardia Civil. &#8216;Se\u00f1ora, que lleva usted la luces largas, va a deslumbrar al que venga en frente&#8217;, me dijeron. Yo no sab\u00eda que hab\u00eda dos luces. No hab\u00eda nadie m\u00e1s por la carretera [&#8230;] Fueron tan amables que me ense\u00f1aron para qu\u00e9 val\u00eda cada palanca\u00bb.<\/p>\n","protected":false},"excerpt":{"rendered":"La Revuelta despide el 2025 con Mar\u00eda Galiana como invitada. La actriz, reconocida por su papel de do\u00f1a&hellip;\n","protected":false},"author":2,"featured_media":295172,"comment_status":"","ping_status":"","sticky":false,"template":"","format":"standard","meta":{"footnotes":""},"categories":[171],"tags":[9029,146,147,25,24,6870,29956,222,23,214],"class_list":{"0":"post-295171","1":"post","2":"type-post","3":"status-publish","4":"format-standard","5":"has-post-thumbnail","7":"category-tv","8":"tag-david-broncano","9":"tag-entertainment","10":"tag-entretenimiento","11":"tag-es","12":"tag-espana","13":"tag-la-1","14":"tag-la-revuelta","15":"tag-operacion-triunfo","16":"tag-spain","17":"tag-tv"},"share_on_mastodon":{"url":"https:\/\/pubeurope.com\/@es\/115742964670852416","error":""},"_links":{"self":[{"href":"https:\/\/www.europesays.com\/es\/wp-json\/wp\/v2\/posts\/295171","targetHints":{"allow":["GET"]}}],"collection":[{"href":"https:\/\/www.europesays.com\/es\/wp-json\/wp\/v2\/posts"}],"about":[{"href":"https:\/\/www.europesays.com\/es\/wp-json\/wp\/v2\/types\/post"}],"author":[{"embeddable":true,"href":"https:\/\/www.europesays.com\/es\/wp-json\/wp\/v2\/users\/2"}],"replies":[{"embeddable":true,"href":"https:\/\/www.europesays.com\/es\/wp-json\/wp\/v2\/comments?post=295171"}],"version-history":[{"count":0,"href":"https:\/\/www.europesays.com\/es\/wp-json\/wp\/v2\/posts\/295171\/revisions"}],"wp:featuredmedia":[{"embeddable":true,"href":"https:\/\/www.europesays.com\/es\/wp-json\/wp\/v2\/media\/295172"}],"wp:attachment":[{"href":"https:\/\/www.europesays.com\/es\/wp-json\/wp\/v2\/media?parent=295171"}],"wp:term":[{"taxonomy":"category","embeddable":true,"href":"https:\/\/www.europesays.com\/es\/wp-json\/wp\/v2\/categories?post=295171"},{"taxonomy":"post_tag","embeddable":true,"href":"https:\/\/www.europesays.com\/es\/wp-json\/wp\/v2\/tags?post=295171"}],"curies":[{"name":"wp","href":"https:\/\/api.w.org\/{rel}","templated":true}]}}