{"id":295184,"date":"2025-12-18T22:44:09","date_gmt":"2025-12-18T22:44:09","guid":{"rendered":"https:\/\/www.europesays.com\/es\/295184\/"},"modified":"2025-12-18T22:44:09","modified_gmt":"2025-12-18T22:44:09","slug":"un-avion-propiedad-del-ex-piloto-de-nascar-greg-biffle-se-estrella","status":"publish","type":"post","link":"https:\/\/www.europesays.com\/es\/295184\/","title":{"rendered":"Un avi\u00f3n propiedad del ex piloto de NASCAR, Greg Biffle, se estrella"},"content":{"rendered":"<p>Un avi\u00f3n registrado a nombre del ex piloto de NASCAR, Greg Biffle, se estrell\u00f3 el jueves con seis personas a bordo, informaron las autoridades.<\/p>\n<p>Un avi\u00f3n comercial registrado a nombre de una compa\u00f1\u00eda dirigida por el piloto retirado de <strong>NASCAR, Greg Biffle,<\/strong> se estrell\u00f3 el jueves con seis personas a bordo, informaron las autoridades.<\/p>\n<p>El sheriff del condado de Iredell, Carolina del Norte, confirm\u00f3 que hubo v\u00edctimas mortales, pero no identific\u00f3 a las personas a bordo del avi\u00f3n, que se incendi\u00f3 al estrellarse al regresar al aeropuerto de Statesville poco despu\u00e9s del despegue la ma\u00f1ana del jueves.<\/p>\n<p>El aeropuerto se encuentra a 72 kil\u00f3metros al norte de Charlotte, sede de la mayor\u00eda de los equipos de NASCAR.<\/p>\n<p>Los golfistas que jugaban junto al aeropuerto quedaron impactados al presenciar el desastre, e incluso se lanzaron al suelo en el Lakewood Golf Club mientras el avi\u00f3n volaba sobre ellos. El noveno hoyo estaba cubierto de escombros.<\/p>\n<p>\u00abPensamos: &#8216;\u00a1Dios m\u00edo! \u00a1Eso est\u00e1 demasiado bajo!'\u00bb, declar\u00f3 Joshua Green, de Mooresville, a The Associated Press. \u00abFue aterrador\u00bb.<\/p>\n<p>La Junta Nacional de Seguridad en el Transporte y la Administraci\u00f3n Federal de Aviaci\u00f3n estaban investigando. Hab\u00eda llovizna y nubes en el momento del accidente, seg\u00fan AccuWeather.<\/p>\n<p>El avi\u00f3n despeg\u00f3 del aeropuerto poco despu\u00e9s de las 10AM, pero luego regres\u00f3 e intentaba aterrizar all\u00ed, seg\u00fan los datos de seguimiento publicados por FlightAware.com.<\/p>\n<p>El avi\u00f3n ten\u00eda programado volar m\u00e1s tarde desde Sarasota, Florida, al Aeropuerto Internacional Treasure Cay en las Bahamas, antes de regresar a Fort Lauderdale, Florida, y luego a Statesville al anochecer, seg\u00fan los datos.<\/p>\n<p>Un video de WSOC-TV mostr\u00f3 a los servicios de emergencia entrando a toda prisa en la pista mientras las llamas ard\u00edan cerca de los restos dispersos del avi\u00f3n. El aeropuerto, seg\u00fan su sitio web, ofrece instalaciones de aviaci\u00f3n corporativa a compa\u00f1\u00edas de la lista Fortune 500 y a varios equipos de NASCAR.<\/p>\n<p>La tragedia se suma a la lista de accidentes a\u00e9reos ocurridos este a\u00f1o en todo el mundo, incluyendo la colisi\u00f3n entre un avi\u00f3n y un helic\u00f3ptero que caus\u00f3 67 muertos en Washington, el accidente de Air India que caus\u00f3 260 muertos en India y un accidente en el Lejano Oriente ruso que se cobr\u00f3 48 vidas. Catorce personas, incluidas 11 en tierra, murieron en un accidente de un avi\u00f3n de carga de UPS en Kentucky.<\/p>\n<p>Informaci\u00f3n de The Associated Press fue usada en este reporte.<\/p>\n","protected":false},"excerpt":{"rendered":"Un avi\u00f3n registrado a nombre del ex piloto de NASCAR, Greg Biffle, se estrell\u00f3 el jueves con seis&hellip;\n","protected":false},"author":2,"featured_media":295185,"comment_status":"","ping_status":"","sticky":false,"template":"","format":"standard","meta":{"footnotes":""},"categories":[42],"tags":[17,18,13,14,11,61,62,63,64,19,20,9,10,15,16,12,21,22,65,66,67],"class_list":{"0":"post-295184","1":"post","2":"type-post","3":"status-publish","4":"format-standard","5":"has-post-thumbnail","7":"category-internacional","8":"tag-breaking-news","9":"tag-breakingnews","10":"tag-featured-news","11":"tag-featurednews","12":"tag-headlines","13":"tag-internacional","14":"tag-international","15":"tag-international-news","16":"tag-internationalnews","17":"tag-latest-news","18":"tag-latestnews","19":"tag-news","20":"tag-noticias","21":"tag-noticias-destacadas","22":"tag-noticiasdestacadas","23":"tag-titulares","24":"tag-ultimas-noticias","25":"tag-ultimasnoticias","26":"tag-world","27":"tag-world-news","28":"tag-worldnews"},"share_on_mastodon":{"url":"https:\/\/pubeurope.com\/@es\/115742996384113459","error":""},"_links":{"self":[{"href":"https:\/\/www.europesays.com\/es\/wp-json\/wp\/v2\/posts\/295184","targetHints":{"allow":["GET"]}}],"collection":[{"href":"https:\/\/www.europesays.com\/es\/wp-json\/wp\/v2\/posts"}],"about":[{"href":"https:\/\/www.europesays.com\/es\/wp-json\/wp\/v2\/types\/post"}],"author":[{"embeddable":true,"href":"https:\/\/www.europesays.com\/es\/wp-json\/wp\/v2\/users\/2"}],"replies":[{"embeddable":true,"href":"https:\/\/www.europesays.com\/es\/wp-json\/wp\/v2\/comments?post=295184"}],"version-history":[{"count":0,"href":"https:\/\/www.europesays.com\/es\/wp-json\/wp\/v2\/posts\/295184\/revisions"}],"wp:featuredmedia":[{"embeddable":true,"href":"https:\/\/www.europesays.com\/es\/wp-json\/wp\/v2\/media\/295185"}],"wp:attachment":[{"href":"https:\/\/www.europesays.com\/es\/wp-json\/wp\/v2\/media?parent=295184"}],"wp:term":[{"taxonomy":"category","embeddable":true,"href":"https:\/\/www.europesays.com\/es\/wp-json\/wp\/v2\/categories?post=295184"},{"taxonomy":"post_tag","embeddable":true,"href":"https:\/\/www.europesays.com\/es\/wp-json\/wp\/v2\/tags?post=295184"}],"curies":[{"name":"wp","href":"https:\/\/api.w.org\/{rel}","templated":true}]}}