{"id":295193,"date":"2025-12-18T22:54:10","date_gmt":"2025-12-18T22:54:10","guid":{"rendered":"https:\/\/www.europesays.com\/es\/295193\/"},"modified":"2025-12-18T22:54:10","modified_gmt":"2025-12-18T22:54:10","slug":"tres-amigos-18-equipos-y-la-liga-de-baloncesto-que-nacio-en-las-calles-de-almeria","status":"publish","type":"post","link":"https:\/\/www.europesays.com\/es\/295193\/","title":{"rendered":"Tres amigos, 18 equipos y la liga de baloncesto que naci\u00f3 en las calles de Almer\u00eda"},"content":{"rendered":"<p>                                    <img decoding=\"async\" loading=\"lazy\" src=\"https:\/\/www.europesays.com\/es\/wp-content\/uploads\/2025\/12\/66fd587eea56e.jpeg\" alt=\"V\u00edctor Navarro\" width=\"40\" height=\"40\" data-full-src=\"https:\/\/www.europesays.com\/es\/wp-content\/uploads\/2025\/12\/66fd587eea56e.jpeg\"\/><\/p>\n<p class=\"paragraph\">Dicen que las grandes ideas nacen del <b>hast\u00edo<\/b>. De estar hartos de jugar <b>siempre contra los mismos<\/b>, de conocer de memoria cada bote, cada amago y cada triple del colega de enfrente. Eso fue justo lo que les pas\u00f3 a<b> Javier Nadal, Cristian Cuevas y Miguel Dionis, <\/b>tres j\u00f3venes almerienses, a\u00fan en su veintena de edad, que un d\u00eda decidieron que, si no exist\u00eda una comunidad estable de &#8216;<b>streetball<\/b>&#8216; en Almer\u00eda, habr\u00eda que crearla.<b> Bal\u00f3n en mano y sin pedir permiso<\/b>.<\/p>\n<p class=\"paragraph\">Lo suyo era la canasta, pero tambi\u00e9n la cultura urbana, el baloncesto de calle que no entiende de federaciones ni de corbatas. As\u00ed que tiraron de redes sociales <b>para crear una liga<\/b>\u00a0 como quien lanza un triple al ciberespacio: v\u00eddeos, jugadas, estilo callejero y mucha actitud de pista. La llamada tuvo respuesta. Y vaya si la tuvo. <b>Lo que empez\u00f3 siendo un grupito termin\u00f3 convirti\u00e9ndose en una liga 3&#215;3 con 18 equipos, formados por entre tres y cinco jugadores<\/b>. Media Almer\u00eda quer\u00eda jugar.<\/p>\n<p class=\"paragraph\">Las primeras batallas se libraron en las canastas de la <b>Rambla Amatisteros<\/b>, donde el basket se mezclaba con el paseo y los curiosos paraban a ver qui\u00e9n se coronaba como <b>Rey de la Pista.<\/b> All\u00ed desplegaban mates, piques sanos, defensa al l\u00edmite y esa magia que solo aparece cuando el asfalto hace de parquet y la bola emite un sonido singular al acariciar las cadenas que hacen de red. Pero el proyecto ped\u00eda m\u00e1s. Sin perder el alma callejera, <b>la liga estableci\u00f3 su base oficial en las pistas del Colegio Agave, en Hu\u00e9rcal de Almer\u00eda<\/b>, para dar un paso adelante sin dejar de botar bajo.<\/p>\n<p>Gran final<\/p>\n<p class=\"paragraph\">Desde el 5 de octubre, los domingos en el Agave tuvieron due\u00f1o. De 18:30 a 20:30, el bal\u00f3n no descansaba. Hubo enfados, hubo risas, hubo triples imposibles y respeto por el juego. <b>Una liga improvisada, s\u00ed, pero cuidada con mimo por tres organizadores que demostraron que la pasi\u00f3n puede ser el mejor reglamento<\/b>. El final merec\u00eda escenario grande. Y lo tuvo.<\/p>\n<p class=\"paragraph\"><b>El pasado 14 de diciembre<\/b>, y con la lluvia amenazando desde el banquillo,<b> la gran final se traslad\u00f3 al Pabell\u00f3n de Hu\u00e9rcal de Almer\u00eda.<\/b> Desde las 17:30 hasta las 23:00 horas, los equipos del <b>top 9 se jugaron algo m\u00e1s que el t\u00edtulo<\/b>: el orgullo de haber sido parte de algo especial.<\/p>\n<p>Al detalle y fiesta<\/p>\n<p class=\"paragraph\">La fiesta fue completa. La liga la gan\u00f3 el equipo de &#8216;Los Cu\u00f1aos&#8217;, integrado por <b>Cristian Gimeno, Pedro Torrencillas, Hamza Ech chaibi el Faraji y Juan Bailon.<\/b> Pero no s\u00f3lo los jugadores de campo fueron los protagonistas de la jornada. Como si se tratase de un All-Star Game, el d\u00eda cont\u00f3 con un c<b>oncurso <\/b>de salto vertical para los que vuelan,<b> concurso de tiro abierto para los francotiradores<\/b>, <b>premio al mejor speaker<\/b> \u2014porque aqu\u00ed tambi\u00e9n se gana con la voz\u2014 y una barra de hamburguesas y bebidas cortes\u00eda de <b>Kite Burger<\/b> para alimentar cuerpos y egos.<\/p>\n<p class=\"paragraph\">Todo organizado por chavales ajenos a cualquier instituci\u00f3n, pero atentos a cada detalle. Al final, como manda la liturgia, llegaron los premios: <b>MVP (Antonio Lafuente<\/b>)<b>, mejor defensor (Zidane Dos Santos) y mejor tirador<\/b>\u00a0(<b>Sergio I\u00f1iguez<\/b>). Trofeos para una liga amateur que deja su primera huela en la historiograf\u00eda del deporte almeriense. Porque cuando el basket se juega con el coraz\u00f3n, la calle responde. Y en Almer\u00eda, al menos por un tiempo, el bal\u00f3n decidi\u00f3 no parar de botar.<\/p>\n","protected":false},"excerpt":{"rendered":"Dicen que las grandes ideas nacen del hast\u00edo. De estar hartos de jugar siempre contra los mismos, de&hellip;\n","protected":false},"author":2,"featured_media":295194,"comment_status":"","ping_status":"","sticky":false,"template":"","format":"standard","meta":{"footnotes":""},"categories":[269],"tags":[299,298,168,25,24,23,167],"class_list":{"0":"post-295193","1":"post","2":"type-post","3":"status-publish","4":"format-standard","5":"has-post-thumbnail","7":"category-baloncesto","8":"tag-baloncesto","9":"tag-basketball","10":"tag-deportes","11":"tag-es","12":"tag-espana","13":"tag-spain","14":"tag-sports"},"share_on_mastodon":{"url":"https:\/\/pubeurope.com\/@es\/115743035855075058","error":""},"_links":{"self":[{"href":"https:\/\/www.europesays.com\/es\/wp-json\/wp\/v2\/posts\/295193","targetHints":{"allow":["GET"]}}],"collection":[{"href":"https:\/\/www.europesays.com\/es\/wp-json\/wp\/v2\/posts"}],"about":[{"href":"https:\/\/www.europesays.com\/es\/wp-json\/wp\/v2\/types\/post"}],"author":[{"embeddable":true,"href":"https:\/\/www.europesays.com\/es\/wp-json\/wp\/v2\/users\/2"}],"replies":[{"embeddable":true,"href":"https:\/\/www.europesays.com\/es\/wp-json\/wp\/v2\/comments?post=295193"}],"version-history":[{"count":0,"href":"https:\/\/www.europesays.com\/es\/wp-json\/wp\/v2\/posts\/295193\/revisions"}],"wp:featuredmedia":[{"embeddable":true,"href":"https:\/\/www.europesays.com\/es\/wp-json\/wp\/v2\/media\/295194"}],"wp:attachment":[{"href":"https:\/\/www.europesays.com\/es\/wp-json\/wp\/v2\/media?parent=295193"}],"wp:term":[{"taxonomy":"category","embeddable":true,"href":"https:\/\/www.europesays.com\/es\/wp-json\/wp\/v2\/categories?post=295193"},{"taxonomy":"post_tag","embeddable":true,"href":"https:\/\/www.europesays.com\/es\/wp-json\/wp\/v2\/tags?post=295193"}],"curies":[{"name":"wp","href":"https:\/\/api.w.org\/{rel}","templated":true}]}}