{"id":295216,"date":"2025-12-18T23:08:26","date_gmt":"2025-12-18T23:08:26","guid":{"rendered":"https:\/\/www.europesays.com\/es\/295216\/"},"modified":"2025-12-18T23:08:26","modified_gmt":"2025-12-18T23:08:26","slug":"la-jueza-de-la-dana-cita-a-declarar-como-testigo-a-feijoo-el-9-de-enero-en-catarroja","status":"publish","type":"post","link":"https:\/\/www.europesays.com\/es\/295216\/","title":{"rendered":"La jueza de la dana cita a declarar como testigo a Feij\u00f3o el 9 de enero en Catarroja"},"content":{"rendered":"<p class=\"article-text\">\n        La jueza de la dana, la magistrada de Catarroja Nuria Ruiz Tobarra, ha citado a declarar el pr\u00f3ximo 9 de enero en condici\u00f3n de testigo al l\u00edder del PP, Alberto N\u00fa\u00f1ez Feij\u00f3o, seg\u00fan una diligencia de ordenaci\u00f3n de este jueves. La magistrada cita al presidente del PP a las 9.30 en una de las dos salas de vistas del Palacio de Justicia de Catarroja.\n    <\/p>\n<p>    <a href=\"https:\/\/www.eldiario.es\/comunitat-valenciana\/jueza-dana-acuerda-careo-pradas-jefe-gabinete-mazon_1_12849842.html\" data-mrf-recirculation=\"saber-mas\" data-dl-event=\"saber-mas\" rel=\"nofollow noopener\" target=\"_blank\"><\/p>\n<p class=\"know-more__title\">La jueza de la dana ordena un careo entre Pradas y el jefe de Gabinete de Maz\u00f3n<\/p>\n<p>            <img decoding=\"async\" class=\"lazy\" loading=\"lazy\" data-src=\"https:\/\/static.eldiario.es\/clip\/984faeab-a4dd-4eb8-aa00-380d7481fb59_16-9-aspect-ratio_default_0.jpg\" src=\"data:image\/svg+xml,%3Csvg xmlns=\" http:=\"\" viewbox=\"0 0 880 495\" alt=\"La jueza de la dana ordena un careo entre Pradas y el jefe de Gabinete de Maz\u00f3n\"\/><\/p>\n<p>                        <\/a><\/p>\n<p class=\"article-text\">\n        La magistrada <a href=\"https:\/\/www.eldiario.es\/comunitat-valenciana\/jueza-dana-pone-cuerdas-feijoo-obliga-confesar-si-mazon-le-informo-tiempo-real_1_12841648.html\" target=\"_blank\" data-mrf-recirculation=\"links-noticia\" class=\"link\" rel=\"nofollow noopener\">pretende que N\u00fa\u00f1ez Feij\u00f3o aclare si el expresident Carlos Maz\u00f3n<\/a> le inform\u00f3 \u201cen tiempo real\u201d sobre la dana desde la v\u00edspera del 29 de octubre, tr\u00e1gica jornada que dej\u00f3 230 fallecidos.\n    <\/p>\n<p class=\"article-text\">\n        La instructora de la causa tambi\u00e9n ofreci\u00f3 al presidente del PP la posibilidad de aportar voluntariamente la lista de llamadas y los mensajes SMS o whatsapps cruzados con Maz\u00f3n.\n    <\/p>\n<p>    Careo entre Pradas y Cuenca<\/p>\n<p class=\"article-text\">\n        Por otro lado, la misma diligencia de ordenaci\u00f3n tambi\u00e9n ha puesto fecha al careo entre la exconsellera Salom\u00e9 Pradas y el jefe de gabinete de Carlos Maz\u00f3n, el exsecretario auton\u00f3mico Jos\u00e9 Manuel Cuenca. Ser\u00e1 el pr\u00f3ximo 12 de enero, tambi\u00e9n en los juzgados de Catarroja.\n    <\/p>\n<p class=\"article-text\">\n        La magistrada instructora <a href=\"https:\/\/www.eldiario.es\/comunitat-valenciana\/jueza-dana-acuerda-careo-pradas-jefe-gabinete-mazon_1_12849842.html\" target=\"_blank\" data-mrf-recirculation=\"links-noticia\" class=\"link\" rel=\"nofollow noopener\">orden\u00f3 el pasado 16 de diciembre<\/a> el careo tras las evidentes contradicciones entre la declaraci\u00f3n de Pradas y la testifical de Jos\u00e9 Manuel Cuenca.\n    <\/p>\n<p class=\"article-text\">\n        El PP ha reaccionado en un comunicado a la citaci\u00f3n de su l\u00edder. En la nota afirman que no tuvieron \u201cconstancia documental\u201d cuando el d\u00eda 12 de diciembre se anunci\u00f3 que Feij\u00f3o iba a ser citado y tampoco han recibido \u201chasta el momento notificaci\u00f3n alguna acerca de la fecha de la que se hacen eco los medios de comunicaci\u00f3n\u201d.\n    <\/p>\n<p>    <a href=\"https:\/\/www.eldiario.es\/comunitat-valenciana\/jueza-dana-pone-cuerdas-feijoo-obliga-confesar-si-mazon-le-informo-tiempo-real_1_12841648.html\" data-mrf-recirculation=\"saber-mas-abajo\" data-dl-event=\"saber-mas-abajo\" rel=\"nofollow noopener\" target=\"_blank\"><\/p>\n<p class=\"know-more__title\">La jueza de la dana pone contra las cuerdas a Feij\u00f3o y lo obliga a confesar si Maz\u00f3n le inform\u00f3 \u201cen tiempo real\u201d<\/p>\n<p>            <img decoding=\"async\" class=\"lazy\" loading=\"lazy\" data-src=\"https:\/\/static.eldiario.es\/clip\/d6ef3ba4-2fda-4006-a412-c640f0076d7a_16-9-aspect-ratio_default_0.jpg\" src=\"data:image\/svg+xml,%3Csvg xmlns=\" http:=\"\" viewbox=\"0 0 880 495\" alt=\"La jueza de la dana pone contra las cuerdas a Feij\u00f3o y lo obliga a confesar si Maz\u00f3n le inform\u00f3 &quot;en tiempo real&quot;\"\/><\/p>\n<p>                        <\/a><\/p>\n<p class=\"article-text\">\n        \u201cTampoco se ha recibido ning\u00fan auto que haga referencia a los mensajes privados de Carlos Maz\u00f3n con el presidente nacional del Partido Popular\u201d, reza el comunicado y a\u00f1ade: \u201cNo por enterarnos por la prensa de las decisiones del Juzgado vamos a hablar de persecuci\u00f3n judicial. No somos el PSOE y no vamos a decir que en nuestro pa\u00eds hay jueces que prevarican o que existe lawfare\u201d. Por \u00faltimo, el comunicado afirma que Feij\u00f3o, \u201ccomo no podr\u00eda ser de otra manera, colaborar\u00e1 con la Justicia y responder\u00e1 a todas las preguntas pese a haber estado a 350 km de la gesti\u00f3n de la crisis de la dana\u201d.\n    <\/p>\n","protected":false},"excerpt":{"rendered":"La jueza de la dana, la magistrada de Catarroja Nuria Ruiz Tobarra, ha citado a declarar el pr\u00f3ximo&hellip;\n","protected":false},"author":2,"featured_media":295217,"comment_status":"","ping_status":"","sticky":false,"template":"","format":"standard","meta":{"footnotes":""},"categories":[8],"tags":[517,2206,1705,17,18,3965,242,25,24,13,14,11,1667,19,20,9,10,15,16,1925,23,12,21,22,235],"class_list":{"0":"post-295216","1":"post","2":"type-post","3":"status-publish","4":"format-standard","5":"has-post-thumbnail","7":"category-espana","8":"tag-actualidad","9":"tag-alicante","10":"tag-analisis","11":"tag-breaking-news","12":"tag-breakingnews","13":"tag-castellon","14":"tag-comunidad-valenciana","15":"tag-es","16":"tag-espana","17":"tag-featured-news","18":"tag-featurednews","19":"tag-headlines","20":"tag-informacion","21":"tag-latest-news","22":"tag-latestnews","23":"tag-news","24":"tag-noticias","25":"tag-noticias-destacadas","26":"tag-noticiasdestacadas","27":"tag-opinion","28":"tag-spain","29":"tag-titulares","30":"tag-ultimas-noticias","31":"tag-ultimasnoticias","32":"tag-valencia"},"share_on_mastodon":{"url":"https:\/\/pubeurope.com\/@es\/115743090719603392","error":""},"_links":{"self":[{"href":"https:\/\/www.europesays.com\/es\/wp-json\/wp\/v2\/posts\/295216","targetHints":{"allow":["GET"]}}],"collection":[{"href":"https:\/\/www.europesays.com\/es\/wp-json\/wp\/v2\/posts"}],"about":[{"href":"https:\/\/www.europesays.com\/es\/wp-json\/wp\/v2\/types\/post"}],"author":[{"embeddable":true,"href":"https:\/\/www.europesays.com\/es\/wp-json\/wp\/v2\/users\/2"}],"replies":[{"embeddable":true,"href":"https:\/\/www.europesays.com\/es\/wp-json\/wp\/v2\/comments?post=295216"}],"version-history":[{"count":0,"href":"https:\/\/www.europesays.com\/es\/wp-json\/wp\/v2\/posts\/295216\/revisions"}],"wp:featuredmedia":[{"embeddable":true,"href":"https:\/\/www.europesays.com\/es\/wp-json\/wp\/v2\/media\/295217"}],"wp:attachment":[{"href":"https:\/\/www.europesays.com\/es\/wp-json\/wp\/v2\/media?parent=295216"}],"wp:term":[{"taxonomy":"category","embeddable":true,"href":"https:\/\/www.europesays.com\/es\/wp-json\/wp\/v2\/categories?post=295216"},{"taxonomy":"post_tag","embeddable":true,"href":"https:\/\/www.europesays.com\/es\/wp-json\/wp\/v2\/tags?post=295216"}],"curies":[{"name":"wp","href":"https:\/\/api.w.org\/{rel}","templated":true}]}}