{"id":295218,"date":"2025-12-18T23:09:10","date_gmt":"2025-12-18T23:09:10","guid":{"rendered":"https:\/\/www.europesays.com\/es\/295218\/"},"modified":"2025-12-18T23:09:10","modified_gmt":"2025-12-18T23:09:10","slug":"la-firma-del-acuerdo-comercial-entre-la-union-europea-y-mercosur-se-pospone-a-enero","status":"publish","type":"post","link":"https:\/\/www.europesays.com\/es\/295218\/","title":{"rendered":"La firma del acuerdo comercial entre la Uni\u00f3n Europea y Mercosur se pospone a enero"},"content":{"rendered":"<p style=\"\">La presidenta de la Comisi\u00f3n Europea, <a href=\"https:\/\/www.abc.es\/noticias\/ursula-von-der-leyen\/\" title=\"www.abc.es\" data-voc-vtm-id=\"in-text-traffic\" data-mrf-link=\"www.abc.es\" rel=\"nofollow noopener\" target=\"_blank\">\u00darsula von der Leyen<\/a>, ha anunciado a los l\u00edderes europeos que el acuerdo comercial entre la UE y Mercosur <strong>se firmar\u00e1 en enero y no este fin de semana<\/strong>, como se hab\u00eda previsto en las estimaciones m\u00e1s  &#8230; optimistas. Las declaraciones del presidente franc\u00e9s, <a href=\"https:\/\/www.abc.es\/noticias\/emmanuel-macron\/\" title=\"www.abc.es\" data-voc-vtm-id=\"in-text-traffic\" data-mrf-link=\"www.abc.es\" rel=\"nofollow noopener\" target=\"_blank\">Emmanuel Macron<\/a>, a su llegada a Bruselas descartaban tanto la posibilidad de que los pa\u00edses votasen la ratificaci\u00f3n del acuerdo pol\u00edtico ya existente como los planes de cerrarlo en la cumbre semestral del Mercosur, que se celebrar\u00e1 en la ciudad de Foz do Igua\u00e7u, en el sur de Brasil.<\/p>\n<p class=\"voc-p\" style=\"\">Macron hab\u00eda dicho claramente que, en su opini\u00f3n, <strong>\u00abeste acuerdo no se puede firmar\u00bb<\/strong> y lo ha hecho en nombre de \u00abla coherencia de Europa que protege a sus agricultores\u00bb. \u00abEstamos a favor del comercio, Francia es un gigante en agricultura, en exportar alimentos, pero no podemos sacrificar la coherencia de nuestra agricultura de nuestra alimentaci\u00f3n, la seguridad alimentaria de nuestros ciudadanos\u00bb, ha recalcado.<\/p>\n<p class=\"voc-p\" style=\"\">El acuerdo con Mercosur no est\u00e1 en el orden del d\u00eda del <strong>Consejo Europeo<\/strong> que se celebra estos d\u00edas en la capital comunitaria, pero se esperaba que <a href=\"https:\/\/www.abc.es\/economia\/eurocamara-endurece-acuerdo-mercosur-ultima-hora-voten-20251216143229-nt_amp.html\" target=\"_self\" data-voc-vtm-id=\"in-text-traffic\" title=\"algunos presidentes intercambiasen opiniones sobre el caso.\" data-mrf-link=\"www.abc.es\" rel=\"nofollow noopener\">algunos presidentes intercambiasen opiniones sobre el caso.<\/a> Giorgia Meloni, la primera ministra de <strong>Italia<\/strong>, por ejemplo, hab\u00eda dicho que, antes de dar su visto bueno, necesitaba explicaciones, lo que ha bastado para proporcionar un respaldo a Francia, que estaba aislada en su posici\u00f3n. <strong>Alemania<\/strong>, que se interesa m\u00e1s por las posibilidades de exportar en condiciones preferentes al mercado que representan los pa\u00edses del <strong>Cono Sur<\/strong>, insiste en que el acuerdo ha de ser aceptado por todos los pa\u00edses cuanto antes. <\/p>\n<p class=\"voc-p\" style=\"\">A la entrada del Consejo, Macron ha asegurado que las cl\u00e1usulas de salvaguardia que aprob\u00f3 esta semana el Parlamento Europeo no son suficientes y ha dado a entender que al menos <strong>esperar\u00e1 a enero, cuando se re\u00fanan<\/strong> determinados comit\u00e9s para estudiar las llamadas \u00abcl\u00e1usulas espejo\u00bb que tienen que determinar si en los pa\u00edses americanos se respetan las mismas normas en materia de productos fitosanitarios.<\/p>\n<p>\nM\u00e1s seguridad\n<\/p>\n<p class=\"voc-p\" style=\"\">Respecto a la cl\u00e1usula de salvaguardia que permite frenar las importaciones de productos cuando se produzcan distorsiones en el mercado, Macron ha indicado que \u00abla Comisi\u00f3n hizo una propuesta, el Parlamento la ha mejorado, <strong>pero a\u00fan no ha terminado la discusi\u00f3n<\/strong>. Ayer mismo (mi\u00e9rcoles) a\u00fan segu\u00edan las discusiones y ni siquiera se vot\u00f3, por lo que a\u00fan no est\u00e1 listo. Es un paso en la buena direcci\u00f3n pero los agricultores y yo queremos ver el precio\u00bb.<\/p>\n<p class=\"voc-p\" style=\"\">Macron reclama tambi\u00e9n clausulas adicionales de reciprocidad. \u00abEs f\u00e1cil de entender. Cuando se les ha pedido esfuerzos a los agricultores y se les ha prohibido utilizar ciertos pesticidas o determinadas mol\u00e9culas en nombre de la<strong> seguridad alimentaria<\/strong>, eso les ha hecho la vida m\u00e1s dif\u00edcil. les ha costado esfuerzos y dinero y hoy queremos abrir nuestro mercado a gente <strong>que no respeta esas mismas reglas.<\/strong> Es absurdo. Queremos reciprocidad\u00bb.<\/p>\n<p class=\"voc-p\" style=\"\">Seg\u00fan Macron, la Comisi\u00f3n habr\u00eda puesto ciertas ideas sobre la mesa \u00aby hay comit\u00e9s que se reunir\u00e1n en enero\u00bb, lo que significa que Francia prefiere esperar. Y adem\u00e1s, <strong>\u00abhacen falta controles en frontera que a\u00fan no existen\u00bb<\/strong> para comprobar si se respetan estas cl\u00e1usulas. \u00abQuiero una Europa que proteja y que proteja a sus agricultores para que no se vean atacados de manera injusta por productos que vienen del exterior\u00bb.<\/p>\n","protected":false},"excerpt":{"rendered":"La presidenta de la Comisi\u00f3n Europea, \u00darsula von der Leyen, ha anunciado a los l\u00edderes europeos que el&hellip;\n","protected":false},"author":2,"featured_media":295219,"comment_status":"","ping_status":"","sticky":false,"template":"","format":"standard","meta":{"footnotes":""},"categories":[5],"tags":[945,4647,17,18,25,24,13,14,317,11,19,20,28069,9,10,15,16,3041,3635,23,12,943,21,22],"class_list":{"0":"post-295218","1":"post","2":"type-post","3":"status-publish","4":"format-standard","5":"has-post-thumbnail","7":"category-titulares","8":"tag-acuerdo","9":"tag-aire","10":"tag-breaking-news","11":"tag-breakingnews","12":"tag-es","13":"tag-espana","14":"tag-featured-news","15":"tag-featurednews","16":"tag-francia","17":"tag-headlines","18":"tag-latest-news","19":"tag-latestnews","20":"tag-mercosur","21":"tag-news","22":"tag-noticias","23":"tag-noticias-destacadas","24":"tag-noticiasdestacadas","25":"tag-queda","26":"tag-rechazo","27":"tag-spain","28":"tag-titulares","29":"tag-ue","30":"tag-ultimas-noticias","31":"tag-ultimasnoticias"},"share_on_mastodon":{"url":"https:\/\/pubeurope.com\/@es\/115743094453941990","error":""},"_links":{"self":[{"href":"https:\/\/www.europesays.com\/es\/wp-json\/wp\/v2\/posts\/295218","targetHints":{"allow":["GET"]}}],"collection":[{"href":"https:\/\/www.europesays.com\/es\/wp-json\/wp\/v2\/posts"}],"about":[{"href":"https:\/\/www.europesays.com\/es\/wp-json\/wp\/v2\/types\/post"}],"author":[{"embeddable":true,"href":"https:\/\/www.europesays.com\/es\/wp-json\/wp\/v2\/users\/2"}],"replies":[{"embeddable":true,"href":"https:\/\/www.europesays.com\/es\/wp-json\/wp\/v2\/comments?post=295218"}],"version-history":[{"count":0,"href":"https:\/\/www.europesays.com\/es\/wp-json\/wp\/v2\/posts\/295218\/revisions"}],"wp:featuredmedia":[{"embeddable":true,"href":"https:\/\/www.europesays.com\/es\/wp-json\/wp\/v2\/media\/295219"}],"wp:attachment":[{"href":"https:\/\/www.europesays.com\/es\/wp-json\/wp\/v2\/media?parent=295218"}],"wp:term":[{"taxonomy":"category","embeddable":true,"href":"https:\/\/www.europesays.com\/es\/wp-json\/wp\/v2\/categories?post=295218"},{"taxonomy":"post_tag","embeddable":true,"href":"https:\/\/www.europesays.com\/es\/wp-json\/wp\/v2\/tags?post=295218"}],"curies":[{"name":"wp","href":"https:\/\/api.w.org\/{rel}","templated":true}]}}