{"id":295226,"date":"2025-12-18T23:19:12","date_gmt":"2025-12-18T23:19:12","guid":{"rendered":"https:\/\/www.europesays.com\/es\/295226\/"},"modified":"2025-12-18T23:19:12","modified_gmt":"2025-12-18T23:19:12","slug":"comunicacion-oficial-de-giorgina-uzcategui-en-plena-polemica-con-topuria","status":"publish","type":"post","link":"https:\/\/www.europesays.com\/es\/295226\/","title":{"rendered":"Comunicaci\u00f3n oficial de Giorgina Uzcategui en plena pol\u00e9mica con Topuria"},"content":{"rendered":"<p data-start=\"180\" data-end=\"1205\">El pasado 15 de diciembre, <strong>Ilia Topuria<\/strong>, campe\u00f3n mundial de peso ligero de la UFC, sorprendi\u00f3 a sus seguidores al emitir un comunicado en sus redes sociales que <a href=\"https:\/\/okdiario.com\/look\/actualidad\/repasamos-historia-ilia-topuria-giorgina-uzcategui-mitad-polemic-2450006\" rel=\"nofollow noopener\" target=\"_blank\">reaviv\u00f3 los rumores sobre una posible separaci\u00f3n de su mujer, Giorgina Uzcategui.<\/a> En el texto, el luchador hispano-georgiano asegur\u00f3 haber vivido en los \u00faltimos meses situaciones que <strong>\u00abamenazan tu paz, tu familia y tu nombre\u00bb<\/strong>, refiri\u00e9ndose a presuntas intimidaciones mediante las que se le exig\u00eda dinero para frenar la difusi\u00f3n de <strong>\u00abinfundadas acusaciones de malos tratos\u00bb<\/strong>. Topuria indic\u00f3 que todo ya se encuentra en manos de la justicia, pero justific\u00f3 su decisi\u00f3n de hacer p\u00fablico el asunto argumentando que \u00abmantener el silencio para proteger a mis hijos, que <strong>son los pilares de mi vida, ya no es suficiente; es permitir que la mentira siga creciendo\u00bb<\/strong>. Aunque no mencion\u00f3 directamente a Giorgina Uzcategui, el comunicado fue interpretado como un reconocimiento velado de los rumores de ruptura que circulaban desde hace meses en distintos medios especializados.<\/p>\n<p data-start=\"1207\" data-end=\"2337\">Tres d\u00edas despu\u00e9s, el 18 de diciembre, Giorgina Uzcategui ha decidido romper tambi\u00e9n su silencio, pero de manera medida y a trav\u00e9s de sus abogados. El comunicado subraya que <strong>\u00aben la actualidad existe un procedimiento judicial en curso que afecta de manera directa a una menor de edad\u00bb<\/strong> y que se trata de un proceso \u00abestrictamente privado y familiar\u00bb. Por ello, la empresaria venezolana ha optado \u00abexpresamente por no realizar manifestaciones p\u00fablicas\u00bb y por canalizar la situaci\u00f3n \u00abdesde el m\u00e1ximo respeto al procedimiento y a las personas implicadas\u00bb. La misiva concluye con una petici\u00f3n clara a los medios: evitar alimentar <strong>\u00abespeculaciones o juicios paralelos\u00bb<\/strong> y actuar con prudencia y responsabilidad, dejando constancia de que no se har\u00e1n m\u00e1s declaraciones p\u00fablicas fuera del \u00e1mbito judicial. Esta postura contrasta con la adoptada por Topuria, quien decidi\u00f3 arrojar luz sobre su vida privada, defendiendo su reputaci\u00f3n y la integridad de sus hijos. \u00abQuienes me conocen saben que jam\u00e1s he ejercido violencia contra nadie y que mis valores siempre han sido los del respeto, la disciplina y la honestidad\u00bb, escribi\u00f3.<\/p>\n<blockquote class=\"instagram-media\" style=\"background: #FFF; border: 0; border-radius: 3px; box-shadow: 0 0 1px 0 rgba(0,0,0,0.5),0 1px 10px 0 rgba(0,0,0,0.15); margin: 1px; max-width: 540px; min-width: 326px; padding: 0; width: calc(100% - 2px);\" data-instgrm-captioned=\"\" data-instgrm-permalink=\"https:\/\/www.instagram.com\/p\/DSSIdnGDJKi\/?utm_source=ig_embed&amp;utm_campaign=loading\" data-instgrm-version=\"14\">\n<\/blockquote>\n<p data-start=\"2339\" data-end=\"3124\">Los rumores sobre la ruptura no son recientes. Desde hace meses, algunos medios se\u00f1alaban que la relaci\u00f3n atravesaba dificultades, aunque el equipo de comunicaci\u00f3n de Topuria pidi\u00f3 cautela y no confirm\u00f3 oficialmente la separaci\u00f3n. Se especulaba tambi\u00e9n con que ciertos contratos publicitarios en vigor podr\u00edan haberse visto condicionados por la exposici\u00f3n de su situaci\u00f3n personal, lo que habr\u00eda motivado una estrategia de silencio y contenci\u00f3n medi\u00e1tica. Sin embargo, tanto Ilia como Giorgina continuaron mostrando en sus redes sociales instant\u00e1neas desde su vivienda familiar en Madrid, <a href=\"https:\/\/okdiario.com\/look\/actualidad\/celebridades-vuelcan-ilia-topuria-preocupante-comunicado-del-campeon-ufc-2449828\" rel=\"nofollow noopener\" target=\"_blank\">una casa de est\u00e9tica moderna y minimalista, dando la impresi\u00f3n de que segu\u00edan compartiendo su vida juntos<\/a>, lo que contrastaba con los rumores que apuntaban a un distanciamiento.<\/p>\n<p data-start=\"3126\" data-end=\"3661\">El propio campe\u00f3n hab\u00eda reconocido p\u00fablicamente a finales de noviembre que estaba atravesando <strong>\u00abun momento dif\u00edcil\u00bb<\/strong> en su vida personal y anunci\u00f3 un par\u00f3n en su carrera dentro de la UFC para centrarse en su familia y sus hijos. Este mensaje gener\u00f3 a\u00fan m\u00e1s especulaci\u00f3n, ya que lleg\u00f3 despu\u00e9s de meses de espera por sus pr\u00f3ximas peleas, en un contexto en el que algunos medios se\u00f1alaban que <strong>los desaf\u00edos personales -posiblemente vinculados a su relaci\u00f3n con Giorgina-<\/strong> estaban influyendo en su decisi\u00f3n de aplazar su regreso al oct\u00e1gono.<\/p>\n<p>\n<img decoding=\"async\" loading=\"lazy\" class=\"size-full wp-image-2452990\" alt=\"Ilia Topuria y Giorgina Uzcategui Badell en un evento. (Foto: Gtres)\" width=\"1671\" height=\"2560\"  src=\"https:\/\/www.europesays.com\/es\/wp-content\/uploads\/2025\/12\/placeholder.jpg\"  bad-src=\"https:\/\/www.europesays.com\/es\/wp-content\/uploads\/2025\/12\/placeholder.jpg\"\/><\/p>\n<p><img decoding=\"async\" loading=\"lazy\" class=\"size-full wp-image-2452990\" src=\"https:\/\/www.europesays.com\/es\/wp-content\/uploads\/2025\/12\/u565069_060-1-scaled.jpg\" alt=\"Ilia Topuria y Giorgina Uzcategui Badell en un evento. (Foto: Gtres)\" width=\"1671\" height=\"2560\"  \/><\/p>\n<p> Ilia Topuria y Giorgina Uzcategui Badell en un evento. (Foto: Gtres)\n<\/p>\n<p data-start=\"3663\" data-end=\"4398\"><a href=\"https:\/\/okdiario.com\/look\/actualidad\/celebridades-vuelcan-ilia-topuria-preocupante-comunicado-del-campeon-ufc-2449828\" rel=\"nofollow noopener\" target=\"_blank\">Ilia Topuria y Giorgina Uzcategui tienen una hija en com\u00fan, tambi\u00e9n llamada Giorgina, nacida en 2024<\/a>, un a\u00f1o y medio despu\u00e9s de conocerse en una cena con amigos. La pareja tambi\u00e9n convive con Hugo, hijo de Ilia fruto de una relaci\u00f3n anterior. La familia ha sido siempre la prioridad del campe\u00f3n, quien ha declarado en diversas entrevistas que su c\u00edrculo \u00edntimo, que incluye a sus padres, hermanos y amigos cercanos, es el pilar fundamental que mueve su vida. La relaci\u00f3n con Giorgina Uzcategui, que <strong>se ha prolongado durante cuatro a\u00f1os,<\/strong> parece estar llegando a su fin en un contexto de tensi\u00f3n y procesos judiciales, <strong>donde la privacidad de su hija y la protecci\u00f3n de su familia se sit\u00faan por encima de cualquier exposici\u00f3n medi\u00e1tica.<\/strong><\/p>\n<p data-start=\"4400\" data-end=\"4896\">En este nuevo cap\u00edtulo, la comunicaci\u00f3n ha quedado dividida: Topuria opt\u00f3 por la visibilidad para defender su nombre, mientras que <strong>Giorgina ha preferido la discreci\u00f3n<\/strong>, dejando claro que los asuntos familiares deben manejarse con respeto al procedimiento legal y a la intimidad de los menores involucrados. Esta diferencia en la estrategia medi\u00e1tica ha generado un intenso debate sobre la vida privada de ambos, que, hasta ahora, hab\u00eda permanecido relativamente al margen de la atenci\u00f3n p\u00fablica.<\/p>\n<p>\t\t\t\t\t\t\t<script async src=\"\/\/www.instagram.com\/embed.js\"><\/script><\/p>\n","protected":false},"excerpt":{"rendered":"El pasado 15 de diciembre, Ilia Topuria, campe\u00f3n mundial de peso ligero de la UFC, sorprendi\u00f3 a sus&hellip;\n","protected":false},"author":2,"featured_media":295227,"comment_status":"","ping_status":"","sticky":false,"template":"","format":"standard","meta":{"footnotes":""},"categories":[174],"tags":[255,146,147,25,24,256,64961,23],"class_list":{"0":"post-295226","1":"post","2":"type-post","3":"status-publish","4":"format-standard","5":"has-post-thumbnail","7":"category-famosos","8":"tag-celebrities","9":"tag-entertainment","10":"tag-entretenimiento","11":"tag-es","12":"tag-espana","13":"tag-famosos","14":"tag-giorgina-uzcategui","15":"tag-spain"},"share_on_mastodon":{"url":"https:\/\/pubeurope.com\/@es\/115743135198158299","error":""},"_links":{"self":[{"href":"https:\/\/www.europesays.com\/es\/wp-json\/wp\/v2\/posts\/295226","targetHints":{"allow":["GET"]}}],"collection":[{"href":"https:\/\/www.europesays.com\/es\/wp-json\/wp\/v2\/posts"}],"about":[{"href":"https:\/\/www.europesays.com\/es\/wp-json\/wp\/v2\/types\/post"}],"author":[{"embeddable":true,"href":"https:\/\/www.europesays.com\/es\/wp-json\/wp\/v2\/users\/2"}],"replies":[{"embeddable":true,"href":"https:\/\/www.europesays.com\/es\/wp-json\/wp\/v2\/comments?post=295226"}],"version-history":[{"count":0,"href":"https:\/\/www.europesays.com\/es\/wp-json\/wp\/v2\/posts\/295226\/revisions"}],"wp:featuredmedia":[{"embeddable":true,"href":"https:\/\/www.europesays.com\/es\/wp-json\/wp\/v2\/media\/295227"}],"wp:attachment":[{"href":"https:\/\/www.europesays.com\/es\/wp-json\/wp\/v2\/media?parent=295226"}],"wp:term":[{"taxonomy":"category","embeddable":true,"href":"https:\/\/www.europesays.com\/es\/wp-json\/wp\/v2\/categories?post=295226"},{"taxonomy":"post_tag","embeddable":true,"href":"https:\/\/www.europesays.com\/es\/wp-json\/wp\/v2\/tags?post=295226"}],"curies":[{"name":"wp","href":"https:\/\/api.w.org\/{rel}","templated":true}]}}