{"id":295251,"date":"2025-12-18T23:38:17","date_gmt":"2025-12-18T23:38:17","guid":{"rendered":"https:\/\/www.europesays.com\/es\/295251\/"},"modified":"2025-12-18T23:38:17","modified_gmt":"2025-12-18T23:38:17","slug":"el-patrimonio-perdido-de-arantxa-sanchez-vicario-del-exito-millonario-en-el-tenis-a-los-anos-mas-duros-de-su-vida","status":"publish","type":"post","link":"https:\/\/www.europesays.com\/es\/295251\/","title":{"rendered":"El patrimonio perdido de Arantxa S\u00e1nchez Vicario: del \u00e9xito millonario en el tenis a los a\u00f1os m\u00e1s duros de su vida"},"content":{"rendered":"<p><img alt=\"Arantxa S\u00e1nchez Vicario en una\" class=\"global-image\" decoding=\"async\" fetchpriority=\"high\" height=\"2904\" loading=\"eager\" src=\"https:\/\/www.europesays.com\/es\/wp-content\/uploads\/2025\/12\/D2XF3OUXNRHQFKQSZMAH3RFEMY.jpg\" width=\"3872\"\/>Arantxa S\u00e1nchez Vicario en una imagen de archivo. (Josefina Blanco \/ Europa Press)<\/p>\n<p class=\"paragraph\">Este 18 de diciembre, <a rel=\"noopener noreferrer nofollow\" href=\"https:\/\/www.infobae.com\/espana\/2025\/10\/11\/el-embargo-del-yate-de-arantxa-sanchez-vicario-y-santacana-reaviva-el-conflicto-legal-de-la-expareja-a-quien-pertenece-la-embarcacion\/\" target=\"_self\" title=\"https:\/\/www.infobae.com\/espana\/2025\/10\/11\/el-embargo-del-yate-de-arantxa-sanchez-vicario-y-santacana-reaviva-el-conflicto-legal-de-la-expareja-a-quien-pertenece-la-embarcacion\/\">Arantxa S\u00e1nchez Vicario<\/a> celebra su 54 cumplea\u00f1os lejos de los focos deportivos que durante a\u00f1os la acompa\u00f1aron. A sus espaldas queda una carrera hist\u00f3rica en el tenis mundial, pero tambi\u00e9n una etapa personal y econ\u00f3mica marcada por <b>conflictos, p\u00e9rdidas y procesos judiciales<\/b> que todav\u00eda hoy siguen abiertos. Lejos de ser una fecha festiva, el aniversario llega en uno de los momentos m\u00e1s delicados de su vida.<\/p>\n<p class=\"paragraph\">El a\u00f1o 2025 no ha sido especialmente amable con la extenista. El pasado mes de octubre se conoc\u00eda una nueva resoluci\u00f3n judicial en Estados Unidos que volv\u00eda a poner el foco sobre su <b>complicada situaci\u00f3n econ\u00f3mica<\/b>. Un tribunal del condado de Miami (Florida), con la magistrada Yadira Pedraza al frente, fallaba a favor de su exmarido, <a rel=\"noopener noreferrer nofollow\" href=\"https:\/\/www.infobae.com\/espana\/2025\/10\/14\/arantxa-sanchez-vicario-y-josep-santacana-haran-efectivo-su-divorcio-en-2026-la-fecha-del-juicio\/\" target=\"_self\" title=\"https:\/\/www.infobae.com\/espana\/2025\/10\/14\/arantxa-sanchez-vicario-y-josep-santacana-haran-efectivo-su-divorcio-en-2026-la-fecha-del-juicio\/\">Josep Santacana<\/a>, y condenaba a S\u00e1nchez Vicario a pagar las costas derivadas del impago de la manutenci\u00f3n de sus hijos.<\/p>\n<p class=\"paragraph\">La cantidad, algo superior a los 1.700 d\u00f3lares, corresponde a los honorarios del abogado de Santacana, los servicios del int\u00e9rprete y los intereses generados por los retrasos acumulados. Seg\u00fan consta en la resoluci\u00f3n, el tribunal determin\u00f3 que la deportista<b> incumpli\u00f3 durante quince meses <\/b>consecutivos su obligaci\u00f3n de abonar dicha manutenci\u00f3n. No fue hasta el 12 de diciembre de 2023 cuando regulariz\u00f3 los pagos, cinco meses despu\u00e9s de que su todav\u00eda marido presentara la reclamaci\u00f3n formal.<\/p>\n<p><img alt=\"Arantxa S\u00e1nchez Vicario en una\" class=\"global-image\" decoding=\"async\" fetchpriority=\"low\" height=\"1440\" loading=\"lazy\" src=\"https:\/\/www.europesays.com\/es\/wp-content\/uploads\/2025\/12\/5XE2LEUNLNEERIJVN5R2C7LPBE.jpg\" width=\"1920\"\/>Arantxa S\u00e1nchez Vicario en una imagen de archivo. (Europa Press)<\/p>\n<p class=\"paragraph\">Un rev\u00e9s judicial que no hizo m\u00e1s que agravar una <a rel=\"noopener noreferrer nofollow\" href=\"https:\/\/www.infobae.com\/espana\/2023\/09\/26\/asi-es-la-vida-de-arantxa-sanchez-vicario-en-miami-da-clases-de-tenis-por-150-o-200-dolares-cada-hora\/\" target=\"_self\" title=\"https:\/\/www.infobae.com\/espana\/2023\/09\/26\/asi-es-la-vida-de-arantxa-sanchez-vicario-en-miami-da-clases-de-tenis-por-150-o-200-dolares-cada-hora\/\">situaci\u00f3n financiera<\/a> ya de por s\u00ed compleja. Porque si algo define la \u00faltima d\u00e9cada en la vida de Arantxa S\u00e1nchez Vicario es el<b> contraste brutal entre lo que fue y lo que es<\/b>.<\/p>\n<p class=\"paragraph\">Durante su etapa como profesional, Arantxa S\u00e1nchez Vicario lleg\u00f3 a acumular una<b> fortuna estimada en unos 30 millones<\/b> de d\u00f3lares, cerca de 24 millones de euros al cambio actual. Premios deportivos, contratos publicitarios y acuerdos comerciales convirtieron a la tenista en una de las deportistas espa\u00f1olas mejor pagadas de su generaci\u00f3n. Sin embargo, ese patrimonio se fue diluyendo hasta <a rel=\"noopener noreferrer nofollow\" href=\"https:\/\/www.infobae.com\/espana\/2025\/08\/08\/nuevo-giro-en-el-caso-josep-santancana-y-arantxa-sanchez-vicario-un-juez-ordena-el-embargo-del-yate-de-la-expareja\/\" target=\"_self\" title=\"https:\/\/www.infobae.com\/espana\/2025\/08\/08\/nuevo-giro-en-el-caso-josep-santancana-y-arantxa-sanchez-vicario-un-juez-ordena-el-embargo-del-yate-de-la-expareja\/\">pr\u00e1cticamente desaparecer<\/a>.<\/p>\n<p class=\"paragraph\">Hasta su segunda boda en 2008 con Josep Santacana, la gesti\u00f3n de su econom\u00eda hab\u00eda estado en manos de su padre, Emilio S\u00e1nchez. Fue tras ese matrimonio cuando Arantxa rompi\u00f3 con esa estructura y decidi\u00f3 <b>delegar por completo sus asuntos financieros en su marido<\/b>, pese a que este arrastraba antecedentes judiciales por estafa y una larga lista de deudas con particulares, empresas y entidades bancarias como Sabadell o La Caixa.<\/p>\n<p class=\"paragraph\">Los padres de la extenista llegaron a gastar cerca de 100.000 euros en investigar el pasado profesional de Santacana y, al detectar irregularidades,<b> aconsejaron a su hija firmar capitulaciones matrimoniales<\/b>. La idea era que Arantxa renunciara a su fortuna para demostrar que el matrimonio se basaba \u00fanicamente en el amor. Santacana rechaz\u00f3 esa propuesta.<\/p>\n<p class=\"paragraph\">En aquel momento, S\u00e1nchez Vicario era propietaria de un importante<b> patrimonio inmobiliario valorado en unos 17 millones de euros<\/b>. Entre sus bienes figuraban una vivienda en la avenida Diagonal de Barcelona, un piso vacacional en S\u2019Agar\u00f3, un chalet de lujo en Formentera, plazas de aparcamiento en Sant Just, un piso en Esplugues de Llobregat y otro en Andorra. Adem\u00e1s, contaba con sociedades en Uruguay y cuentas y fondos de inversi\u00f3n en Andorra, Suiza y Luxemburgo. Gran parte de ese patrimonio termin\u00f3, con el tiempo, bajo el control de su exmarido.<\/p>\n<p class=\"paragraph\">La ca\u00edda econ\u00f3mica comenz\u00f3 con inversiones fallidas, como su exposici\u00f3n a la<b> estafa piramidal de Bernard Madoff<\/b>, y se agrav\u00f3 con la crisis inmobiliaria en Espa\u00f1a. Pero el golpe definitivo lleg\u00f3 con la gesti\u00f3n de Santacana, quien fue transfiriendo propiedades de Arantxa a empresas de su entorno. Incluso el piso de la avenida Diagonal donde reside la madre de la extenista pas\u00f3 a manos de su ex, seg\u00fan fuentes cercanas.<\/p>\n<p><img alt=\"19\/01\/2024 Josep Santacana&#13;&#10;EUROPA ESPA\u00d1A SOCIEDAD&#13;&#10;\" class=\"global-image\" decoding=\"async\" fetchpriority=\"low\" height=\"998\" loading=\"lazy\" src=\"https:\/\/www.europesays.com\/es\/wp-content\/uploads\/2025\/12\/TXAKCC33SZF3BJEQD4GFAF6NWY.jpg\" width=\"1330\"\/>19\/01\/2024 Josep Santacana&#13;<br \/>\nEUROPA ESPA\u00d1A SOCIEDAD&#13;<\/p>\n<p class=\"paragraph\">A nivel familiar, la situaci\u00f3n provoc\u00f3 una fractura profunda. Especialmente con su hermano Javier, a quien Arantxa lleg\u00f3 a acusar de haberse beneficiado de su dinero. Durante los primeros a\u00f1os de matrimonio, la tenista lleg\u00f3 a convencerse de que<b> su familia hab\u00eda actuado en su contra <\/b>y de que solo su marido pod\u00eda protegerla.<\/p>\n<p class=\"paragraph\">Como consecuencia de esto, S\u00e1nchez Vicario afronta adem\u00e1s una reclamaci\u00f3n de 7,5 millones de euros por parte de un banco de Luxemburgo, un procedimiento que podr\u00eda tener consecuencias penales si no se resuelve a su favor.<\/p>\n<p class=\"paragraph\">Arantxa S\u00e1nchez Vicario y Josep Santacana <b>contin\u00faan legalmente casados <\/b>a la espera de que se dicte sentencia definitiva en su proceso de divorcio. <a rel=\"noopener noreferrer nofollow\" href=\"https:\/\/www.infobae.com\/espana\/2025\/10\/14\/arantxa-sanchez-vicario-y-josep-santacana-haran-efectivo-su-divorcio-en-2026-la-fecha-del-juicio\/\" target=\"_self\" title=\"https:\/\/www.infobae.com\/espana\/2025\/10\/14\/arantxa-sanchez-vicario-y-josep-santacana-haran-efectivo-su-divorcio-en-2026-la-fecha-del-juicio\/\">El juicio est\u00e1 previsto<\/a> entre el 18 y el 22 de mayo de 2026 y se celebrar\u00e1 de forma presencial y sin jurado. Ser\u00e1 el punto final \u2014al menos en lo legal\u2014 de una batalla que comenz\u00f3 en 2018, cuando Santacana present\u00f3 la demanda de separaci\u00f3n tras casi diez a\u00f1os de matrimonio.<\/p>\n<p><img alt=\"Arantxa S\u00e1nchez Vicario y Josep\" class=\"global-image\" decoding=\"async\" fetchpriority=\"low\" height=\"1080\" loading=\"lazy\" src=\"https:\/\/www.europesays.com\/es\/wp-content\/uploads\/2025\/12\/JM22MLLY3VA3BA5AYER2DK2N4U.jpg\" width=\"1920\"\/>Arantxa S\u00e1nchez Vicario y Josep Santacana en una imagen de archivo.<\/p>\n<p class=\"paragraph\">Pese a los enfrentamientos judiciales, ambos mantienen una <b>relaci\u00f3n funcional como padres<\/b>. \u201cNuestros hijos tienen una vida emocional tranquila y las decisiones importantes las tomamos juntos\u201d, declar\u00f3 Santacana en su d\u00eda en una entrevista con Vanitatis. La custodia es compartida y la comunicaci\u00f3n se mantiene en lo relativo a los menores.<\/p>\n<p class=\"paragraph\">Mientras \u00e9l ha rehecho su vida y ha sido padre de nuevo, Arantxa intenta recomponerse entre Miami y Espa\u00f1a, con el peso de un pasado brillante y un presente marcado por la incertidumbre. Lo que comenz\u00f3 como una boda de cuento en el castillo de Perelada en 2008 se ha transformado, casi dos d\u00e9cadas despu\u00e9s, en una <a rel=\"noopener noreferrer nofollow\" href=\"https:\/\/www.infobae.com\/espana\/2025\/10\/11\/el-embargo-del-yate-de-arantxa-sanchez-vicario-y-santacana-reaviva-el-conflicto-legal-de-la-expareja-a-quien-pertenece-la-embarcacion\/\" target=\"_self\" title=\"https:\/\/www.infobae.com\/espana\/2025\/10\/11\/el-embargo-del-yate-de-arantxa-sanchez-vicario-y-santacana-reaviva-el-conflicto-legal-de-la-expareja-a-quien-pertenece-la-embarcacion\/\">larga partida judicial<\/a> que sigue definiendo su historia personal.<\/p>\n","protected":false},"excerpt":{"rendered":"Arantxa S\u00e1nchez Vicario en una imagen de archivo. (Josefina Blanco \/ Europa Press) Este 18 de diciembre, Arantxa&hellip;\n","protected":false},"author":2,"featured_media":295252,"comment_status":"","ping_status":"","sticky":false,"template":"","format":"standard","meta":{"footnotes":""},"categories":[274],"tags":[168,25,24,700,492,23,167,327,326],"class_list":{"0":"post-295251","1":"post","2":"type-post","3":"status-publish","4":"format-standard","5":"has-post-thumbnail","7":"category-tenis","8":"tag-deportes","9":"tag-es","10":"tag-espana","11":"tag-europa","12":"tag-sociedad","13":"tag-spain","14":"tag-sports","15":"tag-tenis","16":"tag-tennis"},"share_on_mastodon":{"url":"https:\/\/pubeurope.com\/@es\/115743208671984756","error":""},"_links":{"self":[{"href":"https:\/\/www.europesays.com\/es\/wp-json\/wp\/v2\/posts\/295251","targetHints":{"allow":["GET"]}}],"collection":[{"href":"https:\/\/www.europesays.com\/es\/wp-json\/wp\/v2\/posts"}],"about":[{"href":"https:\/\/www.europesays.com\/es\/wp-json\/wp\/v2\/types\/post"}],"author":[{"embeddable":true,"href":"https:\/\/www.europesays.com\/es\/wp-json\/wp\/v2\/users\/2"}],"replies":[{"embeddable":true,"href":"https:\/\/www.europesays.com\/es\/wp-json\/wp\/v2\/comments?post=295251"}],"version-history":[{"count":0,"href":"https:\/\/www.europesays.com\/es\/wp-json\/wp\/v2\/posts\/295251\/revisions"}],"wp:featuredmedia":[{"embeddable":true,"href":"https:\/\/www.europesays.com\/es\/wp-json\/wp\/v2\/media\/295252"}],"wp:attachment":[{"href":"https:\/\/www.europesays.com\/es\/wp-json\/wp\/v2\/media?parent=295251"}],"wp:term":[{"taxonomy":"category","embeddable":true,"href":"https:\/\/www.europesays.com\/es\/wp-json\/wp\/v2\/categories?post=295251"},{"taxonomy":"post_tag","embeddable":true,"href":"https:\/\/www.europesays.com\/es\/wp-json\/wp\/v2\/tags?post=295251"}],"curies":[{"name":"wp","href":"https:\/\/api.w.org\/{rel}","templated":true}]}}