{"id":295269,"date":"2025-12-18T23:50:10","date_gmt":"2025-12-18T23:50:10","guid":{"rendered":"https:\/\/www.europesays.com\/es\/295269\/"},"modified":"2025-12-18T23:50:10","modified_gmt":"2025-12-18T23:50:10","slug":"prevencion-en-enfermedades-respiratorias-clave-para-reducir-las-complicaciones","status":"publish","type":"post","link":"https:\/\/www.europesays.com\/es\/295269\/","title":{"rendered":"Prevenci\u00f3n en enfermedades respiratorias, clave para reducir las complicaciones"},"content":{"rendered":"<p>La Enfermedad Pulmonar Obstructiva Cr\u00f3nica (EPOC) es un problema de Salud P\u00fablica de primer orden. Es la <a href=\"https:\/\/www.who.int\/es\/news-room\/fact-sheets\/detail\/chronic-obstructive-pulmonary-disease-(copd)\" rel=\"nofollow noopener\" target=\"_blank\">cuarta causa de muerte en el mundo<\/a>, y en 2021 ocasion\u00f3 3,5 millones de defunciones, lo que representa aproximadamente el 5% de todas las defunciones a nivel mundial. Por ese motivo, la prevenci\u00f3n de su desarrollo y sus complicaciones es un aspecto imprescindible.<\/p>\n<p>La prevenci\u00f3n ha sido siempre uno de los ejes cl\u00e1sicos de la salud p\u00fablica, pero el contexto actual de cambio clim\u00e1tico, deterioro de la calidad del aire y aumento de eventos extremos la ha convertido en un componente ineludible ante las enfermedades respiratorias. Ya no basta con tratar la exacerbaci\u00f3n cuando llega: el entorno en el que vive el paciente y el impacto de temperatura, contaminaci\u00f3n, al\u00e9rgenos, condiciones de vivienda, se ha transformado en un factor terap\u00e9utico m\u00e1s. En este sentido, la prevenci\u00f3n ya no es un complemento sino una <strong>herramienta cl\u00ednica esencial<\/strong> para reducir exacerbaciones, ingresos y mortalidad en patolog\u00edas como el asma o la EPOC.<\/p>\n<p>La <a href=\"http:\/\/www.who.int\/es\/?utm_source=diariofarma&amp;utm_medium=web&amp;utm_campaign=smartlink\" rel=\"nofollow noopener\" target=\"_blank\">Organizaci\u00f3n Mundial de la Salud (OMS)<\/a> recuerda que el <a href=\"https:\/\/www.who.int\/news-room\/fact-sheets\/detail\/climate-change-and-health\" rel=\"nofollow noopener\" target=\"_blank\">cambio clim\u00e1tico<\/a> y la contaminaci\u00f3n atmosf\u00e9rica se encuentran entre los <a href=\"https:\/\/www.who.int\/es\/news-room\/fact-sheets\/detail\/ambient-%28outdoor%29-air-quality-and-health\" rel=\"nofollow noopener\" target=\"_blank\">principales determinantes actuales de la morbilidad cardiorrespiratoria<\/a> y subraya que disminuir la exposici\u00f3n ambiental permite reducir significativamente la carga de neumopat\u00edas agudas y cr\u00f3nicas, incluido el asma. De este modo, cualquier estrategia cl\u00ednica que ignore la dimensi\u00f3n preventiva est\u00e1 dejando fuera una parte sustancial del problema.<\/p>\n<p><strong>La prevenci\u00f3n, herramienta cl\u00ednica esencial<\/strong><\/p>\n<p>Hablar de prevenci\u00f3n en enfermedades respiratorias implica, en primer lugar, asumir que el entorno condiciona la evoluci\u00f3n de la enfermedad. La OMS y la <a href=\"https:\/\/www.paho.org\/en\/topics\/climate-change-and-health\" rel=\"nofollow noopener\" target=\"_blank\">Organizaci\u00f3n Panamericana de la Salud (OPS)<\/a> advierten de que el cambio clim\u00e1tico aumenta la frecuencia e intensidad de olas de calor, modifica los patrones de circulaci\u00f3n de al\u00e9rgenos y favorece episodios de mala calidad del aire, con impacto directo sobre las v\u00edas respiratorias.<\/p>\n<p>Los pacientes con asma, EPOC o fibrosis pulmonar se sit\u00faan, as\u00ed, en la intersecci\u00f3n de dos vulnerabilidades: la enfermedad cr\u00f3nica y un entorno cada vez m\u00e1s hostil. La <a href=\"https:\/\/www.amcc-global.org\/que-es-la-amcc\" rel=\"nofollow noopener\" target=\"_blank\">Alianza M\u00e9dica contra el Cambio Clim\u00e1tico (AMCC),<\/a> impulsada por el Consejo General de Colegios Oficiales de M\u00e9dicos, insiste en que la crisis clim\u00e1tica es ya una cuesti\u00f3n de salud y no solo ambiental, y demanda que la prevenci\u00f3n clim\u00e1tica se incorpore a la pr\u00e1ctica cl\u00ednica habitual.<\/p>\n<p>En este contexto, la prevenci\u00f3n deja de ser una recomendaci\u00f3n gen\u00e9rica y pasa a tener una traducci\u00f3n concreta: anticipar riesgos ambientales, adaptar los planes terap\u00e9uticos a las condiciones clim\u00e1ticas y formar al paciente para que sepa actuar ante episodios de calor extremo, fr\u00edo intenso o contaminaci\u00f3n elevada.<\/p>\n<p>Adem\u00e1s, cabe recordar que, en EPOC, se produce un retraso diagn\u00f3stico muy importante, que supone uno de los grandes talones de Aquiles del sistema. La Sociedad Espa\u00f1ola de Neumolog\u00eda y Cirug\u00eda Tor\u00e1cica (Separ) cifr\u00f3 <strong>en torno al <\/strong><a href=\"https:\/\/www.infosalus.com\/actualidad\/noticia-separ-advierte-75-personas-epoc-espana-siguen-diagnosticar-20251113104213.html\" rel=\"nofollow noopener\" target=\"_blank\"><strong>75% de las personas con EPOC en Espa\u00f1a siguen sin diagnosticar<\/strong><\/a>, seg\u00fan el estudio EPI-SCAN II, lo que implica un inicio tard\u00edo de medidas terap\u00e9uticas y un mayor riesgo de deterioro progresivo de la funci\u00f3n pulmonar.<\/p>\n<p><strong>Prevenci\u00f3n adaptada al nuevo clima<\/strong><\/p>\n<p>Los planes estacionales del <a href=\"https:\/\/diariofarma.com\/?s=ministerio-de-sanidad?utm_source=diariofarma&amp;utm_medium=web&amp;utm_campaign=smartlink\" rel=\"nofollow noopener\" target=\"_blank\">Ministerio de Sanidad<\/a> incorporan desde hace a\u00f1os recomendaciones preventivas espec\u00edficas frente a temperaturas extremas. El <a href=\"https:\/\/www.sanidad.gob.es\/areas\/sanidadAmbiental\/riesgosAmbientales\/calorExtremo\/publicaciones\/docs\/planNacionalExcesoTemperaturas_2024.pdf\" rel=\"nofollow noopener\" target=\"_blank\">Plan Nacional de Actuaciones Preventivas de los Efectos del Exceso de Temperaturas sobre la Salud<\/a> establece umbrales de riesgo por provincia y define mensajes de prevenci\u00f3n dirigidos a la poblaci\u00f3n general y, de forma particular, a personas con enfermedades respiratorias. <a href=\"https:\/\/www.sanidad.gob.es\/areas\/sanidadAmbiental\/riesgosAmbientales\/calorExtremo\/publicaciones\/docs\/planNacionalExcesoTemperaturas_2024.pdf?utm_source=chatgpt.com\" rel=\"nofollow noopener\" target=\"_blank\">Por su parte, el <a href=\"https:\/\/www.sanidad.gob.es\/areas\/sanidadAmbiental\/riesgosAmbientales\/frioExtremo\/publicaciones\/docs\/Plan_Frio_24-25.pdf\" rel=\"nofollow noopener\" target=\"_blank\">Plan Nacional de Actuaciones Preventivas por Bajas Temperaturas 2024\u20132025<\/a> sistematiza las actuaciones frente al fr\u00edo, recordando que este incrementa el riesgo de infecciones respiratorias y agrava patolog\u00eda cr\u00f3nica en mayores y pacientes respiratorios.<\/p>\n<p>Para un paciente con EPOC o asma, estas recomendaciones dejan de ser meras indicaciones gen\u00e9ricas. En olas de calor, se aconseja evitar la exposici\u00f3n en las horas centrales del d\u00eda, mantenerse hidratado, mantener la vivienda fresca y adaptar la actividad f\u00edsica. En episodios de fr\u00edo extremo, se insiste en mantener una temperatura adecuada en el domicilio, proteger v\u00edas respiratorias y evitar cambios bruscos de temperatura, especialmente al salir al exterior. As\u00ed, la prevenci\u00f3n clim\u00e1tica se convierte en una extensi\u00f3n l\u00f3gica del tratamiento farmacol\u00f3gico.<\/p>\n<p>La calidad del aire es otro eje preventivo. La OMS, en su ficha sobre <a href=\"https:\/\/www.who.int\/es\/news-room\/fact-sheets\/detail\/ambient-%28outdoor%29-air-quality-and-health\" rel=\"nofollow noopener\" target=\"_blank\">contaminaci\u00f3n del aire ambiente<\/a>, define la contaminaci\u00f3n exterior como \u201cuno de los mayores riesgos ambientales para la salud\u201d y se\u00f1ala que la reducci\u00f3n de niveles de PM2.5 y otros contaminantes disminuye la carga de neumopat\u00edas cr\u00f3nicas y agudas, entre ellas el asma. Cualquier <a href=\"https:\/\/www.sanidad.gob.es\/ciudadanos\/saludAmbLaboral\/docs\/PLAN_AIRE_Medida_5_19_12_27.pdf\" rel=\"nofollow noopener\" target=\"_blank\">descenso en las concentraciones de part\u00edculas se traduce en beneficios<\/a> proporcionales para la salud, especialmente en entornos urbanos densamente poblados.<\/p>\n<p>El mecanismo fisiopatol\u00f3gico consiste en que <a href=\"https:\/\/www.who.int\/es\/news-room\/spotlight\/how-air-pollution-is-destroying-our-health\" rel=\"nofollow noopener\" target=\"_blank\">las part\u00edculas finas penetran en profundidad en los pulmones<\/a>, desencadenan inflamaci\u00f3n, broncoconstricci\u00f3n y aumentan la vulnerabilidad a infecciones en personas con asma o EPOC.<\/p>\n<p><strong>Prevenci\u00f3n secundaria y autocuidado<\/strong><\/p>\n<p>La prevenci\u00f3n en enfermedades respiratorias no se limita a evitar la exposici\u00f3n. Una vez establecido el diagn\u00f3stico, la prevenci\u00f3n secundaria incluye <a href=\"https:\/\/www.sanidad.gob.es\/gabinetePrensa\/notaPrensa\/pdf\/Presc170225133233126.pdf\" rel=\"nofollow noopener\" target=\"_blank\">la adherencia al tratamiento inhalado, la correcci\u00f3n de la t\u00e9cnica de inhalaci\u00f3n<\/a>, Las gu\u00edas cl\u00ednicas y los expertos recomiendan la vacunaci\u00f3n sistem\u00e1tica para los pacientes con EPOC, siendo las m\u00e1s importantes la\u00a0<strong>vacuna antigripal<\/strong>, la vacuna <strong>antineumoc\u00f3cica<\/strong>, la vacuna contra la\u00a0<strong>tos ferina<\/strong>, la vacuna contra el <strong>herpes z\u00f3ster<\/strong> la vacuna contra la <strong>covid <\/strong>y la vacuna contra el\u00a0<strong>virus respiratorio sincitial <\/strong>(VRS).<\/p>\n<p>Separ y distintas gu\u00edas cl\u00ednicas recuerdan que el uso correcto y continuado de broncodilatadores de mantenimiento reduce exacerbaciones y hospitalizaciones en EPOC y asma. <a href=\"https:\/\/separ.es\/http%3A\/separ0.vl23514.dinaserver.com\/node\/817?utm_source=chatgpt.com\" rel=\"nofollow noopener\" target=\"_blank\">Sin embargo, el incumplimiento terap\u00e9utico sigue siendo elevado, <a href=\"https:\/\/www.farmaceuticos.com\/internacional\/news\/la-mitad-de-los-pacientes-con-epoc-no-presenta-una-adherencia-adecuada-al-tratamiento\/\" rel=\"nofollow noopener\" target=\"_blank\">pudiendo alcanzar el 50% de los pacientes<\/a>. Esto se produce a menudo porque el paciente infravalora la relevancia del tratamiento en ausencia de s\u00edntomas agudos o no ha recibido una formaci\u00f3n adecuada en el manejo del dispositivo inhalador. En este sentido, la consulta de neumolog\u00eda y de atenci\u00f3n primaria deber\u00edan reservar sistem\u00e1ticamente tiempo para revisar la t\u00e9cnica inhalatoria y la comprensi\u00f3n del plan de acci\u00f3n.<\/p>\n<p>La <a href=\"https:\/\/www.epocespana.org\/2024\/11\/11\/que-vacunas-debe-recibir-un-paciente-con-epoc\/\" rel=\"nofollow noopener\" target=\"_blank\">vacunaci\u00f3n es otra estrategia de prevenci\u00f3n secundaria<\/a> de primer orden. La prevenci\u00f3n de infecciones respiratorias mediante vacunas reduce exacerbaciones, especialmente en pacientes con EPOC y asma moderada-grave, y forma parte de las recomendaciones habituales para estos colectivos.<\/p>\n<p><strong>El papel de la atenci\u00f3n primaria y la salud p\u00fablica<\/strong><\/p>\n<p>Si la prevenci\u00f3n es clave, <a href=\"https:\/\/www.semg.es\/index.php\/consensos-guias-y-protocolos\/304-manejo-epoc-en-ap-2018\" rel=\"nofollow noopener\" target=\"_blank\">la puerta de entrada l\u00f3gica al sistema es la atenci\u00f3n primaria<\/a>. M\u00e9dicos de familia y profesionales de enfermer\u00eda se encuentran en una posici\u00f3n estrat\u00e9gica para detectar s\u00edntomas respiratorios persistentes, identificar factores de riesgo ambientales y sociales, y activar circuitos de derivaci\u00f3n a neumolog\u00eda cuando sea necesario.<\/p>\n<p>Los planes de calor y fr\u00edo del Ministerio de Sanidad subrayan el papel de los servicios de salud en la vigilancia de pacientes vulnerables, y recomiendan reforzar la informaci\u00f3n desde atenci\u00f3n primaria, servicios sociales y dispositivos comunitarios durante los periodos de riesgo. De este modo, los centros de salud se convierten en nodos preventivos frente a los riesgos clim\u00e1ticos.<\/p>\n<p>La salud p\u00fablica, por su parte, debe proporcionar informaci\u00f3n en tiempo real sobre temperaturas extremas y calidad del aire, desarrollar campa\u00f1as espec\u00edficas dirigidas a pacientes respiratorios y coordinarse con servicios asistenciales para ajustar mensajes y recursos. Herramientas como los mapas de riesgo por temperaturas o los avisos por episodios de contaminaci\u00f3n, ya utilizados en comunidades aut\u00f3nomas como Madrid o Catalu\u00f1a, permiten orientar a la poblaci\u00f3n en la toma de decisiones cotidianas, desde evitar el ejercicio intenso al aire libre hasta adaptar horarios o reforzar la protecci\u00f3n personal.<\/p>\n<p>En este sentido, la prevenci\u00f3n deja de ser una responsabilidad exclusivamente cl\u00ednica para convertirse en una funci\u00f3n compartida entre profesionales, administraciones y pacientes.<\/p>\n<p><strong>Innovaci\u00f3n preventiva<\/strong><\/p>\n<p>La digitalizaci\u00f3n abre nuevas oportunidades para la prevenci\u00f3n en enfermedades respiratorias, especialmente en un contexto clim\u00e1tico cambiante. La <a href=\"https:\/\/ica.miteco.es\/\" rel=\"nofollow noopener\" target=\"_blank\">disponibilidad de datos en tiempo real<\/a> sobre temperaturas, niveles de contaminaci\u00f3n, presencia de polvo sahariano o picos de ozono permite integrar alertas ambientales en la pr\u00e1ctica cl\u00ednica y en el autocuidado.<\/p>\n<p>Pacientes con EPOC grave o asma mal controlada pueden beneficiarse de sistemas de monitorizaci\u00f3n que integren informaci\u00f3n sobre s\u00edntomas, uso de medicaci\u00f3n de rescate y variables ambientales. En este sentido, las revisiones recientes sobre el impacto del cambio clim\u00e1tico en la atenci\u00f3n respiratoria apuntan a que los sistemas de salud deben adaptar sus modelos de seguimiento para anticipar exacerbaciones relacionadas con eventos extremos.<\/p>\n<p>De este modo, la prevenci\u00f3n se desplaza progresivamente hacia modelos proactivos, en los que el sistema sanitario no se limita a responder a la crisis, sino que utiliza vigilancia epidemiol\u00f3gica, datos ambientales y herramientas digitales para adelantarse a ella. La l\u00f3gica es similar a la de otros \u00e1mbitos de la medicina preventiva: cuanto antes se interviene, menor es el da\u00f1o acumulado.<\/p>\n","protected":false},"excerpt":{"rendered":"La Enfermedad Pulmonar Obstructiva Cr\u00f3nica (EPOC) es un problema de Salud P\u00fablica de primer orden. Es la cuarta&hellip;\n","protected":false},"author":2,"featured_media":295270,"comment_status":"","ping_status":"","sticky":false,"template":"","format":"standard","meta":{"footnotes":""},"categories":[92],"tags":[11765,8436,21409,31365,4250,9931,70486,25,24,7214,165,1373,2383,8509,11238,33127,1451,597,14809,166,1452,70487,23,36758,1454],"class_list":{"0":"post-295269","1":"post","2":"type-post","3":"status-publish","4":"format-standard","5":"has-post-thumbnail","7":"category-salud","8":"tag-actividad-fisica","9":"tag-adherencia-terapeutica","10":"tag-asma","11":"tag-atencion-primaria","12":"tag-autocuidado","13":"tag-cirugia","14":"tag-enfermedad-pulmonar-obstructiva-cronica-epoc","15":"tag-es","16":"tag-espana","17":"tag-formacion","18":"tag-health","19":"tag-infeccion","20":"tag-inflamacion","21":"tag-ministerio-de-sanidad","22":"tag-mortalidad","23":"tag-neumologia","24":"tag-organizacion-mundial-de-la-salud-oms","25":"tag-prevencion","26":"tag-respiratorio","27":"tag-salud","28":"tag-salud-publica","29":"tag-sociedad-espanola-de-neumologia-y-cirugia-toracica-separ","30":"tag-spain","31":"tag-tos","32":"tag-vacunas"},"share_on_mastodon":{"url":"https:\/\/pubeurope.com\/@es\/115743255827424905","error":""},"_links":{"self":[{"href":"https:\/\/www.europesays.com\/es\/wp-json\/wp\/v2\/posts\/295269","targetHints":{"allow":["GET"]}}],"collection":[{"href":"https:\/\/www.europesays.com\/es\/wp-json\/wp\/v2\/posts"}],"about":[{"href":"https:\/\/www.europesays.com\/es\/wp-json\/wp\/v2\/types\/post"}],"author":[{"embeddable":true,"href":"https:\/\/www.europesays.com\/es\/wp-json\/wp\/v2\/users\/2"}],"replies":[{"embeddable":true,"href":"https:\/\/www.europesays.com\/es\/wp-json\/wp\/v2\/comments?post=295269"}],"version-history":[{"count":0,"href":"https:\/\/www.europesays.com\/es\/wp-json\/wp\/v2\/posts\/295269\/revisions"}],"wp:featuredmedia":[{"embeddable":true,"href":"https:\/\/www.europesays.com\/es\/wp-json\/wp\/v2\/media\/295270"}],"wp:attachment":[{"href":"https:\/\/www.europesays.com\/es\/wp-json\/wp\/v2\/media?parent=295269"}],"wp:term":[{"taxonomy":"category","embeddable":true,"href":"https:\/\/www.europesays.com\/es\/wp-json\/wp\/v2\/categories?post=295269"},{"taxonomy":"post_tag","embeddable":true,"href":"https:\/\/www.europesays.com\/es\/wp-json\/wp\/v2\/tags?post=295269"}],"curies":[{"name":"wp","href":"https:\/\/api.w.org\/{rel}","templated":true}]}}