{"id":295298,"date":"2025-12-19T00:14:37","date_gmt":"2025-12-19T00:14:37","guid":{"rendered":"https:\/\/www.europesays.com\/es\/295298\/"},"modified":"2025-12-19T00:14:37","modified_gmt":"2025-12-19T00:14:37","slug":"torrelodones-celebra-la-navidad-con-un-cuentacuentos-familiar-en-la-biblioteca-juan-van-halen","status":"publish","type":"post","link":"https:\/\/www.europesays.com\/es\/295298\/","title":{"rendered":"Torrelodones celebra la Navidad con un cuentacuentos familiar en la Biblioteca Juan Van-Halen"},"content":{"rendered":"<p>La cita ser\u00e1 el 18 de diciembre a las 18:00 h\u00a0<\/p>\n<p>\u00a0<\/p>\n<p>El pr\u00f3ximo\u00a0<strong>jueves 18 de diciembre<\/strong>, la\u00a0<strong>Biblioteca Juan Van-Halen<\/strong>\u00a0(calle Jesusa Lara, 47) acoger\u00e1 una nueva propuesta cultural dirigida al p\u00fablico infantil y familiar. Se trata del cuentacuentos\u00a0<strong>\u201cBlanca Navidad\u201d<\/strong>, que correr\u00e1 a cargo de\u00a0<strong>Gema Look<\/strong>, una actividad pensada para disfrutar en familia y dar la bienvenida al esp\u00edritu navide\u00f1o.<\/p>\n<p>\u201cBlanca Navidad\u201d es un compendio de\u00a0<strong>divertidos cuentos, canciones y bailes<\/strong>\u00a0que invitan a los m\u00e1s peque\u00f1os a participar y dejarse llevar por la magia de estas fechas. Un espacio creativo y cercano para\u00a0<strong>encender la chispa de la Navidad<\/strong>\u00a0a trav\u00e9s de la narraci\u00f3n oral y la animaci\u00f3n.<\/p>\n<p>La actividad est\u00e1\u00a0<strong>dirigida a ni\u00f1os a partir de 4 a\u00f1os<\/strong>. La\u00a0<strong>recogida de invitaciones<\/strong>\u00a0podr\u00e1 realizarse\u00a0<strong>una hora antes del inicio del espect\u00e1culo<\/strong>\u00a0en la propia biblioteca, hasta completar aforo.<\/p>\n<p>Este cuentacuentos est\u00e1\u00a0<strong>organizado por el Ayuntamiento de Torrelodones<\/strong>, en colaboraci\u00f3n con la\u00a0<strong>Red de Bibliotecas<\/strong>, dentro de la programaci\u00f3n cultural navide\u00f1a del municipio.<\/p>\n<p>\u00a0<\/p>\n<p><a href=\"https:\/\/www.europesays.com\/es\/wp-content\/uploads\/2025\/12\/af-jpg-a4-bibliotecas-diciembre2.jpg\" target=\"_blank\"><img decoding=\"async\" src=\"https:\/\/www.europesays.com\/es\/wp-content\/uploads\/2025\/12\/af-jpg-a4-bibliotecas-diciembre2.jpg\" alt=\"af jpg a4 bibliotecas diciembre2\" width=\"60%\"\/><\/a><\/p>\n","protected":false},"excerpt":{"rendered":"La cita ser\u00e1 el 18 de diciembre a las 18:00 h\u00a0 \u00a0 El pr\u00f3ximo\u00a0jueves 18 de diciembre, la\u00a0Biblioteca&hellip;\n","protected":false},"author":2,"featured_media":295299,"comment_status":"","ping_status":"","sticky":false,"template":"","format":"standard","meta":{"footnotes":""},"categories":[91],"tags":[49005,70490,146,147,25,24,67914,23],"class_list":{"0":"post-295298","1":"post","2":"type-post","3":"status-publish","4":"format-standard","5":"has-post-thumbnail","7":"category-entretenimiento","8":"tag-ayuntamiento-de-torrelodones","9":"tag-cuentacuentos-torrelodones","10":"tag-entertainment","11":"tag-entretenimiento","12":"tag-es","13":"tag-espana","14":"tag-navidad-torrelodones","15":"tag-spain"},"share_on_mastodon":{"url":"https:\/\/pubeurope.com\/@es\/115743350277284755","error":""},"_links":{"self":[{"href":"https:\/\/www.europesays.com\/es\/wp-json\/wp\/v2\/posts\/295298","targetHints":{"allow":["GET"]}}],"collection":[{"href":"https:\/\/www.europesays.com\/es\/wp-json\/wp\/v2\/posts"}],"about":[{"href":"https:\/\/www.europesays.com\/es\/wp-json\/wp\/v2\/types\/post"}],"author":[{"embeddable":true,"href":"https:\/\/www.europesays.com\/es\/wp-json\/wp\/v2\/users\/2"}],"replies":[{"embeddable":true,"href":"https:\/\/www.europesays.com\/es\/wp-json\/wp\/v2\/comments?post=295298"}],"version-history":[{"count":0,"href":"https:\/\/www.europesays.com\/es\/wp-json\/wp\/v2\/posts\/295298\/revisions"}],"wp:featuredmedia":[{"embeddable":true,"href":"https:\/\/www.europesays.com\/es\/wp-json\/wp\/v2\/media\/295299"}],"wp:attachment":[{"href":"https:\/\/www.europesays.com\/es\/wp-json\/wp\/v2\/media?parent=295298"}],"wp:term":[{"taxonomy":"category","embeddable":true,"href":"https:\/\/www.europesays.com\/es\/wp-json\/wp\/v2\/categories?post=295298"},{"taxonomy":"post_tag","embeddable":true,"href":"https:\/\/www.europesays.com\/es\/wp-json\/wp\/v2\/tags?post=295298"}],"curies":[{"name":"wp","href":"https:\/\/api.w.org\/{rel}","templated":true}]}}