{"id":295361,"date":"2025-12-19T01:09:13","date_gmt":"2025-12-19T01:09:13","guid":{"rendered":"https:\/\/www.europesays.com\/es\/295361\/"},"modified":"2025-12-19T01:09:13","modified_gmt":"2025-12-19T01:09:13","slug":"eeuu-abre-una-crisis-con-la-corte-penal-internacional-al-sancionar-a-dos-jueces-por-investigar-a-israelies","status":"publish","type":"post","link":"https:\/\/www.europesays.com\/es\/295361\/","title":{"rendered":"EEUU abre una crisis con la Corte Penal Internacional al sancionar a dos jueces por investigar a israel\u00edes"},"content":{"rendered":"<p>Estados Unidos impuso sanciones este jueves a <b>dos jueces de la Corte Penal Internacional (CPI)<\/b> por supuestamente investigar, arrestar o enjuiciar a ciudadanos israel\u00edes sin el consentimiento de Israel y por votar a favor de la decisi\u00f3n de la Corte contra la apelaci\u00f3n del Estado jud\u00edo el 15 de diciembre.<\/p>\n<p>\u00abLa CPI ha persistido en acciones politizadas contra Israel, lo que sienta un precedente peligroso para todas las naciones. No toleraremos los abusos de poder de la CPI que violan la soberan\u00eda de Estados Unidos e Israel y someten indebidamente a ciudadanos estadounidenses e israel\u00edes a su jurisdicci\u00f3n\u00bb, anunci\u00f3 el secretario de Estado, Marco Rubio, en un comunicado.<\/p>\n<p>Los jueces sancionados son <b>Gocha Lordkipanidze, de Georgia y Erdenebalsuren Damdin, de Mongolia.<\/b><\/p>\n<p>La CPI cerr\u00f3 el lunes una de las principales v\u00edas legales abiertas por Israel para frenar o retrasar el avance de la investigaci\u00f3n sobre presuntos abusos de derechos humanos en Palestina, al rechazar su \u00faltimo recurso y confirmar que el tribunal mantiene su competencia sobre los hechos ocurridos tras el ataque del grupo islamista Ham\u00e1s el 7 de octubre de 2023.<\/p>\n<p>En una sentencia larga y de car\u00e1cter t\u00e9cnico, los jueces de la Sala de Apelaciones concluyeron que la investigaci\u00f3n iniciada en 2021, tras una solicitud de la Autoridad Palestina en 2018, ya abarca los presuntos cr\u00edmenes cometidos antes y despu\u00e9s del 7 de octubre y de la posterior ofensiva militar israel\u00ed en la Franja de Gaza.<\/p>\n<p>\u00abEstados Unidos e Israel no son parte del Estatuto de Roma y, por lo tanto, rechazan la jurisdicci\u00f3n de la CPI\u00bb, recuerda el comunicado publicado hoy desde Washington, tras asegurar que continuar\u00e1n respondiendo con consecuencias significativas y tangibles a las acciones legales \u00ababusivas y a las extralimitaciones\u00bb de la CPI.<\/p>\n<p><b>Esta decisi\u00f3n llega en un momento especialmente sensible,<\/b> con la Corte manteniendo vigentes las \u00f3rdenes de arresto contra el primer ministro israel\u00ed, Benjam\u00edn Netanyahu, y su exministro de Defensa, Yoav Galant.<\/p>\n<p>Las sanciones anteriores impuestas por el Gobierno del presidente estadounidense, Donald Trump, que afectaron a tres fiscales y a seis jueces, por la investigaci\u00f3n de la CPI sobre Israel por sus presuntos cr\u00edmenes en Palestina, ya demostraron tener un fuerte impacto en la vida de los funcionarios afectados.<\/p>\n<p>La Corte Penal Internacional (CPI) advirti\u00f3 este jueves de que la nueva ronda de sanciones de Estados Unidos contra jueces del tribunal, por negarse a frenar la investigaci\u00f3n sobre Israel por presuntos cr\u00edmenes en Palestina, es \u201cun ataque flagrante contra la independencia\u201d de la instituci\u00f3n, y prometi\u00f3 seguir trabajando \u00abcon independencia e imparcialidad\u00bb.<\/p>\n<p>La CPI subray\u00f3 que \u00abeste tipo de medidas\u00bb contra jueces y fiscales elegidos por los pa\u00edses miembros del tribunal \u00absocavan el Estado de derecho\u00bb y advirti\u00f3 de que \u00abcuando se amenaza a los actores judiciales por aplicar la ley, es el propio orden jur\u00eddico internacional el que queda en riesgo\u00bb.<\/p>\n<p>\u00abEstas sanciones constituyen un ataque flagrante contra la independencia de una instituci\u00f3n judicial imparcial que act\u00faa conforme al mandato conferido por sus Estados Partes de todas las regiones\u00bb, agreg\u00f3, y reiter\u00f3 que la Corte \u00abrespalda firmemente a su personal y a las v\u00edctimas de atrocidades inimaginables\u00bb y seguir\u00e1 \u00abcumpliendo su mandato con independencia e imparcialidad\u00bb.<\/p>\n<p>Estados Unidos, que ya sancion\u00f3 este a\u00f1o a nueve jueces y fiscales, impuso hoy sanciones contra dos jueces, Gocha Lordkipanidze (Georgia) y Erdenebalsuren Damdin (Mongolia), que formaron parte de la Sala que decidi\u00f3 el pasado lunes rechazar una apelaci\u00f3n de Israel y confirmar que la Corte mantiene competencia sobre los hechos ocurridos durante y despu\u00e9s del ataque del grupo islamista Ham\u00e1s el 7 de octubre de 2023.<\/p>\n<p>Esa Sala de Apelaciones tambi\u00e9n incluy\u00f3 a Solomy Balungi Bossa (Uganda) y Luz del Carmen Ib\u00e1\u00f1ez Carranza (Per\u00fa), ambos ya sancionados por Estados Unidos en una ronda anterior.<\/p>\n<p>La CPI cerr\u00f3 el lunes una de las principales v\u00edas legales abiertas por Israel para frenar o retrasar el avance de la investigaci\u00f3n sobre presuntos cr\u00edmenes de guerra y de lesa humanidad en Palestina, incluida Gaza, al rechazar un \u00faltimo recurso en el que Estado israel\u00ed quer\u00eda reactivar el principio de complementariedad, por el que reclamar\u00eda la competencia de su sistema judicial nacional sobre los presuntos cr\u00edmenes, paralizando as\u00ed la investigaci\u00f3n de la CPI.<\/p>\n<p>Con su decisi\u00f3n, la Corte mantiene tambi\u00e9n vigentes las \u00f3rdenes de arresto contra el primer ministro israel\u00ed, Benjam\u00edn Netanyahu, y su exministro de Defensa, Yoav Galant.<\/p>\n<p>Para Estados Unidos, la CPI \u00abha persistido en acciones politizadas contra Israel, lo que sienta un precedente peligroso para todas las naciones\u00bb y, seg\u00fan explic\u00f3 el secretario de Estado, Marco Rubio: \u00abNo toleraremos los abusos de poder de la CPI que violan la soberan\u00eda de Estados Unidos e Israel y someten indebidamente a ciudadanos estadounidenses e israel\u00edes a su jurisdicci\u00f3n\u00bb.<\/p>\n<p>Las sanciones anteriores impuestas por la Administraci\u00f3n de Donald Trump, que afectaron a tres fiscales y seis jueces por dos investigaciones de la CPI -esta a Israel y otra por cr\u00edmenes en Afganist\u00e1n que podr\u00eda implicar a militares estadounidenses- ya <b>demostraron tener un fuerte impacto en la vida de los funcionarios afectados.<\/b><\/p>\n<p>En una entrevista con EFE este mi\u00e9rcoles, la jueza Ib\u00e1\u00f1ez, que est\u00e1, adem\u00e1s, condenada a prisi\u00f3n por Rusia debido a la investigaci\u00f3n de la CPI por cr\u00edmenes en Ucrania, lament\u00f3 que estar en esa lista de sancionados por Washington es poner a los jueces \u00aben la misma l\u00ednea que Osama Bin Laden y el Chapo Guzm\u00e1n\u00bb.<\/p>\n<p>Destac\u00f3 adem\u00e1s que, dada esta situaci\u00f3n, no tiene acceso a sus tarjetas de cr\u00e9dito, no puede reservar hoteles, pedir un Uber o viajar a Estados Unidos, entre otras cosas.<\/p>\n","protected":false},"excerpt":{"rendered":"Estados Unidos impuso sanciones este jueves a dos jueces de la Corte Penal Internacional (CPI) por supuestamente investigar,&hellip;\n","protected":false},"author":2,"featured_media":295362,"comment_status":"","ping_status":"","sticky":false,"template":"","format":"standard","meta":{"footnotes":""},"categories":[5],"tags":[17,18,25,24,13,14,11,19,20,9,10,15,16,23,12,21,22],"class_list":{"0":"post-295361","1":"post","2":"type-post","3":"status-publish","4":"format-standard","5":"has-post-thumbnail","7":"category-titulares","8":"tag-breaking-news","9":"tag-breakingnews","10":"tag-es","11":"tag-espana","12":"tag-featured-news","13":"tag-featurednews","14":"tag-headlines","15":"tag-latest-news","16":"tag-latestnews","17":"tag-news","18":"tag-noticias","19":"tag-noticias-destacadas","20":"tag-noticiasdestacadas","21":"tag-spain","22":"tag-titulares","23":"tag-ultimas-noticias","24":"tag-ultimasnoticias"},"share_on_mastodon":{"url":"https:\/\/pubeurope.com\/@es\/115743566326424259","error":""},"_links":{"self":[{"href":"https:\/\/www.europesays.com\/es\/wp-json\/wp\/v2\/posts\/295361","targetHints":{"allow":["GET"]}}],"collection":[{"href":"https:\/\/www.europesays.com\/es\/wp-json\/wp\/v2\/posts"}],"about":[{"href":"https:\/\/www.europesays.com\/es\/wp-json\/wp\/v2\/types\/post"}],"author":[{"embeddable":true,"href":"https:\/\/www.europesays.com\/es\/wp-json\/wp\/v2\/users\/2"}],"replies":[{"embeddable":true,"href":"https:\/\/www.europesays.com\/es\/wp-json\/wp\/v2\/comments?post=295361"}],"version-history":[{"count":0,"href":"https:\/\/www.europesays.com\/es\/wp-json\/wp\/v2\/posts\/295361\/revisions"}],"wp:featuredmedia":[{"embeddable":true,"href":"https:\/\/www.europesays.com\/es\/wp-json\/wp\/v2\/media\/295362"}],"wp:attachment":[{"href":"https:\/\/www.europesays.com\/es\/wp-json\/wp\/v2\/media?parent=295361"}],"wp:term":[{"taxonomy":"category","embeddable":true,"href":"https:\/\/www.europesays.com\/es\/wp-json\/wp\/v2\/categories?post=295361"},{"taxonomy":"post_tag","embeddable":true,"href":"https:\/\/www.europesays.com\/es\/wp-json\/wp\/v2\/tags?post=295361"}],"curies":[{"name":"wp","href":"https:\/\/api.w.org\/{rel}","templated":true}]}}