{"id":295389,"date":"2025-12-19T01:45:21","date_gmt":"2025-12-19T01:45:21","guid":{"rendered":"https:\/\/www.europesays.com\/es\/295389\/"},"modified":"2025-12-19T01:45:21","modified_gmt":"2025-12-19T01:45:21","slug":"el-valencia-tira-de-garra-para-frenar-las-embestidas-del-basket-landes","status":"publish","type":"post","link":"https:\/\/www.europesays.com\/es\/295389\/","title":{"rendered":"El Valencia tira de garra para frenar las embestidas del Basket Landes"},"content":{"rendered":"<p data-mrf-recirculation=\"Links P\u00e1rrafos\" class=\"ue-c-article__paragraph paragraph ue-c-article--first-letter-highlighted\">El Valencia Basket dio este jueves una lecci\u00f3n de car\u00e1cter para reencontrarse con la victoria en la Euroliga (57-66) en la pista del Basket Landes franc\u00e9s, que le abrum\u00f3 con su despliegue f\u00edsico durante varias fases del partido pero ante el que supo aguantar el tipo para darle la vuelta en el tramo final.<\/p>\n<p><img decoding=\"async\" width=\"1029\" height=\"685\" class=\"ue-c-article__image lazyload\" alt=\".\" loading=\"lazy\" src=\"https:\/\/www.europesays.com\/es\/wp-content\/uploads\/2025\/12\/694474dccd681.jpeg\"\/><\/p>\n<p>.EFE<\/p>\n<p data-mrf-recirculation=\"Links P\u00e1rrafos\" class=\"ue-c-article__paragraph paragraph\">El conjunto de Rub\u00e9n Burgos afrontaba el choque tras desperdiciar la pasada jornada 20 puntos de ventaja contra el Casademont Zaragoza, un &#8216;palo&#8217; que puso a prueba la personalidad &#8216;taronja&#8217;, que recuper\u00f3 con este triunfo buena parte de sus opciones de pasar de ronda hacia la &#8216;Final Four&#8217;.<\/p>\n<p>Buena salida taronja<\/p>\n<p data-mrf-recirculation=\"Links P\u00e1rrafos\" class=\"ue-c-article__paragraph paragraph\">El Valencia abri\u00f3 el partido con dos triples, uno de Mar\u00eda Araujo y otro de Leo Fiebich, un acierto que le vali\u00f3 para sortear inicialmente el enorme f\u00edsico del conjunto franc\u00e9s, que incomod\u00f3 cada tiro &#8216;taronja&#8217; cercano a canasta pero que, adem\u00e1s, aprovech\u00f3 sus robos para salir al contragolpe.<\/p>\n<p><img decoding=\"async\" width=\"1040\" height=\"677\" class=\"ue-c-article__image lazyload\" alt=\".\" loading=\"lazy\" src=\"https:\/\/www.europesays.com\/es\/wp-content\/uploads\/2025\/12\/69447513b306d.jpeg\"\/><\/p>\n<p>.EFE<\/p>\n<p data-mrf-recirculation=\"Links P\u00e1rrafos\" class=\"ue-c-article__paragraph paragraph\">Las locales no se guardaron el f\u00edsico s\u00f3lo para proteger su aro sino que tambi\u00e9n presion\u00f3 la salida de bal\u00f3n del equipo de Rub\u00e9n Burgos. La rotaci\u00f3n baj\u00f3 el nivel del Valencia, que ni con Marija Lekovic ni con Cristina Ouvi\u00f1a a los mandos pudo contener a la primera l\u00ednea francesa ni tampoco surtir de buenos balones a unas precipitadas Awa Fam y Nia Giffey.<\/p>\n<p>La consistencia de Leti Romero<\/p>\n<p data-mrf-recirculation=\"Links P\u00e1rrafos\" class=\"ue-c-article__paragraph paragraph\">Tuvo que recuperar el Valencia a Leti Romero para tratar de volver a meterse en el encuentro. La presencia de la base canaria dio consistencia a la defensa visitante y esa fortaleza fren\u00f3 a las locales y dio tiempo a que Queralt Casas y Araujo recuperaran la punter\u00eda desde lejos. La mejor\u00eda no le dio para acabar por delante la primera parte (28-26, m.20).<\/p>\n<p><img decoding=\"async\" width=\"1044\" height=\"684\" class=\"ue-c-article__image lazyload\" alt=\".\" loading=\"lazy\" src=\"https:\/\/www.europesays.com\/es\/wp-content\/uploads\/2025\/12\/69447536d65b9.jpeg\"\/><\/p>\n<p>.EFE<\/p>\n<p data-mrf-recirculation=\"Links P\u00e1rrafos\" class=\"ue-c-article__paragraph paragraph\">El descanso renov\u00f3 la energ\u00eda de las locales y aunque el Valencia recuper\u00f3 a Kayla Alexander, que se hab\u00eda pasado buena parte de la primera parte en el banquillo tras enlazar dos faltas, el Landes volvi\u00f3 a ser el due\u00f1o del partido.<\/p>\n<p data-mrf-recirculation=\"Links P\u00e1rrafos\" class=\"ue-c-article__paragraph paragraph\">Esta vez Lekovic entr\u00f3 m\u00e1s decidida al partido y eso evit\u00f3 una ca\u00edda tan profunda como en la primera parte. Adem\u00e1s, tras una primera parte con la punter\u00eda desviada, Giffey ajust\u00f3 la mira y puso por delante al Valencia, algo que parec\u00eda imposible a mitad del segundo cuarto. Otro triple de Ben Abdelkader puso contra las cuerdas a las locales (41-47, m.30).<\/p>\n<p>Acierto exterior taronja<\/p>\n<p data-mrf-recirculation=\"Links P\u00e1rrafos\" class=\"ue-c-article__paragraph paragraph\">El paso de los minutos dio tambi\u00e9n calma a Fam y a Elena Buenavida para encontrarse m\u00e1s c\u00f3modas. La recuperada confianza llev\u00f3 al Valencia a meter desde fuera, primero Lekovic y luego Leo Fiebich, para llevar su ventaja m\u00e1s all\u00e1 de los diez puntos.<\/p>\n<p data-mrf-recirculation=\"Links P\u00e1rrafos\" class=\"ue-c-article__paragraph paragraph\">Regres\u00f3 fresca Leti Romero a la pista para controlar los \u00faltimos minutos del encuentro pero un par de triples de Massey alimentaron la esperanza francesa. El Valencia supo alargar sus posesiones y la aparici\u00f3n final de Fiebich, con dos tiros libres y un triple, y u par de buenas defensa decantaron de su lado una trabajada victoria.<\/p>\n<p>Ficha t\u00e9cnica:<\/p>\n<p data-mrf-recirculation=\"Links P\u00e1rrafos\" class=\"ue-c-article__paragraph paragraph\"><strong>57 &#8211; Basket Landes (20+8+13+16):<\/strong> Lacan (10), Droguet (7), Djekoundade (-), Musa (6), Massey (14) -cinco titular-, Wotja (2), Pardon (2), Macquet (6), Ewodo (7) y Bussiere (3).<\/p>\n<p data-mrf-recirculation=\"Links P\u00e1rrafos\" class=\"ue-c-article__paragraph paragraph\"><strong>66 &#8211; Valencia Basket (14+12+21+19): <\/strong>Romero (7), Casas (8), Fiebich (13), Araujo (6), Alexander (8) -cinco titular-, Ouvi\u00f1a (-), Buenavida (3), Fam (6), Coffey (6), Ben Abdelkader (5) y Lekovic (4).<\/p>\n<p data-mrf-recirculation=\"Links P\u00e1rrafos\" class=\"ue-c-article__paragraph paragraph\"><strong>\u00c1rbitros:<\/strong> Kukelcik (SVK), Simonavicius (LTU) y Laas (EST). Sin eliminadas.<\/p>\n<p data-mrf-recirculation=\"Links P\u00e1rrafos\" class=\"ue-c-article__paragraph paragraph\"><strong>Incidencias:<\/strong> partido correspondiente a la segunda jornada de la segunda fase de la Euroliga disputado en el Espace Francois Mitterrand en Mont de Marsan ante unos dos mil espectadores.<\/p>\n","protected":false},"excerpt":{"rendered":"El Valencia Basket dio este jueves una lecci\u00f3n de car\u00e1cter para reencontrarse con la victoria en la Euroliga&hellip;\n","protected":false},"author":2,"featured_media":295390,"comment_status":"","ping_status":"","sticky":false,"template":"","format":"standard","meta":{"footnotes":""},"categories":[269],"tags":[299,298,168,25,24,23,167],"class_list":{"0":"post-295389","1":"post","2":"type-post","3":"status-publish","4":"format-standard","5":"has-post-thumbnail","7":"category-baloncesto","8":"tag-baloncesto","9":"tag-basketball","10":"tag-deportes","11":"tag-es","12":"tag-espana","13":"tag-spain","14":"tag-sports"},"share_on_mastodon":{"url":"https:\/\/pubeurope.com\/@es\/115743711202206008","error":""},"_links":{"self":[{"href":"https:\/\/www.europesays.com\/es\/wp-json\/wp\/v2\/posts\/295389","targetHints":{"allow":["GET"]}}],"collection":[{"href":"https:\/\/www.europesays.com\/es\/wp-json\/wp\/v2\/posts"}],"about":[{"href":"https:\/\/www.europesays.com\/es\/wp-json\/wp\/v2\/types\/post"}],"author":[{"embeddable":true,"href":"https:\/\/www.europesays.com\/es\/wp-json\/wp\/v2\/users\/2"}],"replies":[{"embeddable":true,"href":"https:\/\/www.europesays.com\/es\/wp-json\/wp\/v2\/comments?post=295389"}],"version-history":[{"count":0,"href":"https:\/\/www.europesays.com\/es\/wp-json\/wp\/v2\/posts\/295389\/revisions"}],"wp:featuredmedia":[{"embeddable":true,"href":"https:\/\/www.europesays.com\/es\/wp-json\/wp\/v2\/media\/295390"}],"wp:attachment":[{"href":"https:\/\/www.europesays.com\/es\/wp-json\/wp\/v2\/media?parent=295389"}],"wp:term":[{"taxonomy":"category","embeddable":true,"href":"https:\/\/www.europesays.com\/es\/wp-json\/wp\/v2\/categories?post=295389"},{"taxonomy":"post_tag","embeddable":true,"href":"https:\/\/www.europesays.com\/es\/wp-json\/wp\/v2\/tags?post=295389"}],"curies":[{"name":"wp","href":"https:\/\/api.w.org\/{rel}","templated":true}]}}