{"id":295391,"date":"2025-12-19T01:46:18","date_gmt":"2025-12-19T01:46:18","guid":{"rendered":"https:\/\/www.europesays.com\/es\/295391\/"},"modified":"2025-12-19T01:46:18","modified_gmt":"2025-12-19T01:46:18","slug":"victor-font-pide-romper-relaciones-con-el-real-madrid","status":"publish","type":"post","link":"https:\/\/www.europesays.com\/es\/295391\/","title":{"rendered":"Victor Font pide romper relaciones con el Real Madrid"},"content":{"rendered":"<p class=\"ft-text\"><strong>V\u00edctor Font, ex candidato a la presidencia del Bar\u00e7a y precandidato ya confirmado para las pr\u00f3ximas elecciones<\/strong>, que deben celebrarse durante el primer semestre de 2026, pas\u00f3 por los micr\u00f3fonos de \u2018El Partidazo de Cope\u2019 este jueves por la noche. Lo hizo poco despu\u00e9s de que Joan Laporta, durante la cena de Navidad del club, cargara sin piedad contra el Real Madrid y la forma en la que el club blanco pretende <a class=\"ft-link ft-link--decoration\" href=\"https:\/\/www.sport.es\/es\/noticias\/barca\/laporta-carga-piedad-real-madrid-124941613\" rel=\"nofollow noopener\" target=\"_blank\">\u201cdestruir, borrar y desvirtuar la historia del Bar\u00e7a\u201d<\/a>.<\/p>\n<p class=\"ft-text\">\u00abEstoy cien por cien de acuerdo con lo que ha dicho el presidente del Bar\u00e7a, e incluso voy mucho m\u00e1s all\u00e1. Los barcelonistas nos sentimos profundamente ofendidos cuando <strong>Florentino P\u00e9rez<\/strong> pone en duda la historia reciente del FC Barcelona y la del que ha sido el mejor equipo de la historia del f\u00fatbol. Y que esto venga del presidente del club que acumula m\u00e1s sospechas sobre t\u00edtulos en toda la historia del f\u00fatbol nos parece, sencillamente, lamentable\u00bb, arranc\u00f3 Font.<\/p>\n<p>En defensa de la historia del Bar\u00e7a<\/p>\n<p class=\"ft-text\">A\u00f1adi\u00f3 que \u00ablos datos as\u00ed lo indican. No s\u00e9 cu\u00e1ntos oyentes saben que, durante el siglo XX, diez presidentes del Comit\u00e9 T\u00e9cnico de \u00c1rbitros tuvieron una relaci\u00f3n hist\u00f3rica con el Real Madrid: eran socios e incluso exjugadores del club. No les pag\u00f3, peroexist\u00eda un conflicto de intereses espectacular. Hay que hablar con datos. <strong>El \u00faltimo presidente del CTA, Jos\u00e9 Plaza, estuvo 23 a\u00f1os en el cargo. \u00bfCu\u00e1ntos t\u00edtulos gan\u00f3 el Bar\u00e7a con \u00e9l y cu\u00e1ntos el Real Madrid? Trece a dos. Y durante los primeros cinco a\u00f1os de los pagos a Negreira, \u00bfcu\u00e1ntos t\u00edtulos gan\u00f3 el Bar\u00e7a? Cero patatero\u00bb.<\/strong><\/p>\n<p class=\"ft-text\">Y es que, para V\u00edctor Font, \u00ablos hechos dicen que se est\u00e1 poniendo en duda al mejor equipo de la historia, un equipo que gan\u00f3 en el campo y cuyo reconocimiento es un\u00e1nime en todo el mundo. Los pagos no tienen nada que ver con una supuesta influencia sobre los \u00e1rbitros\u00bb. De hecho, coment\u00f3 que \u00ablo que se est\u00e1 discutiendo es si el pago al n\u00famero dos del estamento arbitral durante una serie de a\u00f1os tuvo alg\u00fan tipo de impacto o no. Pero lo verdaderamente relevante, y en lo que coincidimos todos los barcelonistas, es nuestra indignaci\u00f3n ante el presidente del Real Madrid por acusar al Bar\u00e7a de ganar gracias a los \u00e1rbitros\u00bb.<\/p>\n<p>Florentino y su cortina de humo<\/p>\n<p class=\"ft-text\">Font sigui\u00f3 con su ataque a Florentino P\u00e9rez, del que dijo que \u00abpone en duda a\u00f1os de competici\u00f3n en los que el Bar\u00e7a fue claramente superior al <strong>Real Madrid<\/strong> porque es incapaz de reconocer que durante mucho tiempo fuimos mejores. Y lo hace como cortina de humo ante un momento en el que su proyecto deportivo es un fracaso, la Superliga tambi\u00e9n lo es, y tiene problemas con el Santiago Bernab\u00e9u, despu\u00e9s de tres a\u00f1os de silencio\u00bb.<\/p>\n<p class=\"ft-text\">Pese a sumarse a la critica hacia Florentino P\u00e9rez y el Real Madrid, tambi\u00e9n pidi\u00f3 hechos y no palabras a Laporta: \u00abCon palabras no se defiende al club. <strong>El presidente del Bar\u00e7a deber\u00eda dejar de lanzar declaraciones grandilocuentes y actuar: denunciar al Real Madrid y a Real Madrid TV, que est\u00e1n adulterando la competici\u00f3n<\/strong>. Existe un conflicto de intereses evidente cuando el delegado del Real Madrid, Mej\u00eda D\u00e1vila, tiene a su mujer en el CTA en una posici\u00f3n relevante. Defender al club es actuar, no solo hablar\u00bb.<\/p>\n<p class=\"ft-text\">Eso s\u00ed, tiene claro que Florentino deber\u00eda rectificar y, si no lo hace, habr\u00eda que romper relaciones: \u00abEn estos momentos te dir\u00eda que al presidente del Real Madrid le pedir\u00eda una rectificaci\u00f3n y si no romper\u00eda relaciones. Me parece de un cinismo inaceptable querer da\u00f1ar la reputaci\u00f3n de un club como el Bar\u00e7a\u00bb.<\/p>\n<p>Pide hechos y no palabras a Laporta<\/p>\n<p class=\"ft-text\">Y sigui\u00f3: \u00abGritando y hablando no se defiende al club. Durante todo el mandato se ha ido de la mano de Florentino P\u00e9rez, y ese es el l\u00edo que denunciamos desde el primer d\u00eda. A los pocos meses de llegar a la presidencia, Joan Laporta tuvo que tomar una decisi\u00f3n clave: renovar al mejor jugador de la historia o alinearse con la Superliga y con Florentino P\u00e9rez. <strong>Y ante esa disyuntiva, eligi\u00f3 a Florentino y la Superliga antes que la renovaci\u00f3n de Messi\u00bb.<\/strong><\/p>\n<p class=\"ft-text\">Font denunci\u00f3 que \u00abdesde entonces, el Bar\u00e7a ha ido de la mano de Florentino P\u00e9rez y ha recibido asesoramiento de personas de su m\u00e1xima confianza. Que ahora, a pocos meses de las elecciones, se adopte un discurso radicalmente distinto resulta inaceptable. Aqu\u00ed no se trata de gritar, se trata de actuar. Por eso reclamo y exijo que el FC Barcelona act\u00fae de verdad. El club debe denunciar a <strong>Real Madrid TV<\/strong> por la elaboraci\u00f3n y difusi\u00f3n de v\u00eddeos que acaban adulterando la competici\u00f3n\u00bb.<\/p>\n","protected":false},"excerpt":{"rendered":"V\u00edctor Font, ex candidato a la presidencia del Bar\u00e7a y precandidato ya confirmado para las pr\u00f3ximas elecciones, que&hellip;\n","protected":false},"author":2,"featured_media":295392,"comment_status":"","ping_status":"","sticky":false,"template":"","format":"standard","meta":{"footnotes":""},"categories":[268],"tags":[168,25,24,881,280,282,1737,3048,281,23,167,70496],"class_list":{"0":"post-295391","1":"post","2":"type-post","3":"status-publish","4":"format-standard","5":"has-post-thumbnail","7":"category-futbol","8":"tag-deportes","9":"tag-es","10":"tag-espana","11":"tag-fc-barcelona","12":"tag-football","13":"tag-futbol","14":"tag-laporta","15":"tag-real-madrid","16":"tag-soccer","17":"tag-spain","18":"tag-sports","19":"tag-victor-font"},"share_on_mastodon":{"url":"https:\/\/pubeurope.com\/@es\/115743711797747950","error":""},"_links":{"self":[{"href":"https:\/\/www.europesays.com\/es\/wp-json\/wp\/v2\/posts\/295391","targetHints":{"allow":["GET"]}}],"collection":[{"href":"https:\/\/www.europesays.com\/es\/wp-json\/wp\/v2\/posts"}],"about":[{"href":"https:\/\/www.europesays.com\/es\/wp-json\/wp\/v2\/types\/post"}],"author":[{"embeddable":true,"href":"https:\/\/www.europesays.com\/es\/wp-json\/wp\/v2\/users\/2"}],"replies":[{"embeddable":true,"href":"https:\/\/www.europesays.com\/es\/wp-json\/wp\/v2\/comments?post=295391"}],"version-history":[{"count":0,"href":"https:\/\/www.europesays.com\/es\/wp-json\/wp\/v2\/posts\/295391\/revisions"}],"wp:featuredmedia":[{"embeddable":true,"href":"https:\/\/www.europesays.com\/es\/wp-json\/wp\/v2\/media\/295392"}],"wp:attachment":[{"href":"https:\/\/www.europesays.com\/es\/wp-json\/wp\/v2\/media?parent=295391"}],"wp:term":[{"taxonomy":"category","embeddable":true,"href":"https:\/\/www.europesays.com\/es\/wp-json\/wp\/v2\/categories?post=295391"},{"taxonomy":"post_tag","embeddable":true,"href":"https:\/\/www.europesays.com\/es\/wp-json\/wp\/v2\/tags?post=295391"}],"curies":[{"name":"wp","href":"https:\/\/api.w.org\/{rel}","templated":true}]}}