{"id":295395,"date":"2025-12-19T01:50:26","date_gmt":"2025-12-19T01:50:26","guid":{"rendered":"https:\/\/www.europesays.com\/es\/295395\/"},"modified":"2025-12-19T01:50:26","modified_gmt":"2025-12-19T01:50:26","slug":"estos-arquitectos-han-ampliado-su-casa-estudio-en-las-afueras-de-madrid-con-un-pabellon-oculto-entre-los-arboles-de-su-jardin","status":"publish","type":"post","link":"https:\/\/www.europesays.com\/es\/295395\/","title":{"rendered":"Estos arquitectos han ampliado su casa-estudio en las afueras de Madrid con un pabell\u00f3n oculto entre los \u00e1rboles de su jard\u00edn"},"content":{"rendered":"<p data-journey-content=\"true\" data-node-id=\"2\" class=\"css-6wxqfj emevuu60\">La firma madrile\u00f1a <strong data-node-id=\"2.1\">Selgascano<\/strong>, fundada en 2007 por Jos\u00e9 Selgas y Luc\u00eda Cano, ha desarrollado una visi\u00f3n singular de la arquitectura contempor\u00e1nea: ligera, casi transparente y profundamente integrada en la naturaleza. Sus edificios apuestan por el color, las texturas y materiales cambiantes para enriquecer la experiencia del usuario, proponiendo nuevas formas de relaci\u00f3n con el entorno construido. <\/p>\n<p data-journey-content=\"true\" data-node-id=\"5\" class=\"css-6wxqfj emevuu60\">Entre sus obras m\u00e1s reconocidas figuran los auditorios de Cartagena y Plasencia, pero fue el encargo del pabell\u00f3n de la Serpentine Gallery, en 2015, lo que les consagr\u00f3 a nivel internacional. Este edificio temporal, construido en los jardines de Kensington, Londres, condensaba sus principales l\u00edneas de investigaci\u00f3n: estructuras livianas, soluciones no convencionales, uso expresivo del color y materiales con distintos grados de transparencia. <\/p>\n<p><img draggable=\"true\" alt=\"selgascano\" title=\"Selgascano\" loading=\"lazy\" width=\"3749\" height=\"2500\" decoding=\"async\" data-nimg=\"1\" style=\"color:transparent;width:100%;height:auto;\"   src=\"https:\/\/www.europesays.com\/es\/wp-content\/uploads\/2025\/12\/rp-ghecho-071025-40141-c2101-r2187835-692872d6627cd.jpg\" class=\"css-0 e1g79fud0\"\/>Ad Pablo Sarabia<\/p>\n<p>A pesar del acristalamiento completo y su ligereza material y visual la construcci\u00f3n se convierte en un espacio de intimidad y resguardo, una grieta por la que el bosque se cuela. <\/p>\n<p><img draggable=\"true\" alt=\"selgascano\" title=\"Selgascano\" loading=\"lazy\" width=\"2500\" height=\"3749\" decoding=\"async\" data-nimg=\"1\" style=\"color:transparent;width:100%;height:auto;\"   src=\"https:\/\/www.europesays.com\/es\/wp-content\/uploads\/2025\/12\/rp-ghecho-071025-40140-c2101-r2187836-692872d665791.jpg\" class=\"css-0 e1g79fud0\"\/>Ad Pablo Sarabia<\/p>\n<p><strong>Un patio central <\/strong>domina el espacio y establece la conexi\u00f3n directa entre el exterior y el interior. <\/p>\n<p><img draggable=\"true\" alt=\"selgascano\" title=\"Selgascano\" loading=\"lazy\" width=\"3749\" height=\"2500\" decoding=\"async\" data-nimg=\"1\" style=\"color:transparent;width:100%;height:auto;\"   src=\"https:\/\/www.europesays.com\/es\/wp-content\/uploads\/2025\/12\/rp-ghecho-071025-40143-c2101-r2187837-6928727559022.jpg\" class=\"css-0 e1g79fud0\"\/>Ad Pablo Sarabia<\/p>\n<p><strong>En el interior, <\/strong>los acabados cobran protagonismo. Un panelado de madera de pino natural, compuesto por piezas poligonales cortadas in situ, dialoga con un suelo continuo de hormig\u00f3n de acabado  m\u00e1s tosco. El sistema estructural, pintado en amarillo, solo se insin\u00faa tras los pa\u00f1os de cristal, reforzando ese delicado equilibrio entre ligereza visual y materialidad.<\/p>\n<p data-journey-content=\"true\" data-node-id=\"10\" class=\"css-6wxqfj emevuu60\"><strong data-node-id=\"10.0\">Su propia oficina<\/strong> constituye otro de sus proyectos m\u00e1s emblem\u00e1ticos. Ubicada en un bosque a las afueras de Madrid, se trata de un volumen semienterrado que apenas asoma entre los \u00e1rboles, con una cubierta curva y transl\u00facida que parece flotar sobre el paisaje. Este espacio, que ha dado la vuelta al mundo en revistas y exposiciones, representa su visi\u00f3n m\u00e1s personal de la arquitectura: una forma de habitar que se disuelve en el entorno sin imponerse a \u00e9l. <\/p>\n<p data-journey-content=\"true\" data-node-id=\"14\" class=\"css-6wxqfj emevuu60\">Casi dos d\u00e9cadas despu\u00e9s, el estudio vuelve a trabajar sobre el mismo lugar para construir <strong data-node-id=\"14.1\">una ampliaci\u00f3n,<\/strong> ocupando el \u00faltimo claro libre entre los \u00e1rboles. Concebido como \u201cuna especie de comod\u00edn\u201d, en palabras de sus autores, este nuevo pabell\u00f3n funciona como oficina, sala de reuniones, refugio y lugar de descanso. Es un espacio h\u00edbrido, abierto a m\u00faltiples usos y adaptable al ritmo de sus ocupantes. Su capacidad para dialogar con el paisaje sin romper su equilibrio resulta especialmente notable, y es que, aun estando intensamente conectado con la naturaleza, el edificio ofrece una atm\u00f3sfera \u00edntima y acogedora. <\/p>\n<p><img draggable=\"true\" alt=\"selgascano\" title=\"Selgascano\" loading=\"lazy\" width=\"2500\" height=\"3749\" decoding=\"async\" data-nimg=\"1\" style=\"color:transparent;width:100%;height:auto;\"   src=\"https:\/\/www.europesays.com\/es\/wp-content\/uploads\/2025\/12\/rp-ghecho-071025-40145-c2101-r2187840-692872756380a.jpg\" class=\"css-0 e1g79fud0\"\/>Ad Pablo Sarabia<\/p>\n<p> El mobiliario incorpora toques de color y acabados sutiles que, con cuidado, dialogan, contrastan o se funden con la arquitectura que las acoge.<\/p>\n<p><img draggable=\"true\" alt=\"selgascano\" title=\"Selgascano\" loading=\"lazy\" width=\"2500\" height=\"3749\" decoding=\"async\" data-nimg=\"1\" style=\"color:transparent;width:100%;height:auto;\"   src=\"https:\/\/www.europesays.com\/es\/wp-content\/uploads\/2025\/12\/rp-ghecho-071025-40142-c2101-r2187838-6928727531d9c.jpg\" class=\"css-0 e1g79fud0\"\/>Ad Pablo Sarabia<\/p>\n<p><strong>El mobiliario <\/strong>acompa\u00f1a a los elementos arquitect\u00f3nicos que articulan cada espacio -la cocina, los bancos corridos o las baldas- con piezas de dise\u00f1o discreto  pero preciso, procedentes de las \u00faltimas d\u00e9cadas del siglo XX hasta hoy.<\/p>\n<p><img draggable=\"true\" alt=\"selgascano\" title=\"Selgascano\" loading=\"lazy\" width=\"2500\" height=\"3749\" decoding=\"async\" data-nimg=\"1\" style=\"color:transparent;width:100%;height:auto;\"   src=\"https:\/\/www.europesays.com\/es\/wp-content\/uploads\/2025\/12\/rp-ghecho-071025-40144-1-c2101-r2187839-6928727549099.jpg\" class=\"css-0 e1g79fud0\"\/>Ad Pablo Sarabia<\/p>\n<p>Ba\u00f1o de la construcci\u00f3n.<\/p>\n<p data-journey-content=\"true\" data-node-id=\"19\" class=\"css-6wxqfj emevuu60\">Esta sensaci\u00f3n la consiguen combinando de forma muy acertada <strong data-node-id=\"19.1\">materiales c\u00e1lidos,<\/strong> como la madera; ligeros, como el vidrio y el espejo; y detalles en distintos colores. El resultado es un volumen que se funde con el entorno gracias a los reflejos y texturas del exterior. En el interior, lucernarios y ventanas altas mantienen siempre presente el bosque, incluso en los rincones m\u00e1s resguardados, mientras que un patio central aporta luz, amplitud e intimidad. <\/p>\n<p data-journey-content=\"true\" data-node-id=\"21\" class=\"css-6wxqfj emevuu60\">Los interiores se han proyectado en panelados de madera de pino natural, con distintos tratamientos, y una combinaci\u00f3n entre mobiliario de obra y<strong data-node-id=\"21.1\"> piezas de los a\u00f1os 70 <\/strong>a la actualidad. Una estufa sencilla, sin af\u00e1n de protagonismo, termina por construir esa identidad de refugio en la naturaleza y calidez del hogar. Un \u00e9xito m\u00e1s para esta arquitectura que celebra la luz y el paisaje; un fuerte compromiso con la libertad y lo org\u00e1nico, para una vida en constante evoluci\u00f3n. El resultado son proyectos que, sin perder su sofisticaci\u00f3n t\u00e9cnica y experimentaci\u00f3n formal, logran una po\u00e9tica cercana, accesible y emocional. <\/p>\n<p data-journey-content=\"true\" data-node-id=\"23\" class=\"css-6wxqfj emevuu60\"><strong data-node-id=\"23.0\"><a href=\"http:\/\/www.selgascano.net\/\" target=\"_blank\" rel=\"nofollow noopener\" data-vars-ga-outbound-link=\"http:\/\/www.selgascano.net\/\" data-vars-ga-ux-element=\"Hyperlink\" data-vars-ga-call-to-action=\"www.selgascano.net\" data-node-id=\"23.0.0.0\" class=\"body-link css-15fjk10 emevuu60\">www.selgascano.net<\/a> <\/strong><\/p>\n","protected":false},"excerpt":{"rendered":"La firma madrile\u00f1a Selgascano, fundada en 2007 por Jos\u00e9 Selgas y Luc\u00eda Cano, ha desarrollado una visi\u00f3n singular&hellip;\n","protected":false},"author":2,"featured_media":295396,"comment_status":"","ping_status":"","sticky":false,"template":"","format":"standard","meta":{"footnotes":""},"categories":[173],"tags":[229,233,231,230,232,234,146,147,25,24,12719,23],"class_list":{"0":"post-295395","1":"post","2":"type-post","3":"status-publish","4":"format-standard","5":"has-post-thumbnail","7":"category-arte-y-diseno","8":"tag-arte","9":"tag-arte-y-diseno","10":"tag-arts","11":"tag-arts-and-design","12":"tag-design","13":"tag-diseno","14":"tag-entertainment","15":"tag-entretenimiento","16":"tag-es","17":"tag-espana","18":"tag-print","19":"tag-spain"},"share_on_mastodon":{"url":"https:\/\/pubeurope.com\/@es\/115743728032141014","error":""},"_links":{"self":[{"href":"https:\/\/www.europesays.com\/es\/wp-json\/wp\/v2\/posts\/295395","targetHints":{"allow":["GET"]}}],"collection":[{"href":"https:\/\/www.europesays.com\/es\/wp-json\/wp\/v2\/posts"}],"about":[{"href":"https:\/\/www.europesays.com\/es\/wp-json\/wp\/v2\/types\/post"}],"author":[{"embeddable":true,"href":"https:\/\/www.europesays.com\/es\/wp-json\/wp\/v2\/users\/2"}],"replies":[{"embeddable":true,"href":"https:\/\/www.europesays.com\/es\/wp-json\/wp\/v2\/comments?post=295395"}],"version-history":[{"count":0,"href":"https:\/\/www.europesays.com\/es\/wp-json\/wp\/v2\/posts\/295395\/revisions"}],"wp:featuredmedia":[{"embeddable":true,"href":"https:\/\/www.europesays.com\/es\/wp-json\/wp\/v2\/media\/295396"}],"wp:attachment":[{"href":"https:\/\/www.europesays.com\/es\/wp-json\/wp\/v2\/media?parent=295395"}],"wp:term":[{"taxonomy":"category","embeddable":true,"href":"https:\/\/www.europesays.com\/es\/wp-json\/wp\/v2\/categories?post=295395"},{"taxonomy":"post_tag","embeddable":true,"href":"https:\/\/www.europesays.com\/es\/wp-json\/wp\/v2\/tags?post=295395"}],"curies":[{"name":"wp","href":"https:\/\/api.w.org\/{rel}","templated":true}]}}