{"id":295411,"date":"2025-12-19T02:00:14","date_gmt":"2025-12-19T02:00:14","guid":{"rendered":"https:\/\/www.europesays.com\/es\/295411\/"},"modified":"2025-12-19T02:00:14","modified_gmt":"2025-12-19T02:00:14","slug":"lula-promete-vetar-proyecto-que-suaviza-penas-por-intento-de-golpe","status":"publish","type":"post","link":"https:\/\/www.europesays.com\/es\/295411\/","title":{"rendered":"Lula promete vetar proyecto que suaviza penas por intento de golpe"},"content":{"rendered":"<p>El presidente brasile\u00f1o Luiz In\u00e1cio Lula da Silva afirm\u00f3 este jueves (18) que vetar\u00e1 el proyecto de ley conocido como Ley de Dosimetr\u00eda, que disminuir\u00eda las penas de quienes fueron condenados por los disturbios antidemocr\u00e1ticos del 8 de enero de 2023 y por intentar un golpe de Estado.<img decoding=\"async\" src=\"https:\/\/www.europesays.com\/es\/wp-content\/uploads\/2025\/12\/1766109613_146_ebc.png\" style=\"width:1px; height:1px; display:inline;\"\/><img decoding=\"async\" src=\"https:\/\/www.europesays.com\/es\/wp-content\/uploads\/2025\/12\/1766109614_290_ebc.gif\" style=\"width:1px; height:1px; display:inline;\"\/><\/p>\n<p>\u00abLas personas que cometieron cr\u00edmenes contra la democracia brasile\u00f1a deber\u00e1n rendir cuentas. El juicio a\u00fan no ha terminado, hay personas siendo condenadas y ya se est\u00e1n decidiendo reducciones de penas. Quiero decirles que, con todo el respeto que tengo por el Congreso Nacional, en el momento en que llegue a mi escritorio, lo vetar\u00e9. No es un secreto para nadie\u00bb, dijo Lula.<\/p>\n<p>\u00abEl Congreso tiene derecho a actuar, yo tengo derecho a vetar, luego ellos tienen derecho a revocar mi veto o no. As\u00ed es el juego\u00bb, a\u00f1adi\u00f3 en una rueda de prensa en el Palacio de Planalto.<\/p>\n<p>El presidente tambi\u00e9n defendi\u00f3 la necesidad de \u00abconcluir este proceso\u00bb e investigar a los financiadores del golpe.<\/p>\n<p>\u00abDebemos tomarnos muy en serio lo que ocurri\u00f3 el 8 de enero de 2023. Hay quienes quieren que lo olvidemos, pero no podemos hacerlo. Si la democracia olvida su importancia para una naci\u00f3n, terminamos perdiendo el juego\u00bb, dijo.<\/p>\n<p>El mi\u00e9rcoles (17), en una votaci\u00f3n nominal, el Senado aprob\u00f3 el proyecto de ley con 48 votos a favor y 25 en contra. Ahora, el proyecto se remite al presidente para su aprobaci\u00f3n.<\/p>\n<p>El proyecto establece que los delitos de atentado contra el Estado Democr\u00e1tico de Derecho y golpe de Estado, cuando ocurren en el mismo contexto, deben recibir la pena m\u00e1s severa en vez de sumar ambas penas.<\/p>\n<p>El objetivo del proyecto es ajustar el c\u00e1lculo de las penas, calibrando las penas m\u00ednimas y m\u00e1ximas para cada tipo de delito y el m\u00e9todo general de c\u00e1lculo de las penas [de ah\u00ed el t\u00e9rmino \u00abdosimetr\u00eda\u00bb], adem\u00e1s de reducir el tiempo que los condenados deben cumplir en prisi\u00f3n antes de pasar a un r\u00e9gimen abierto.<\/p>\n<p>Los cambios podr\u00edan beneficiar al expresidente Jair Bolsonaro, as\u00ed como a militares condenados por su implicaci\u00f3n en la trama golpista.<\/p>\n<p>Este jueves, Lula recibi\u00f3 a periodistas en un desayuno en el Palacio de Planalto, seguido de una rueda de prensa.<\/p>\n","protected":false},"excerpt":{"rendered":"El presidente brasile\u00f1o Luiz In\u00e1cio Lula da Silva afirm\u00f3 este jueves (18) que vetar\u00e1 el proyecto de ley&hellip;\n","protected":false},"author":2,"featured_media":295412,"comment_status":"","ping_status":"","sticky":false,"template":"","format":"standard","meta":{"footnotes":""},"categories":[42],"tags":[17,18,13,14,11,61,62,63,64,19,20,9,10,15,16,12,21,22,65,66,67],"class_list":{"0":"post-295411","1":"post","2":"type-post","3":"status-publish","4":"format-standard","5":"has-post-thumbnail","7":"category-internacional","8":"tag-breaking-news","9":"tag-breakingnews","10":"tag-featured-news","11":"tag-featurednews","12":"tag-headlines","13":"tag-internacional","14":"tag-international","15":"tag-international-news","16":"tag-internationalnews","17":"tag-latest-news","18":"tag-latestnews","19":"tag-news","20":"tag-noticias","21":"tag-noticias-destacadas","22":"tag-noticiasdestacadas","23":"tag-titulares","24":"tag-ultimas-noticias","25":"tag-ultimasnoticias","26":"tag-world","27":"tag-world-news","28":"tag-worldnews"},"share_on_mastodon":{"url":"https:\/\/pubeurope.com\/@es\/115743767341299609","error":""},"_links":{"self":[{"href":"https:\/\/www.europesays.com\/es\/wp-json\/wp\/v2\/posts\/295411","targetHints":{"allow":["GET"]}}],"collection":[{"href":"https:\/\/www.europesays.com\/es\/wp-json\/wp\/v2\/posts"}],"about":[{"href":"https:\/\/www.europesays.com\/es\/wp-json\/wp\/v2\/types\/post"}],"author":[{"embeddable":true,"href":"https:\/\/www.europesays.com\/es\/wp-json\/wp\/v2\/users\/2"}],"replies":[{"embeddable":true,"href":"https:\/\/www.europesays.com\/es\/wp-json\/wp\/v2\/comments?post=295411"}],"version-history":[{"count":0,"href":"https:\/\/www.europesays.com\/es\/wp-json\/wp\/v2\/posts\/295411\/revisions"}],"wp:featuredmedia":[{"embeddable":true,"href":"https:\/\/www.europesays.com\/es\/wp-json\/wp\/v2\/media\/295412"}],"wp:attachment":[{"href":"https:\/\/www.europesays.com\/es\/wp-json\/wp\/v2\/media?parent=295411"}],"wp:term":[{"taxonomy":"category","embeddable":true,"href":"https:\/\/www.europesays.com\/es\/wp-json\/wp\/v2\/categories?post=295411"},{"taxonomy":"post_tag","embeddable":true,"href":"https:\/\/www.europesays.com\/es\/wp-json\/wp\/v2\/tags?post=295411"}],"curies":[{"name":"wp","href":"https:\/\/api.w.org\/{rel}","templated":true}]}}